{"id":120513,"date":"2024-04-06T07:42:29","date_gmt":"2024-04-06T05:42:29","guid":{"rendered":"https:\/\/www.slatina.hr\/portal\/?p=120513"},"modified":"2024-04-06T07:42:29","modified_gmt":"2024-04-06T05:42:29","slug":"odrzana-16-sjednica-gradskog-vijeca-grada-slatine-2","status":"publish","type":"post","link":"https:\/\/www.slatina.hr\/portal\/odrzana-16-sjednica-gradskog-vijeca-grada-slatine-2\/","title":{"rendered":"Odr\u017eana 16. sjednica Gradskog vije\u0107a Grada Slatine"},"content":{"rendered":"<p>Ju\u010der je u gradskoj vije\u0107nici u zgradi Hrvatskog doma u Slatini odr\u017eana 16. sjednica Gradskog vije\u0107a kojoj se pod predsjedanjem predsjednika istoga Tome Tomi\u0107a odazvalo 11, odnosno 9 vije\u0107nika koliko ih je ostalo do kraja sjednice, a uz koje su istoj prisustvovali zamjenik gradona\u010delnika koji obna\u0161a du\u017enost gradona\u010delnika Ilija Nikoli\u0107, privremeni gradski pro\u010delnici Marin Kokori\u0107 i Krunoslav \u0160arabok, djelatnici Gradske uprave, predstavnici gradskih tvrtki i institucija te ostali zainteresirani gra\u0111ani.<\/p>\n<p>Nakon usvajanja predlo\u017eenog dnevnog reda od ukupno 14 to\u010daka i izvje\u0161\u0107a koje je podnio zamjenik gradona\u010delnika koji obna\u0161a du\u017enost gradona\u010delnika Ilija Nikoli\u0107 o radu gradona\u010delnika i Gradske uprave u razdoblju od 16. studenog 2023. do 5. travnja 2024. godine, uslijedio je aktualni sat koji je potrajao puna tri sata s obzirom na ukupno 27 vije\u0107ni\u010dkih pitanja pristiglih iz klubova vije\u0107nika HDZ-HSLS i SDP- Fokus, a kroz koja se manje-vi\u0161e \u017eustra rasprava povela po pitanjima vezanima uz projekt aglomeracije, Dje\u010djeg vrti\u0107a Zeko Slatina, Turisti\u010dke zajednice Grada Slatine i gradskih ustanova u kojima posao ravnatelja obavljaju vr\u0161itelji du\u017enosti ravnatelja, a sukladno tome i koeficijentima za obra\u010dune pla\u0107a svih ravnatelja gradskih institucija.<br \/>\nVije\u0107nike je zanimalo i nekoliko informacija vezanih uz pojedine gradske projekte i infrastrukturna pitanja, skloni\u0161te \u017eivotinja, a izme\u0111u ostaloga ponovno se povela o rasprava o upravljanju i kori\u0161tenju dru\u0161tvenih domova u vlasni\u0161tvu Grada.<br \/>\nJedna od tema koja je izazvala podu\u017eu raspravu bila je gradska aplikacija iTransparentnost budu\u0107i da je vije\u0107nike zanimalo iz kojeg razloga ista vi\u0161e ne funkcionira. Predmet rasprave bile su i poduzetni\u010dke zone, nekoliko natje\u010daja za zapo\u0161ljavanje koje je raspisao Grad, potpore za poduzetnike koje su umjesto planiranih 574.000,00 eura ispla\u0107ene u iznosu od 64.000,00 eura, te naplata parkiranja u Slatini koja je jo\u0161 uvijek aktualna.<\/p>\n<p>Na tapeti vije\u0107nika na\u0161ao se i Slatinski informativni centar \u010diji im je direktor Robert Turkalj pojasnio razloge nemogu\u0107nosti prijava na razli\u010dite natje\u010daje kojima bi mogao unaprijediti uvjete rada, tehni\u010dku opremu i sli\u010dno. Razlog tomu je \u0161to je SIC trgova\u010dko dru\u0161tvu u trodijelnom vlasni\u0161tvu \u2013 Grada Slatine, DV Zeko i Pu\u010dkog otvorenog u\u010dili\u0161ta. Nakon iscrpnog poja\u0161njenja o radu i financiranju Radio Slatine koji je izlo\u017een tr\u017ei\u0161tu kako bi zaradio za pla\u0107e djelatnika i ostale tro\u0161kove, bez dostatnih sredstava za ure\u0111enje i opremanje kvalitetnog prostora za rad, zaklju\u010deno je kako bi se rje\u0161enje ovoga problema trebalo izna\u0107i na tematskom sastanku koji bi uklju\u010divao sve relevantne sudionike. Vije\u0107nici su izrazili i nezadovoljstvo \u0161to jo\u0161 uvijek nije ponovo pokrenut Slatinski petak s obzirom da je pisani trag jedino \u0161to ostaje za povijest, a za \u0161to odgovornim smatraju aktualnu gradsku vlast.<\/p>\n<p>Odgovore na ostala pitanja uz zamjenika gradona\u010delnika koji obna\u0161a du\u017enost gradona\u010delnika Iliju Nikoli\u0107a ponudili su privremeni pro\u010delnici Marin Kokori\u0107 i Krunoslav \u0160arabok, te direktori gradskih tvrtki, Komrada Mato Mili\u010di\u0107 i Slatina koma Sanjin Hmelik.<\/p>\n<p>U drugom dijelu sjednice razmotrena su i jednoglasno prihva\u0107ena izvje\u0161\u0107a o radu nekoliko gradskih institucija u 2023. godini, a uvodna izlaganja o radu istih iznijeli su v.d. ravnatelja Gradske razvojne agencije Slatine Jurica Culej, ravnateljica Gradske knji\u017enice i \u010ditaonice Slatina Sanja Pajni\u0107, v.d. zapovjednika Javne vatrogasne postrojbe Grada Slatine Tomislav Uher i ravnateljica Pu\u010dkog otvorenog u\u010dili\u0161ta Slatina Danijela Fabric Fabijanac.<\/p>\n<p>Sve su ostale odluke jednoglasno usvojene osim Odluke o odabiru pravne osobe s kojom \u0107e se zaklju\u010diti ugovor o obavljanju sustavne preventivne deratizacije na podru\u010dju Grada Slatine za 2024. godinu koja je prihva\u0107ena sa sedam glasova za i dva suzdr\u017eana.<\/p>\n<p>Tako su gradski vije\u0107nici razmotrili i donijeli odluke o davanju suglasnosti na provedbu ulaganja na podru\u010dju Grada Slatine za projekt \u201cRekonstrukcija nerazvrstane ceste u Ulici Matije Gupca u Sladojevcima\u201d, o dono\u0161enju Plana upravljanja nekretninama Grada Slatine za 2024. godinu, o prihva\u0107anju Izvje\u0161\u0107a o izvr\u0161enju plana djelovanja u podru\u010dju prirodnih nepogoda za 2023. godinu, te o dono\u0161enju Lokalnog programa za mlade Grada Slatine 2024. \u2013 2027.<\/p>\n<p>Gradski su vije\u0107nici donijeli i Odluku o dono\u0161enju Programa mjera poticanja razvoja malog i srednjeg poduzetni\u0161tva na podru\u010dju Grada Slatine za 2024. godinu, ali uz amandman koji su ulo\u017eili oporbeni vije\u0107nici, a nakon kra\u0107e rasprave prihvatio zamjenik gradona\u010delnika koji obna\u0161a du\u017enost gradona\u010delnika Ilija Nikoli\u0107. Amandmanom su predlo\u017eene promjene u \u010dlanku 13 koji ka\u017ee: \u201eSredstva za provedbu mjera iz ovoga Programa osiguravaju se iz Prora\u010duna Grada Slatine. Na\u010din provedbe Programa za pojedine mjere utvr\u0111uje gradona\u010delnik svojim aktom.\u201c, te da se bri\u0161e re\u010denica \u201eNa\u010din provedbe programa za pojedine mjere utvr\u0111uje gradona\u010delnik svojim aktom.\u201c<\/p>\n<p>Isto tako u \u010dlanku 14 koji ka\u017ee \u201eProvedba mjera iz Programa koje predstavljaju potporu male vrijednosti za provedbu mjera iz ovoga Programa koje sukladno Zakonu predstavljaju potpore male vrijednosti gradona\u010delnik raspisuje Javni poziv. Javni poziv se objavljuje na slu\u017ebenoj stranici Grada Slatine. Javni poziv iz stavka 2 ovog \u010dlanka otvoren je za podno\u0161enje prijava do iskori\u0161tenja sredstava iz ovog Programa, odnosno najkasnije do datuma utvr\u0111enog Javnim pozivom, a razdoblje prihvatljivosti tro\u0161kova po\u010dinje od 1. sije\u010dnja 2024. godine.\u201c, predlo\u017eeno je da razdoblje prihvatljivosti tro\u0161kova po\u010dinje od 1. sije\u010dnja 2023. godine.<\/p>\n<p>Pod posljednjom to\u010dkom dnevnog reda isto tako prihva\u0107en je prijedlog vije\u0107nika Igora Fazeka\u0161a iz Kluba vije\u0107nika HDZ-HSLS, da se pripremi Odluka o dodjeli mjese\u010dne potpore za udomiteljske obitelji u iznosu od 132,00 eura, te se uvrsti u rebalans prora\u010duna. Na podru\u010dju grada Slatine trenuta\u010dno je 8 udomiteljskih obitelji koje se skrbe o ukupno 30-ero djece.<\/p>\n<p>16. sjednicu slatinskog Gradskog vije\u0107a, kao i sve do sada, u izravnom prijenosu mogli su pratiti slu\u0161atelji Radio Slatine.<\/p>\n<p>(www.radioslatina.hr)<\/p>\nngg_shortcode_0_placeholder\n","protected":false},"excerpt":{"rendered":"<p>Ju\u010der je u gradskoj vije\u0107nici u zgradi Hrvatskog doma u Slatini odr\u017eana 16. sjednica Gradskog vije\u0107a kojoj se pod predsjedanjem predsjednika istoga Tome Tomi\u0107a odazvalo<span class=\"excerpt-hellip\"> [\u2026]<\/span><\/p>\n","protected":false},"author":5,"featured_media":120535,"comment_status":"closed","ping_status":"closed","sticky":false,"template":"","format":"standard","meta":{"ngg_post_thumbnail":0,"footnotes":""},"categories":[137,136,11],"tags":[],"class_list":["post-120513","post","type-post","status-publish","format-standard","has-post-thumbnail","hentry","category-naslovnica","category-grad-slatina","category-gradskovijece"],"_links":{"self":[{"href":"https:\/\/www.slatina.hr\/portal\/wp-json\/wp\/v2\/posts\/120513","targetHints":{"allow":["GET"]}}],"collection":[{"href":"https:\/\/www.slatina.hr\/portal\/wp-json\/wp\/v2\/posts"}],"about":[{"href":"https:\/\/www.slatina.hr\/portal\/wp-json\/wp\/v2\/types\/post"}],"author":[{"embeddable":true,"href":"https:\/\/www.slatina.hr\/portal\/wp-json\/wp\/v2\/users\/5"}],"replies":[{"embeddable":true,"href":"https:\/\/www.slatina.hr\/portal\/wp-json\/wp\/v2\/comments?post=120513"}],"version-history":[{"count":1,"href":"https:\/\/www.slatina.hr\/portal\/wp-json\/wp\/v2\/posts\/120513\/revisions"}],"predecessor-version":[{"id":120536,"href":"https:\/\/www.slatina.hr\/portal\/wp-json\/wp\/v2\/posts\/120513\/revisions\/120536"}],"wp:featuredmedia":[{"embeddable":true,"href":"https:\/\/www.slatina.hr\/portal\/wp-json\/wp\/v2\/media\/120535"}],"wp:attachment":[{"href":"https:\/\/www.slatina.hr\/portal\/wp-json\/wp\/v2\/media?parent=120513"}],"wp:term":[{"taxonomy":"category","embeddable":true,"href":"https:\/\/www.slatina.hr\/portal\/wp-json\/wp\/v2\/categories?post=120513"},{"taxonomy":"post_tag","embeddable":true,"href":"https:\/\/www.slatina.hr\/portal\/wp-json\/wp\/v2\/tags?post=120513"}],"curies":[{"name":"wp","href":"https:\/\/api.w.org\/{rel}","templated":true}]}}