{"id":120496,"date":"2024-04-05T23:33:45","date_gmt":"2024-04-05T21:33:45","guid":{"rendered":"https:\/\/www.slatina.hr\/portal\/?p=120496"},"modified":"2024-04-05T23:33:45","modified_gmt":"2024-04-05T21:33:45","slug":"potpisan-sporazum-o-nastavku-izgradnje-i-rekonstrukcije-sustava-vodoopskrbe-i-odvodnje-otpadnih-voda-u-sklopu-projekta-aglomeracije-slatina","status":"publish","type":"post","link":"https:\/\/www.slatina.hr\/portal\/potpisan-sporazum-o-nastavku-izgradnje-i-rekonstrukcije-sustava-vodoopskrbe-i-odvodnje-otpadnih-voda-u-sklopu-projekta-aglomeracije-slatina\/","title":{"rendered":"Potpisan Sporazum o nastavku izgradnje i rekonstrukcije sustava vodoopskrbe i odvodnje otpadnih voda u sklopu projekta Aglomeracije Slatina"},"content":{"rendered":"<p>Danas je u prostorijama tvrtke Komrad d.o.o. u Slatini potpisan Sporazum o nastavku izgradnje i rekonstrukcije sustava vodoopskrbe i odvodnje otpadnih voda u sklopu projekta \u201ePobolj\u0161anje vodno-komunalne infrastrukture Aglomeracije Slatina\u201c s odabranim izvo\u0111a\u010dem radova, tvrtkom Brana d.o.o. iz Virovitice.<\/p>\n<p>Sporazum su potpisali Slavko Rajnovi\u0107, direktor tvrtke Brana d.o.o. i Mato Mili\u010di\u0107, direktor tvrtke Komrad d.o.o., a potpisivanju Sporazuma prisustvovali su i \u017eupan Viroviti\u010dko-podravske \u017eupanije Igor Androvi\u0107, zamjenik gradona\u010delnika koji obna\u0161a du\u017enost gradona\u010delnika Grada Slatine Ilija Nikoli\u0107 u pratnji privremenog pro\u010delnika Upravnog odjela za razvoj Grada Marina Kokori\u0107a, predsjednik Gradskog vije\u0107a Grada Slatine Tomo Tomi\u0107, direktor VGO za Dunav i donju Dravu Hrvatskih voda \u017deljko Kova\u010devi\u0107 te predstavnici izvo\u0111a\u010da radova, upravljanja projektom i nadzora.<\/p>\n<p><a href=\"https:\/\/www.radioslatina.hr\/?attachment_id=333649\" rel=\"attachment wp-att-333649 noopener\" target=\"_blank\"><img loading=\"lazy\" decoding=\"async\" class=\"wp-image-333649 alignleft\" src=\"https:\/\/www.radioslatina.hr\/wp-content\/uploads\/2024\/04\/IMG_0815_1024x683.jpg\" sizes=\"auto, (max-width: 300px) 100vw, 300px\" srcset=\"https:\/\/www.radioslatina.hr\/wp-content\/uploads\/2024\/04\/IMG_0815_1024x683.jpg 1024w, https:\/\/www.radioslatina.hr\/wp-content\/uploads\/2024\/04\/IMG_0815_1024x683-768x512.jpg 768w\" alt=\"\" width=\"300\" height=\"200\"><\/a>\u2013 Potpisivanjem ovoga Sporazuma tvrtka Komrad d.o.o. kao nositelj projekta i Grad Slatina nastavljaju s izgradnjom nedostaju\u0107e i rekonstrukcijom postoje\u0107e vodoopskrbne mre\u017ee i mre\u017ee odvodnje, \u2013 istaknuo je direktor Komrada Mato Mili\u010di\u0107 te naglasio zadovoljstvo potpisivanjem Sporazuma.&nbsp;<\/p>\n<p>\u2013 Jako smo zadovoljni \u0161to mo\u017eemo ponovno pokrenuti radove na mre\u017ei koji su bili u zastoju i ovu aglomeraciju privesti kraju. Ovo je za Komrad zaista veliki dan, te se nadamo da \u0107e novi izvo\u0111a\u010d sve snage koje ima na raspolaganju staviti u funkciju i do kraja 2025. godine zavr\u0161iti ovu mre\u017eu na aglomeraciji Slatina, \u2013 zaklju\u010dio je Mili\u010di\u0107.<\/p>\n<p>Radovi u okviru ovog Sporazuma vrijedni su 29.779.948,57 EUR bez PDV-a.<br \/>\nU aglomeraciji Slatina izvest \u0107e se nastavak rekonstrukcije i sanacije kanala na postoje\u0107om mje\u0161ovitom sustavu u ukupnoj du\u017eini 4,3 km. Planirani novi sustav prema predlo\u017eenoj varijanti pored rekonstrukcije i sanacije predvi\u0111a izgradnju 57,6 km novih cjevovoda. Uz to se predvi\u0111aju 33 crpne stanice i 4 rasteretne gra\u0111evine (ki\u0161na preljeva). Pored ovih osnovnih gra\u0111evina grade se i prate\u0107e gra\u0111evine kao \u0161to su revizijska okna (na gravitacijskim kanalima), odnosno zasunska okna (na tla\u010dnim cjevovodima). Na vodoopskrbnom sustavu sanirat \u0107e se cjevovod u du\u017eini od 5,4 km te izgraditi novi cjevovod u du\u017eini od 6,7 km.<br \/>\nS obzirom na to da vodosprema \u201eSlatina\u201c ne osigurava potrebne koli\u010dine za vodoopskrbu stanovni\u0161tva, na \u010destici postoje\u0107e vodopspreme izgradit \u0107e se nova kapaciteta 1000 m3.<br \/>\nUkupno o\u010dekivano trajanje izvr\u0161enja radova u okviru ovog Sporazuma je do 31. prosinca 2025. godine.<\/p>\n<p>Projekt \u201ePobolj\u0161anje vodno-komunalne infrastrukture aglomeracije Slatina\u201c ukupno je vrijedan 59.765.729,59 eura, a sufinancira se sredstvima Europske unije u okviru Nacionalnog plana oporavka i otpornosti 2021.- 2026. Ukupni prihvatljivi tro\u0161kovi projekta su 47.812.583,67 eura, a bespovratna sredstva iznose 34.458.801,10 eura. Dodatno, projekt sufinanciraju i Ministarstvo gospodarstva i odr\u017eivog razvoja RH s 5.786.193,99 eura, Hrvatske vode s 5.786.193,99 eura, te Grad Slatina s 1.781.394,59 eura.<\/p>\n<p>Projekt obuhva\u0107a izgradnju i rekonstrukciju sustava vodoopskrbe i odvodnje te izgradnju ure\u0111aja za pro\u010di\u0161\u0107avanje otpadnih voda na podru\u010dje grada Slatine i okolnih naselja: Kozice, Markovo, Medinci, Novi Senkovac, Baki\u0107, Sladojevci i Lukavac. Realizacijom ovoga projekta omogu\u0107it \u0107e se priklju\u010divanje novih korisnika na sustav vodoopskrbe i odvodnje te smanjenje gubitaka u vodoopskrbnom sustavu.<\/p>\n<p><a href=\"https:\/\/www.radioslatina.hr\/?attachment_id=333650\" rel=\"attachment wp-att-333650 noopener\" target=\"_blank\"><img loading=\"lazy\" decoding=\"async\" class=\"wp-image-333650 alignright\" src=\"https:\/\/www.radioslatina.hr\/wp-content\/uploads\/2024\/04\/IMG_0839_1024x683.jpg\" sizes=\"auto, (max-width: 300px) 100vw, 300px\" srcset=\"https:\/\/www.radioslatina.hr\/wp-content\/uploads\/2024\/04\/IMG_0839_1024x683.jpg 1024w, https:\/\/www.radioslatina.hr\/wp-content\/uploads\/2024\/04\/IMG_0839_1024x683-768x512.jpg 768w\" alt=\"\" width=\"300\" height=\"200\"><\/a>Direktor tvrtke Brana d.o.o. Slavko Rajnovi\u0107 tako\u0111er je izrazio zadovoljstvo potpisanim Sporazumom.<\/p>\n<p>\u2013 Izra\u017eavam jedno veliko zadovoljstvo da smo u ovoj \u201eborbi\u201c u tom natje\u010daju ostvarili najpovoljniji rezultat. I sama cijena je u odnosu na ostale konkurentna, lokalna smo firma \u0161to je tako\u0111er vrlo zna\u010dajno. Imamo iskustva na aglomeracijama, od aglomeracije Virovitica, Pitoma\u010da, \u0110ur\u0111evac, Bjelovar, Koprivnica\u2026 dakle nije nam ovo prvi kontakt s radovima na aglomeracijama. Dosta smo iskusni, imamo kvalitetan in\u017eenjerski kadar i zaista \u0107emo poduzeti sve snage, svu energiju s na\u0161im podizvoditeljem da se taj rok, koji je vrlo kratak, i ostvari, naravno uz nu\u017enu suradnju svih sudionika da se taj posao odradi na zadovoljstvo svih, \u2013 rekao je Rajnovi\u0107.&nbsp;<\/p>\n<p><a href=\"https:\/\/www.radioslatina.hr\/?attachment_id=333651\" rel=\"attachment wp-att-333651 noopener\" target=\"_blank\"><img loading=\"lazy\" decoding=\"async\" class=\"wp-image-333651 alignleft\" src=\"https:\/\/www.radioslatina.hr\/wp-content\/uploads\/2024\/04\/IMG_0844_1024x683.jpg\" sizes=\"auto, (max-width: 299px) 100vw, 299px\" srcset=\"https:\/\/www.radioslatina.hr\/wp-content\/uploads\/2024\/04\/IMG_0844_1024x683.jpg 1024w, https:\/\/www.radioslatina.hr\/wp-content\/uploads\/2024\/04\/IMG_0844_1024x683-768x512.jpg 768w\" alt=\"\" width=\"299\" height=\"200\"><\/a>S nekoliko rije\u010di obratio se i direktor VGO za Dunav i donju Dravu Hrvatskih voda \u017deljko Kova\u010devi\u0107.<\/p>\n<p>\u2013 Zadovoljstvo je danas biti u Slatini i svjedo\u010diti potpisivanju ovoga ugovora jer svi znamo da je ovaj projekt u jednom trenutku zapao u dosta velike probleme i svi koji smo za ovim stolom smo izrazili jednu zabrinutost i danas smo sretni da smo ovaj projekt, ovu aglomeraciju opet uspjeli di\u0107i na noge i prakti\u010dno sa velikom sigurno\u0161\u0107u mo\u017eemo re\u0107i da \u0107e ona biti i zavr\u0161ena u planiranim rokovima, \u2013 istaknuo je Kova\u010devi\u0107 te se zahvalio Vladi RH i resornom ministarstvu koje je uspjelo izna\u0107i na\u010dina da ovu aglomeraciju prebaci na financiranje kroz Nacionalni program oporavka i otpornosti. Zahvalio se i doma\u0107inima Komradu, Viroviti\u010dko-podravskoj \u017eupaniji i Gradu Slatini na korektnoj suradnji.<\/p>\n<p>Zadovoljstvo potpisivanjem Sporazuma s novim izvo\u0111a\u010dem kojim se omogu\u0107ava nastavak radova&nbsp;<a href=\"https:\/\/www.radioslatina.hr\/?attachment_id=333653\" rel=\"attachment wp-att-333653 noopener\" target=\"_blank\"><img loading=\"lazy\" decoding=\"async\" class=\"wp-image-333653 alignright\" src=\"https:\/\/www.radioslatina.hr\/wp-content\/uploads\/2024\/04\/IMG_0854_1024x683-1.jpg\" sizes=\"auto, (max-width: 300px) 100vw, 300px\" srcset=\"https:\/\/www.radioslatina.hr\/wp-content\/uploads\/2024\/04\/IMG_0854_1024x683-1.jpg 1024w, https:\/\/www.radioslatina.hr\/wp-content\/uploads\/2024\/04\/IMG_0854_1024x683-1-768x512.jpg 768w\" alt=\"\" width=\"300\" height=\"200\"><\/a>na slatinskoj aglomeraciji pozdravili su zamjenik gradona\u010delnika koji obna\u0161a du\u017enost gradona\u010delnika Ilija Nikoli\u0107 i \u017eupan Viroviti\u010dko-podravske \u017eupanije Igor Androvi\u0107.<\/p>\n<p>\u2013 Idemo zavr\u0161iti ono \u0161to su Turci zapo\u010deli i prekinuli, premda smo bili svi skepti\u010dni, i gra\u0111ani grada Slatine kao i svi mi da li \u0107e se ta aglomeracija nastaviti ili ne\u0107e. Bilo je svakakvih pri\u010da, no ja sam zadovoljan i zahvaljujem se svima da smo izna\u0161li na\u010dina i mogu\u0107nosti financiranja da nastavimo tu aglomeraciju i da ju&nbsp;<a href=\"https:\/\/www.radioslatina.hr\/?attachment_id=333654\" rel=\"attachment wp-att-333654 noopener\" target=\"_blank\"><img loading=\"lazy\" decoding=\"async\" class=\"wp-image-333654 alignleft\" src=\"https:\/\/www.radioslatina.hr\/wp-content\/uploads\/2024\/04\/IMG_0859_1024x683.jpg\" sizes=\"auto, (max-width: 300px) 100vw, 300px\" srcset=\"https:\/\/www.radioslatina.hr\/wp-content\/uploads\/2024\/04\/IMG_0859_1024x683.jpg 1024w, https:\/\/www.radioslatina.hr\/wp-content\/uploads\/2024\/04\/IMG_0859_1024x683-768x512.jpg 768w\" alt=\"\" width=\"300\" height=\"200\"><\/a>zavr\u0161imo do kraja idu\u0107e godine, \u2013 istaknuo je Nikoli\u0107.<\/p>\n<p>\u2013 \u010cestitam potpisnicima \u0161to \u0107e raditi na ovom projektu i \u0161to \u0107e se ovaj projekt zavr\u0161iti na dobrobit svih gra\u0111ana grada Slatine i prigradskih naselja, rekao bih nekoliko tisu\u0107a stanovnika koji \u0107e se mo\u0107i priklju\u010diti na odvodnju. Drago mi je da je izvo\u0111a\u010d doma\u0107a tvrtka Brana koja ima iskustva u ovakvim poslovima ima puno referenci, \u2013 istaknuo je Androvi\u0107 naglasiv\u0161i kako je aglomeracija Slatina tre\u0107i po redu i najve\u0107i projekt aglomeracije na podru\u010dju na\u0161e \u017eupanije nakon Virovitice i Pitoma\u010de, a sva tri projekta su u vrijednosti vi\u0161e od 120 milijuna eura.<\/p>\n<p>(www.radioslatina.hr)<\/p>\nngg_shortcode_0_placeholder\n","protected":false},"excerpt":{"rendered":"<p>Danas je u prostorijama tvrtke Komrad d.o.o. u Slatini potpisan Sporazum o nastavku izgradnje i rekonstrukcije sustava vodoopskrbe i odvodnje otpadnih voda u sklopu projekta<span class=\"excerpt-hellip\"> [\u2026]<\/span><\/p>\n","protected":false},"author":5,"featured_media":120511,"comment_status":"closed","ping_status":"closed","sticky":false,"template":"","format":"standard","meta":{"ngg_post_thumbnail":0,"footnotes":""},"categories":[137,136],"tags":[],"class_list":["post-120496","post","type-post","status-publish","format-standard","has-post-thumbnail","hentry","category-naslovnica","category-grad-slatina"],"_links":{"self":[{"href":"https:\/\/www.slatina.hr\/portal\/wp-json\/wp\/v2\/posts\/120496","targetHints":{"allow":["GET"]}}],"collection":[{"href":"https:\/\/www.slatina.hr\/portal\/wp-json\/wp\/v2\/posts"}],"about":[{"href":"https:\/\/www.slatina.hr\/portal\/wp-json\/wp\/v2\/types\/post"}],"author":[{"embeddable":true,"href":"https:\/\/www.slatina.hr\/portal\/wp-json\/wp\/v2\/users\/5"}],"replies":[{"embeddable":true,"href":"https:\/\/www.slatina.hr\/portal\/wp-json\/wp\/v2\/comments?post=120496"}],"version-history":[{"count":1,"href":"https:\/\/www.slatina.hr\/portal\/wp-json\/wp\/v2\/posts\/120496\/revisions"}],"predecessor-version":[{"id":120512,"href":"https:\/\/www.slatina.hr\/portal\/wp-json\/wp\/v2\/posts\/120496\/revisions\/120512"}],"wp:featuredmedia":[{"embeddable":true,"href":"https:\/\/www.slatina.hr\/portal\/wp-json\/wp\/v2\/media\/120511"}],"wp:attachment":[{"href":"https:\/\/www.slatina.hr\/portal\/wp-json\/wp\/v2\/media?parent=120496"}],"wp:term":[{"taxonomy":"category","embeddable":true,"href":"https:\/\/www.slatina.hr\/portal\/wp-json\/wp\/v2\/categories?post=120496"},{"taxonomy":"post_tag","embeddable":true,"href":"https:\/\/www.slatina.hr\/portal\/wp-json\/wp\/v2\/tags?post=120496"}],"curies":[{"name":"wp","href":"https:\/\/api.w.org\/{rel}","templated":true}]}}