{"id":120487,"date":"2024-04-05T15:28:22","date_gmt":"2024-04-05T13:28:22","guid":{"rendered":"https:\/\/www.slatina.hr\/portal\/?p=120487"},"modified":"2024-04-05T15:28:22","modified_gmt":"2024-04-05T13:28:22","slug":"grad-slatina-prijavio-jedan-od-najvrjednijih-projekata-u-povijesti-projekt-zamisli-muzej-za-sve","status":"publish","type":"post","link":"https:\/\/www.slatina.hr\/portal\/grad-slatina-prijavio-jedan-od-najvrjednijih-projekata-u-povijesti-projekt-zamisli-muzej-za-sve\/","title":{"rendered":"Grad Slatina prijavio jedan od najvrjednijih projekata u povijesti, projekt \u201eZaMiSLi muzej za sve\u201c"},"content":{"rendered":"<p>Danas je Grad Slatina uz stru\u010dnu i savjetodavnu podr\u0161ku Gradske razvojne agencije Slatine prijavio projekt \u201eZaMiSLi muzej za sve\u201c ukupne vrijednosti 5.417.646,83 \u20ac.<\/p>\n<p>Projekt je prijavljen na natje\u010daj Ministarstva regionalnog razvoja i fondova Europske unije u sklopu Poziva za dostavu projektnih prijedloga \u201eObnova javne kulturne infrastrukture\u201c, a uz Grad Slatinu kao prijavitelja projekta, u svojstvu partnera projekta je Zavi\u010dajni muzej Slatina.<\/p>\n<p>Cilj projekta rekonstrukcije i opremanja Zavi\u010dajnog muzeja Slatina i aktivnosti u post projektnom razdoblju usmjeren je na ja\u010danje kapaciteta ranjivih skupina kao i stvaranje povoljnih uvjeta za njihovo aktivno konzumiranje postoje\u0107ih i novih kulturnih sadr\u017eaja u Zavi\u010dajnom muzeju Slatina i na razini \u0161ire lokalne zajednice.<br \/>\nProvedbom projekta Zavi\u010dajni muzej Slatina dobit \u0107e neophodne nove prostore i opremu u kojima \u0107e se provoditi aktivnosti usmjerene na ranjive skupine kojima \u0107e se kroz implementiranje inovativnih tehnologija omogu\u0107iti lak\u0161a konzumacija kulturnih sadr\u017eaja.<br \/>\nProjektom se \u017eeli potaknuti sudjelovanje ranjivih skupina u kulturnim aktivnostima koje \u0107e unaprijediti njihove kreativne vje\u0161tine i znanja, pove\u0107ati dru\u0161tvene interakcije, smanjiti osje\u0107aj izoliranosti te rezultirati ukupnim pobolj\u0161anjem kvalitete \u017eivota.<\/p>\n<p>Projektom je predvi\u0111ena rekonstrukcija neure\u0111enog dijela prizemlja i cijelog prvog kata postoje\u0107e zgrade \u2013 roh bau, unutar postoje\u0107ih gabarita. Naglasak pri rekonstrukciji zgrade je na unutarnjem ure\u0111enju, pobolj\u0161anju energetske u\u010dinkovitosti, rje\u0161avanju pristupa\u010dnosti osobama smanjene pokretljivosti te uskla\u0111enje s propisima iz podru\u010dja za\u0161tite od po\u017eara.<\/p>\n<p>Osnovna ideja novog stalnog postava je stavljanje fokusa na va\u017enost znanja kao generatora znanstvenog, kulturnog, gospodarskog i cjelokupnog napretka prostora Slatine i okolice. Prostor Starog kotara kao osnovna \u0161kola iz \u010dijih klupa su iza\u0161li knji\u017eevnici, umjetnici, tehni\u010dari, profesori, znanstvenici, radnici u proizvodnji i inovatori koji su svojim radom definirali prostor Slatine i njezine okolice kakav danas poznajemo. Cilj formiranja ove cjeline je afirmacija vremena 20. stolje\u0107a, ali ujedno i nagla\u0161avanje va\u017enosti znanja kao najve\u0107eg generatora cjelokupnog napretka i razvoja.<\/p>\n<p><a href=\"https:\/\/www.radioslatina.hr\/grad-slatina-prijavio-jedan-od-najvrjednijih-projekata-u-povijesti-projekt-zamisli-muzej-za-sve\/nikolic-foto-r-turkalj_1024x768\/\" rel=\"attachment wp-att-333577 noopener\" target=\"_blank\"><img loading=\"lazy\" decoding=\"async\" class=\"wp-image-333577 alignleft\" src=\"https:\/\/www.radioslatina.hr\/wp-content\/uploads\/2024\/04\/Nikolic-foto-R.-Turkalj_1024x768.jpg\" sizes=\"auto, (max-width: 300px) 100vw, 300px\" srcset=\"https:\/\/www.radioslatina.hr\/wp-content\/uploads\/2024\/04\/Nikolic-foto-R.-Turkalj_1024x768.jpg 1024w, https:\/\/www.radioslatina.hr\/wp-content\/uploads\/2024\/04\/Nikolic-foto-R.-Turkalj_1024x768-768x576.jpg 768w\" alt=\"\" width=\"300\" height=\"225\"><\/a>\u2013 Realizacijom projekta \u201eZaMiSLi muzej za sve\u201c rekonstruirat \u0107e se i opremiti zgrada Zavi\u010dajnog muzeja Slatina koja ve\u0107 godina vapi za obnovom. Grad Slatina provedbom projekta dobit \u0107e rekonstruiranu zgradu javne kulture koja \u0107e pridonijeti pobolj\u0161anju vizure u\u017eeg sredi\u0161ta grada. Osim toga smanjit \u0107e se re\u017eijski tro\u0161kovi te \u0107e se stanovnicima \u0161ireg podru\u010dja omogu\u0107iti aktivno sudjelovanje u kulturnim aktivnostima.<br \/>\nOvim putem zahvaljujem Gradskoj razvojnoj agenciji Slatine koja je u prvim sekundama mogu\u0107nosti prijava, poslala projektnu prijavu, a isto tako zahvaljujem i svim djelatnicima Grada Slatine i Zavi\u010dajnog muzeja Slatina na pripremi jednog od najvrjednijih projekta za Grad Slatinu, \u2013 istaknuo je zamjenik gradona\u010delnika koji obna\u0161a du\u017enost gradona\u010delnika Ilija Nikoli\u0107.<\/p>\n<p>(www.radioslatina.hr)<\/p>\nngg_shortcode_0_placeholder\n","protected":false},"excerpt":{"rendered":"<p>Danas je Grad Slatina uz stru\u010dnu i savjetodavnu podr\u0161ku Gradske razvojne agencije Slatine prijavio projekt \u201eZaMiSLi muzej za sve\u201c ukupne vrijednosti 5.417.646,83 \u20ac. Projekt je<span class=\"excerpt-hellip\"> [\u2026]<\/span><\/p>\n","protected":false},"author":5,"featured_media":120494,"comment_status":"closed","ping_status":"closed","sticky":false,"template":"","format":"standard","meta":{"ngg_post_thumbnail":0,"footnotes":""},"categories":[137,136],"tags":[],"class_list":["post-120487","post","type-post","status-publish","format-standard","has-post-thumbnail","hentry","category-naslovnica","category-grad-slatina"],"_links":{"self":[{"href":"https:\/\/www.slatina.hr\/portal\/wp-json\/wp\/v2\/posts\/120487","targetHints":{"allow":["GET"]}}],"collection":[{"href":"https:\/\/www.slatina.hr\/portal\/wp-json\/wp\/v2\/posts"}],"about":[{"href":"https:\/\/www.slatina.hr\/portal\/wp-json\/wp\/v2\/types\/post"}],"author":[{"embeddable":true,"href":"https:\/\/www.slatina.hr\/portal\/wp-json\/wp\/v2\/users\/5"}],"replies":[{"embeddable":true,"href":"https:\/\/www.slatina.hr\/portal\/wp-json\/wp\/v2\/comments?post=120487"}],"version-history":[{"count":1,"href":"https:\/\/www.slatina.hr\/portal\/wp-json\/wp\/v2\/posts\/120487\/revisions"}],"predecessor-version":[{"id":120495,"href":"https:\/\/www.slatina.hr\/portal\/wp-json\/wp\/v2\/posts\/120487\/revisions\/120495"}],"wp:featuredmedia":[{"embeddable":true,"href":"https:\/\/www.slatina.hr\/portal\/wp-json\/wp\/v2\/media\/120494"}],"wp:attachment":[{"href":"https:\/\/www.slatina.hr\/portal\/wp-json\/wp\/v2\/media?parent=120487"}],"wp:term":[{"taxonomy":"category","embeddable":true,"href":"https:\/\/www.slatina.hr\/portal\/wp-json\/wp\/v2\/categories?post=120487"},{"taxonomy":"post_tag","embeddable":true,"href":"https:\/\/www.slatina.hr\/portal\/wp-json\/wp\/v2\/tags?post=120487"}],"curies":[{"name":"wp","href":"https:\/\/api.w.org\/{rel}","templated":true}]}}