{"id":120414,"date":"2024-04-03T15:01:07","date_gmt":"2024-04-03T13:01:07","guid":{"rendered":"https:\/\/www.slatina.hr\/portal\/?p=120414"},"modified":"2024-04-03T15:01:07","modified_gmt":"2024-04-03T13:01:07","slug":"grad-slatina-potpisao-ugovor-za-poziv-zazeli-prevencija-institucionalizacije-vrijedan-1-039-50000-eura","status":"publish","type":"post","link":"https:\/\/www.slatina.hr\/portal\/grad-slatina-potpisao-ugovor-za-poziv-zazeli-prevencija-institucionalizacije-vrijedan-1-039-50000-eura\/","title":{"rendered":"Grad Slatina potpisao ugovor za poziv \u201cZa\u017eeli \u2013 prevencija institucionalizacije\u201d vrijedan 1.039.500,00 eura"},"content":{"rendered":"<p>Danas je u Domu udruge \u201eDudnjak\u201c u Vo\u0107inu odr\u017eano potpisivanje i sve\u010dano uru\u010divanje ugovora sufinanciranih iz Europskog socijalnog fonda plus u okviru Poziva \u201eZa\u017eeli-prevencija institucionalizacije\u201c na kojem je izme\u0111u ostalih nazo\u010dio i zamjenik gradona\u010delnika koji obna\u0161a du\u017enost gradona\u010delnika Grada Slatine Ilija Nikoli\u0107 u pratnji vi\u0161e stru\u010dne suradnice u Odsjeku za gospodarstvo pri Upravnom odjelu za razvoj Grada Marije Fumi\u0107.<\/p>\n<p>Ugovor za projekt Grada Slatine pod nazivom \u201eSlatino, za\u017eeli III!\u201c (SF.3.4.11.01.0382) potpisali su ministar Ministarstva rada, mirovinskoga sustava, obitelji i socijalne politike Marin Pileti\u0107 i ravnatelj Hrvatskog zavoda za zapo\u0161ljavanje, Ureda za financiranje i ugovaranje projekata Europske unije Ante Lon\u010dar, te zamjenik gradona\u010delnika koji obna\u0161a du\u017enost gradona\u010delnika Grada Slatine Ilija Nikoli\u0107.<\/p>\n<p>U sklopu spomenutog projekta \u010dija je ukupna vrijednost 1.039.500,00 eura Grad Slatina \u0107e osigurati zapo\u0161ljavanje 21 pru\u017eatelja usluga koji \u0107e pru\u017eati usluge potpore i podr\u0161ke u svakodnevnom \u017eivotu za 126 korisnika s podru\u010dja grada Slatine sukladno potrebama na terenu.<\/p>\n<p>Na dana\u0161njoj sve\u010danosti u Vo\u0107inu osim Gradu Slatini uru\u010deno je jo\u0161 17 ugovora u sklopu Poziva \u201eZa\u017eeli-prevencija institucionalizacije\u201c, a uru\u010dili su ih dr\u017eavni tajnik Ivan Vidi\u0161 u ime Ministarstva rada, mirovinskoga sustava, obitelji i socijalne politike, \u017eupan Viroviti\u010dko-podravske \u017eupanije Igor Androvi\u0107 i Domagoj Trupeljak u ime Hrvatskog zavoda za zapo\u0161ljavanje.<\/p>\n<p>Uz gradona\u010delnike i na\u010delnike, te predstavnike udruga i institucija s podru\u010dja Viroviti\u010dko-podravske \u017eupanije, odnosno potpisnike spomenutih ugovora sve\u010danosti su nazo\u010dili i saborski zastupnici Vesna Bedekovi\u0107 i Josip \u0110aki\u0107, te u ime doma\u0107ina na\u010delnik Op\u0107ine Vo\u0107in Predrag Fili\u0107.<\/p>\n<p>(www.radioslatina.hr)<\/p>\nngg_shortcode_0_placeholder\n","protected":false},"excerpt":{"rendered":"<p>Danas je u Domu udruge \u201eDudnjak\u201c u Vo\u0107inu odr\u017eano potpisivanje i sve\u010dano uru\u010divanje ugovora sufinanciranih iz Europskog socijalnog fonda plus u okviru Poziva \u201eZa\u017eeli-prevencija institucionalizacije\u201c<span class=\"excerpt-hellip\"> [\u2026]<\/span><\/p>\n","protected":false},"author":5,"featured_media":120458,"comment_status":"closed","ping_status":"closed","sticky":false,"template":"","format":"standard","meta":{"ngg_post_thumbnail":0,"footnotes":""},"categories":[137,136],"tags":[],"class_list":["post-120414","post","type-post","status-publish","format-standard","has-post-thumbnail","hentry","category-naslovnica","category-grad-slatina"],"_links":{"self":[{"href":"https:\/\/www.slatina.hr\/portal\/wp-json\/wp\/v2\/posts\/120414","targetHints":{"allow":["GET"]}}],"collection":[{"href":"https:\/\/www.slatina.hr\/portal\/wp-json\/wp\/v2\/posts"}],"about":[{"href":"https:\/\/www.slatina.hr\/portal\/wp-json\/wp\/v2\/types\/post"}],"author":[{"embeddable":true,"href":"https:\/\/www.slatina.hr\/portal\/wp-json\/wp\/v2\/users\/5"}],"replies":[{"embeddable":true,"href":"https:\/\/www.slatina.hr\/portal\/wp-json\/wp\/v2\/comments?post=120414"}],"version-history":[{"count":1,"href":"https:\/\/www.slatina.hr\/portal\/wp-json\/wp\/v2\/posts\/120414\/revisions"}],"predecessor-version":[{"id":120459,"href":"https:\/\/www.slatina.hr\/portal\/wp-json\/wp\/v2\/posts\/120414\/revisions\/120459"}],"wp:featuredmedia":[{"embeddable":true,"href":"https:\/\/www.slatina.hr\/portal\/wp-json\/wp\/v2\/media\/120458"}],"wp:attachment":[{"href":"https:\/\/www.slatina.hr\/portal\/wp-json\/wp\/v2\/media?parent=120414"}],"wp:term":[{"taxonomy":"category","embeddable":true,"href":"https:\/\/www.slatina.hr\/portal\/wp-json\/wp\/v2\/categories?post=120414"},{"taxonomy":"post_tag","embeddable":true,"href":"https:\/\/www.slatina.hr\/portal\/wp-json\/wp\/v2\/tags?post=120414"}],"curies":[{"name":"wp","href":"https:\/\/api.w.org\/{rel}","templated":true}]}}