{"id":119613,"date":"2024-01-18T13:46:45","date_gmt":"2024-01-18T12:46:45","guid":{"rendered":"https:\/\/www.slatina.hr\/portal\/?p=119613"},"modified":"2024-01-18T13:46:45","modified_gmt":"2024-01-18T12:46:45","slug":"pripreme-za-nastup-grada-slatine-na-viroexpu-2024-u-punom-jeku","status":"publish","type":"post","link":"https:\/\/www.slatina.hr\/portal\/pripreme-za-nastup-grada-slatine-na-viroexpu-2024-u-punom-jeku\/","title":{"rendered":"Pripreme za nastup Grada Slatine na Viroexpu 2024. u punom jeku"},"content":{"rendered":"<p>Danas je u slatinskoj Gradskoj vije\u0107nici odr\u017ean drugi radni sastanak vezan za organizaciju nastupa Grada Slatine na Viroexpu 2024.<\/p>\n<p>Budu\u0107i da je 27. me\u0111unarodni sajam gospodarstva, obrtni\u0161tva i poljoprivrede Viroexpo 2024. tako re\u0107i pred vratima jer \u0107e se odr\u017eavati od 16. do 18. velja\u010de u Virovitici, pripreme su u punom jeku.<\/p>\n<p>Grad Slatina \u0107e se i na ovogodi\u0161njem Viroexpu predstaviti zajedni\u010dkim nastupom s Gradskom razvojnom agencijom Slatine, Slatinskim informativnim centrom, odnosno Radio Slatinom, te Posjetiteljsko-interpretacijskim centrom EPIcentar Sequoia Slatina.<\/p>\n<p>Na radnom sastanku su uz zamjenika gradona\u010delnika koji obna\u0161a du\u017enost gradona\u010delnika Iliju Nikoli\u0107a i privremenog pro\u010delnika Upravnog odjela za razvoj Grada Marina Kokori\u0107a, prisustvovali direktor SIC-a Robert Turkalj sa suradnicima i voditeljica EPIcentra Sequoia Snje\u017eana \u017dilavi sa suradnicima, te vi\u0161i savjetnik za gospodarstvo i projekte pri Upravnom odjelu za razvoj Grada Jurica Culej koji je tom prigodom prezentirao koncept zajedni\u010dkog nastupa imena \u201eInvest in Slatina\u201c kojim se planira privu\u0107i pozornost \u0161to ve\u0107eg broja posjetitelja sajma.<\/p>\n<p>Cilj predstavljanja je stvaranje povoljnog poduzetni\u010dkog okru\u017eenja za djelovanje poduzetnika, razvijanje pozitivne poduzetni\u010dke klime, osiguranje preduvjeta za razvoj poduzetni\u010dkih sposobnosti te ja\u010danje konkurentnog nastupa poduzetnika na tr\u017ei\u0161tu. Isto tako jedan od va\u017enijih ciljeva nastupa Grada Slatine i spomenutih institucija na sajmu je promocija malih i srednjih poduzetnika ali i poticanje investicija u poduzetni\u010dke zone i druge gra\u0111evinske zone na podru\u010dju grada Slatine.<\/p>\n<p>Na tom tragu predstavnici Grada Slatine i GRAS-a na ovogodi\u0161njem \u0107e sajmu predstaviti slatinske poduzetni\u010dke zone, poticajne mjere Grada Slatine te sve ostale programe s mogu\u0107nostima financiranja kroz fondove Europske unije.<\/p>\n<p>Sve to popratit \u0107e Slatinski informativni centar koji \u0107e kroz svoj informativni program i izravna javljanja sa sajma omogu\u0107iti da najnovije informacije iz svijeta poduzetni\u0161tva do\u0111u do \u0161ire javnosti, \u0161to u svakom slu\u010daju otvara vrata za razmjenu iskustava, nove suradnje i razvoj poduzetni\u010dkih ideja.<br \/>\nUz predstavnike Grada, gradskih institucija i tvrtki, Radio Slatina predstavit \u0107e i pojedine izlaga\u010de na ovogodi\u0161njem sajmu, odnosno slatinske obrtnike i poduzetnike.<\/p>\n<p>Uz razvoj poduzetni\u0161tva bitan je segment svakoga kraja \u010duvanje kulturne i prirodne ba\u0161tine, te razvoj gospodarske grane vezane uz turizam. Tako \u0107e jedan djeli\u0107 turisti\u010dke ponude na\u0161ega grada na sajmu predstaviti EPIcentar Sequoia Slatina koji \u0107e prezentirati Posjetiteljsko-interpretacijski centar.<\/p>\n<p>Sajamski prostor Grada Slatine bit \u0107e otvoren brojnim gostima i posjetiteljima, a za vrhunsku atmosferu pobrinut \u0107e se tambura\u0161i.<\/p>\n<p>(www.radioslatina.hr)<\/p>\nngg_shortcode_0_placeholder\n","protected":false},"excerpt":{"rendered":"<p>Danas je u slatinskoj Gradskoj vije\u0107nici odr\u017ean drugi radni sastanak vezan za organizaciju nastupa Grada Slatine na Viroexpu 2024. Budu\u0107i da je 27. me\u0111unarodni sajam<span class=\"excerpt-hellip\"> [\u2026]<\/span><\/p>\n","protected":false},"author":5,"featured_media":119630,"comment_status":"closed","ping_status":"closed","sticky":false,"template":"","format":"standard","meta":{"ngg_post_thumbnail":0,"footnotes":""},"categories":[137,136],"tags":[],"class_list":["post-119613","post","type-post","status-publish","format-standard","has-post-thumbnail","hentry","category-naslovnica","category-grad-slatina"],"_links":{"self":[{"href":"https:\/\/www.slatina.hr\/portal\/wp-json\/wp\/v2\/posts\/119613","targetHints":{"allow":["GET"]}}],"collection":[{"href":"https:\/\/www.slatina.hr\/portal\/wp-json\/wp\/v2\/posts"}],"about":[{"href":"https:\/\/www.slatina.hr\/portal\/wp-json\/wp\/v2\/types\/post"}],"author":[{"embeddable":true,"href":"https:\/\/www.slatina.hr\/portal\/wp-json\/wp\/v2\/users\/5"}],"replies":[{"embeddable":true,"href":"https:\/\/www.slatina.hr\/portal\/wp-json\/wp\/v2\/comments?post=119613"}],"version-history":[{"count":1,"href":"https:\/\/www.slatina.hr\/portal\/wp-json\/wp\/v2\/posts\/119613\/revisions"}],"predecessor-version":[{"id":119631,"href":"https:\/\/www.slatina.hr\/portal\/wp-json\/wp\/v2\/posts\/119613\/revisions\/119631"}],"wp:featuredmedia":[{"embeddable":true,"href":"https:\/\/www.slatina.hr\/portal\/wp-json\/wp\/v2\/media\/119630"}],"wp:attachment":[{"href":"https:\/\/www.slatina.hr\/portal\/wp-json\/wp\/v2\/media?parent=119613"}],"wp:term":[{"taxonomy":"category","embeddable":true,"href":"https:\/\/www.slatina.hr\/portal\/wp-json\/wp\/v2\/categories?post=119613"},{"taxonomy":"post_tag","embeddable":true,"href":"https:\/\/www.slatina.hr\/portal\/wp-json\/wp\/v2\/tags?post=119613"}],"curies":[{"name":"wp","href":"https:\/\/api.w.org\/{rel}","templated":true}]}}