{"id":119218,"date":"2023-12-06T23:36:39","date_gmt":"2023-12-06T22:36:39","guid":{"rendered":"https:\/\/www.slatina.hr\/portal\/?p=119218"},"modified":"2023-12-06T23:36:39","modified_gmt":"2023-12-06T22:36:39","slug":"odrzana-konstituirajuca-sjednica-djecjeg-gradskog-vijeca","status":"publish","type":"post","link":"https:\/\/www.slatina.hr\/portal\/odrzana-konstituirajuca-sjednica-djecjeg-gradskog-vijeca\/","title":{"rendered":"Odr\u017eana konstituiraju\u0107a sjednica Dje\u010djeg gradskog vije\u0107a"},"content":{"rendered":"<p>U prostorijama Hrvatskog doma odr\u017eana je danas konstituiraju\u0107a sjednica Dje\u010djeg gradskog vije\u0107a u koje su izabrana 32 u\u010denika predstavnika razrednih odjela od 4.-8 razreda O\u0160 Josipa Kozarca i O\u0160 Eugena Kumi\u010di\u0107a.<\/p>\n<p>Radi se o drugom po redu izboru za Dje\u010dje gradsko vije\u0107e od 2017. godine kada je dje\u010djim gradona\u010delnikom progla\u0161en Noa Fazeka\u0161, a predsjednica Dje\u010djeg Gradskog vije\u0107a je bila An\u0111ela Va\u0161i\u010dek.<\/p>\n<p>Za novu dje\u010dju gradona\u010delnicu je izabrana Lara Jurki\u0107, u\u010denica 8.b razreda O\u0160 Eugena Kumi\u010di\u0107a Slatina, a predsjednik dje\u010djeg Gradskog vije\u0107a je Luka \u010corak, u\u010denik 8.a razred O\u0160 Josipa Kozaraca Slatina.<\/p>\n<p>Aktivnost provedbe Dje\u010djeg gradskog vije\u0107a omogu\u0107ava djeci ostvarivanje dje\u010djih prava te ih poti\u010de na aktivno sudjelovanje u \u017eivotu grada Slatine te slobodno izra\u017eavanje mi\u0161ljenja, izno\u0161enje prijedloga i sudjelovanje u procesu dono\u0161enja odluka kojima se podi\u017ee kvaliteta \u017eivota djece na slatinskom podru\u010dju.<\/p>\n<p>Prije nego su dje\u010dji gradski vije\u0107nici prionuli na glasanje i izbor svojih predstavnika, srda\u010dne pozdrave i \u010destitke uputila im je Koordinatorica Dje\u010djeg gradskog vije\u0107a Marija Fumi\u0107.<\/p>\n<p>\u2013 Drago mi je vidjeti da ste se odazvali provedbi ovih izbora i \u017eelim vam svima \u010destitati na izboru u dje\u010dje gradsko vije\u0107e. \u017delim se zahvaliti i pedagoginji O\u0160 Eugena Kumi\u010di\u0107a Nata\u0161i Valid\u017ei\u0107 te psihologinji Andrei Greguri\u0107 i pedagoginji Ani Perkovi\u0107 iz Osnovne \u0161kole Josipa Kozarca na suradnji pri provedbi ovih izbora.<\/p>\n<p>Prvi izbori provedeni su 2017. godine u koordinaciji tada\u0161njeg vodstva DND-a Slatina gdje su izabrani vije\u0107nici savjesno obavljali svoju vije\u0107ni\u010dku du\u017enost, veseli me \u0161to \u0107emo nastaviti provoditi ove programe s ciljem ja\u010danja demokratskih vrijednosti mla\u0111ih uzrasta te da se uspiju izboriti za svoje potrebe u na\u0161oj maloj lokalnoj zajednici. Svima \u017eelim sretan i uspje\u0161an mandat, \u2013 rije\u010di su koordinatorice Dje\u010djeg gradskog vije\u0107a Marije Fumi\u0107.<\/p>\n<p>Prigodne govore, u kojima su tako\u0111er mladim vije\u0107nicima \u010destitali na ovom va\u017enom izboru u njihovim \u017eivotima, ali i obe\u0107ali suradnju, pomo\u0107 i oslonac izrekli su, potom, zamjenik gradona\u010delnika koji obna\u0161a du\u017enost gradona\u010delnika Ilija Nikoli\u0107 i predsjednik Savjeta mladih Goran Kizivat.<\/p>\n<p>-Svima \u010destitam na izboru u ovo Gradsko vije\u0107e! Predsjedniku Dje\u010djeg gradskog vije\u0107a i naravno Dje\u010djoj gradona\u010delnici nudim suradnju preko va\u0161e koordinatorice Marije Fumi\u0107 i preko Savjeta mladih. Tu smo za sve va\u0161e potrebe!, rekao je Nikoli\u0107.<\/p>\n<p>Predsjednik Savjeta mladih Goran Kizivat tako\u0111er je svoj govor zapo\u010deo \u010destitkom i nastavio ga \u017eeljom za uspje\u0161an rad danas izabranih dje\u010djih predstavnika Grada Slatine te im poru\u010dio da za isti trebaju tra\u017eiti uzor u radu Gradskog vije\u0107a i Savjeta mladih Grada Slatine. Prenio im je tako\u0111er i \u010destitke predsjednika Gradskog vije\u0107a Tome Tomi\u0107a.<\/p>\n<p>Svim dje\u010djim gradskim vije\u0107nicima \u010destitala je i Ivana Strupar, predsjednica DND-a Slatina koja je svoj izostanak opravdala zbog bolesti.<\/p>\n<p><strong>&nbsp;<\/strong><strong>U Dje\u010dje gradsko vije\u0107e Grada Slatine izabrani su sljede\u0107i \u010dlanovi:<\/strong><\/p>\n<ol>\n<li>Lovro \u0160vamberger \u2013 4.a razred Osnovne \u0161kole Josipa Kozarca Slatina<\/li>\n<li>Anja Luka\u010devi\u0107 \u2013 4.b razred Osnovne \u0161kole Josipa Kozarca Slatina<\/li>\n<li>Jelena Kokori\u0107 \u2013 5.a razred Osnovne \u0161kole Josipa Kozarca Slatina<\/li>\n<li>Veronika Markovi\u0107 \u2013 5.b razred Osnovne \u0161kole Josipa Kozarca Slatina<\/li>\n<li>Gabriel Jakovi\u0107 \u2013 5.c razred Osnovna \u0161kola Josipa Kozaraca Slatina<\/li>\n<li>Leonardo Raki\u0107 \u2013 6.a razred Osnovna \u0161kola Josipa Kozaraca Slatina<\/li>\n<li>Lucija Nerali\u0107 \u2013 6.b razred Osnovna \u0161kola Josipa Kozaraca Slatina<\/li>\n<li>Fran Orban \u2013 6.c razred Osnovna \u0161kola Josipa Kozaraca Slatina<\/li>\n<li>Laura Martinovi\u0107 \u2013 6.d razred Osnovna \u0161kola Josipa Kozaraca Slatina<\/li>\n<li>Ante Rako\u0161 \u2013 7.a razred Osnovna \u0161kola Josipa Kozaraca Slatina<\/li>\n<li>Mihael Jakovi\u0107 \u2013 7.b razred Osnovna \u0161kola Josipa Kozaraca Slatina<\/li>\n<li>Katja Ko\u0161\u0107ak \u2013 7.c razred Osnovna \u0161kola Josipa Kozaraca Slatina<\/li>\n<li>Luka \u010corak \u2013 8.a razred Osnovna \u0161kola Josipa Kozaraca Slatina<\/li>\n<li>Ivan Jurlina \u2013 8.b razred Osnovna \u0161kola Josipa Kozaraca Slatina<\/li>\n<li>Jan Alfeldi \u2013 8.c razred Osnovna \u0161kola Josipa Kozaraca Slatina<\/li>\n<li>Nikol Bor\u0161i\u0107 \u2013 8.d razred Osnovna \u0161kola Josipa Kozaraca Slatina<\/li>\n<li>Marcel Re\u0161etar \u2013 4.a razred Osnovna \u0161kola Eugen Kumi\u010di\u0107 Slatina<\/li>\n<li>Jan Obre\u017e \u2013 4.b razred Osnovna \u0161kola Eugen Kumi\u010di\u0107 Slatina<\/li>\n<li>Nana Ama Lazi\u0107 \u2013 4.c razred Osnovna \u0161kola Eugen Kumi\u010di\u0107 Slatina<\/li>\n<li>Ivano \u017dunec \u2013 5.a razred Osnovna \u0161kola Eugen Kumi\u010di\u0107 Slatina<\/li>\n<li>Ema Ivi\u0107 \u2013 5. b razred Osnovna \u0161kola Eugen Kumi\u010di\u0107 Slatina<\/li>\n<li>Roko Mrva \u2013 5. c razred Osnovna \u0161kola Eugen Kumi\u010di\u0107 Slatina<\/li>\n<li>Josip Javorovi\u0107 \u2013 6.a razred Osnovna \u0161kola Eugen Kumi\u010di\u0107 Slatina<\/li>\n<li>Luka \u0160omo\u0111i \u2013 6.b razred Osnovna \u0161kola Eugen Kumi\u010di\u0107 Slatina<\/li>\n<li>Lara Juki\u0107 \u2013 6.c razred Osnovna \u0161kola Eugen Kumi\u010di\u0107 Slatina<\/li>\n<li>Fran Bo\u0161njak \u2013 7.a razred Osnovna \u0161kola Eugen Kumi\u010di\u0107 Slatina<\/li>\n<li>Gabrijela Pavlovi\u0107 \u2013 7.b razred Osnovna \u0161kola Eugen Kumi\u010di\u0107 Slatina<\/li>\n<li>Larisa Simi\u0107 \u2013 7.c razred Osnovna \u0161kola Eugen Kumi\u010di\u0107 Slatina<\/li>\n<li>Andrijana Koli\u0107 \u2013 8.a razred Osnovna \u0161kola Eugen Kumi\u010di\u0107 Slatina<\/li>\n<li>Lara Jurki\u0107 \u2013 8.b razred Osnovna \u0161kola Eugen Kumi\u010di\u0107 Slatina<\/li>\n<li>Leon Poje \u2013 8.c razred Osnovna \u0161kola Eugen Kumi\u010di\u0107 Slatina<\/li>\n<li>Lara Vilk \u2013 8.d razred Osnovna \u0161kola Eugen Kumi\u010di\u0107 Slatina<\/li>\n<\/ol>\n<p>Mandat \u010dlanova Dje\u010djeg gradskog vije\u0107a Grada Slatine traje dvije godine.<\/p>\n<p>(Tekst i Foto: Tea Ki\u0161 Sla\u010danac)<\/p>\nngg_shortcode_0_placeholder\n","protected":false},"excerpt":{"rendered":"<p>U prostorijama Hrvatskog doma odr\u017eana je danas konstituiraju\u0107a sjednica Dje\u010djeg gradskog vije\u0107a u koje su izabrana 32 u\u010denika predstavnika razrednih odjela od 4.-8 razreda O\u0160<span class=\"excerpt-hellip\"> [\u2026]<\/span><\/p>\n","protected":false},"author":5,"featured_media":119249,"comment_status":"closed","ping_status":"closed","sticky":false,"template":"","format":"standard","meta":{"ngg_post_thumbnail":0,"footnotes":""},"categories":[137,157,136],"tags":[],"class_list":["post-119218","post","type-post","status-publish","format-standard","has-post-thumbnail","hentry","category-naslovnica","category-djecjegradskovijeceobavijestiiaktivnosti","category-grad-slatina"],"_links":{"self":[{"href":"https:\/\/www.slatina.hr\/portal\/wp-json\/wp\/v2\/posts\/119218","targetHints":{"allow":["GET"]}}],"collection":[{"href":"https:\/\/www.slatina.hr\/portal\/wp-json\/wp\/v2\/posts"}],"about":[{"href":"https:\/\/www.slatina.hr\/portal\/wp-json\/wp\/v2\/types\/post"}],"author":[{"embeddable":true,"href":"https:\/\/www.slatina.hr\/portal\/wp-json\/wp\/v2\/users\/5"}],"replies":[{"embeddable":true,"href":"https:\/\/www.slatina.hr\/portal\/wp-json\/wp\/v2\/comments?post=119218"}],"version-history":[{"count":1,"href":"https:\/\/www.slatina.hr\/portal\/wp-json\/wp\/v2\/posts\/119218\/revisions"}],"predecessor-version":[{"id":119250,"href":"https:\/\/www.slatina.hr\/portal\/wp-json\/wp\/v2\/posts\/119218\/revisions\/119250"}],"wp:featuredmedia":[{"embeddable":true,"href":"https:\/\/www.slatina.hr\/portal\/wp-json\/wp\/v2\/media\/119249"}],"wp:attachment":[{"href":"https:\/\/www.slatina.hr\/portal\/wp-json\/wp\/v2\/media?parent=119218"}],"wp:term":[{"taxonomy":"category","embeddable":true,"href":"https:\/\/www.slatina.hr\/portal\/wp-json\/wp\/v2\/categories?post=119218"},{"taxonomy":"post_tag","embeddable":true,"href":"https:\/\/www.slatina.hr\/portal\/wp-json\/wp\/v2\/tags?post=119218"}],"curies":[{"name":"wp","href":"https:\/\/api.w.org\/{rel}","templated":true}]}}