{"id":118984,"date":"2023-11-17T23:26:15","date_gmt":"2023-11-17T22:26:15","guid":{"rendered":"https:\/\/www.slatina.hr\/portal\/?p=118984"},"modified":"2023-11-17T23:26:15","modified_gmt":"2023-11-17T22:26:15","slug":"slatincani-obiljezili-dan-sjecanja-na-herojski-grad-vukovar-i-skabrnju-4","status":"publish","type":"post","link":"https:\/\/www.slatina.hr\/portal\/slatincani-obiljezili-dan-sjecanja-na-herojski-grad-vukovar-i-skabrnju-4\/","title":{"rendered":"Slatin\u010dani obilje\u017eili Dan sje\u0107anja na herojski grad Vukovar i \u0160kabrnju"},"content":{"rendered":"<p>Dan sje\u0107anja na \u017ertve Domovinskog rata i Dan sje\u0107anja na \u017ertvu Vukovara i \u0160kabrnje i ove se godine u Slatini obilje\u017eava vi\u0161ednevnim programom u organizaciji Grada Slatine, a u program obilje\u017eavanja uklju\u010dili su se Pu\u010dko otvoreno u\u010dili\u0161te Slatina, slatinske osnovne i srednje \u0161kole te navija\u010dke skupine grada Slatine.<\/p>\n<p>Program je zapo\u010deo danas (petak) s po\u010detkom u 17:45 sati odavanjem po\u010dasti svim \u017ertvama Vukovara i \u0160kabrnje, poginulim hrvatskim braniteljima i nevinim \u017ertvama Domovinskog rata paljenjem lampiona i molitvom ispred Kri\u017ea u Parku 136. slatinske brigade.<\/p>\n<p>Tako je Slatina u prigodi 32. tu\u017ene obljetnice ve\u010deras ponovno pokazala jedinstvo te se dostojanstveno i s pijetetom prisjetila svih \u017ertava Domovinskog rata kao i prija\u0161njih godina.<\/p>\n<p>Upaljene lampione ispred Kri\u017ea postavljenog u Parku 136. slatinske brigade u spomen na dva tisu\u0107lje\u0107a kr\u0161\u0107anstva, polo\u017eili su predstavnici braniteljskih i stradalni\u010dkih udruga proisteklih iz Domovinskog rata predvo\u0111eni predsjednikom Udruge roditelja poginulih branitelja Slatina-Orahovica Tomom Grahovcem, predstavnici Grada Slatine i slatinski gradski vije\u0107nici predvo\u0111eni obna\u0161ateljem du\u017enosti gradona\u010delnika Ilijom Nikoli\u0107em, zatim predstavnici gradskih i \u017eupanijskih institucija, predstavnici politi\u010dkih stranaka i gra\u0111ani, a molitvu za sve poginule i nestale hrvatske branitelje i \u017ertve Domovinskog rata predvodio je \u017eupnik \u017dupe sv. Josipa i dekan Slatinskog dekanata pre\u010d. Dragan Hrgi\u0107 koji je nakon tradicionalne bakljade slatinskih navija\u010dkih skupina u spomen na sve poginule hrvatske branitelje i civile koji su svoje \u017eivote utkali u slobodnu i neovisnu Hrvatsku, u crkvi sv. Josipa slu\u017eio svetu misu zadu\u0161nicu za \u017ertve Vukovara i \u0160kabrnje.<\/p>\n<p>Kako bi se priklju\u010dili obilje\u017eavanju Dana sje\u0107anja na \u017ertvu Vukovara i \u0160kabrnje u Slatini, \u010dlanovi Udruge maratonaca Viroviti\u010dko-podravske \u017eupanije \u201eGlasnici istine\u201c i ostali sudionici Memorijalnog ultramaratona \u201eGlasnici istine za Vukovar\u201c zaustavili su se u sredi\u0161tu Slatine, a nakon odavanja po\u010dasti poginulim hrvatskim braniteljima paljenjem lampiona, nastavili su svoj put prema Vukovaru.<\/p>\n<p>U sklopu obilje\u017eavanja Dana sje\u0107anja, 400 upaljenih lampiona za Vukovar i \u0160kabrnju upalili su u\u010denici slatinskih osnovnih \u0161kola Josipa Kozarca i Eugena Kumi\u010di\u0107a kao i Srednje \u0161kole Marka Maruli\u0107a i Industrijsko-obrtni\u010dke \u0161kole Slatina te ih polo\u017eili uz rub glavnih prometnica po\u010dev\u0161i od samog sredi\u0161ta grada na Trgu sv. Josipa. Po stotinu lampiona svakoj \u0161koli osigurao je Grad Slatina.<\/p>\n<p>Paljenjem lampiona ispred svojih domova, obilje\u017eavanju Dana sje\u0107anja na \u017ertve Domovinskog rata i Dana sje\u0107anja na \u017ertvu Vukovara i \u0160kabrnje priklju\u010dili su se i brojni gra\u0111ani Slatine i prigradskih naselja.<\/p>\n<p>Sutra, na sam Dan sje\u0107anja na \u017ertve Domovinskog rata i Dan sje\u0107anja na \u017ertvu Vukovara i \u0160kabrnje, predstavnici Grada Slatine predvo\u0111eni obna\u0161ateljem du\u017enosti gradona\u010delnika Ilijom Nikoli\u0107em kao i predstavnici braniteljskih udruga sa slatinskog podru\u010dja priklju\u010dit \u0107e se Koloni sje\u0107anja u Vukovaru, dok \u0107e se pojedini od njih pokloniti \u017ertvama \u0160kabrnje.<\/p>\n<p>Program \u0107e se nastaviti u ponedjeljak, 20. studenog projekcijom dokumentarnog filma pod naslovom&nbsp; \u201eOTKRHNUTI\u201c, redateljice Slavice \u0160nur. Film je to o najve\u0107oj ljudskoj boli, traumi ali i oprostu.<br \/>\n\u201eOtkrhnuti\u201c govori o poginuloj djeci tijekom Domovinskog rata i boli koju njihovi roditelji nose i dan danas. Tijekom Domovinskog rata u Hrvatskoj je prema nekim podacima poginulo 402 djece, od Slavonije do Dubrovnika, koji je ina\u010de drugi grad u Hrvatskoj po broju poginule djece.<\/p>\n<p>Dokumentarni film \u201eOtkrhnuti\u201c bit \u0107e prikazan u velikoj kino dvorani Pu\u010dkog otvorenog u\u010dili\u0161ta Slatina s po\u010detkom u 18 sati, a ulaz je slobodan za sve posjetitelje.<br \/>\n(www.radioslatina.hr)<\/p>\nngg_shortcode_0_placeholder\n","protected":false},"excerpt":{"rendered":"<p>Dan sje\u0107anja na \u017ertve Domovinskog rata i Dan sje\u0107anja na \u017ertvu Vukovara i \u0160kabrnje i ove se godine u Slatini obilje\u017eava vi\u0161ednevnim programom u organizaciji<span class=\"excerpt-hellip\"> [\u2026]<\/span><\/p>\n","protected":false},"author":5,"featured_media":119005,"comment_status":"closed","ping_status":"closed","sticky":false,"template":"","format":"standard","meta":{"ngg_post_thumbnail":0,"footnotes":""},"categories":[137,136],"tags":[],"class_list":["post-118984","post","type-post","status-publish","format-standard","has-post-thumbnail","hentry","category-naslovnica","category-grad-slatina"],"_links":{"self":[{"href":"https:\/\/www.slatina.hr\/portal\/wp-json\/wp\/v2\/posts\/118984","targetHints":{"allow":["GET"]}}],"collection":[{"href":"https:\/\/www.slatina.hr\/portal\/wp-json\/wp\/v2\/posts"}],"about":[{"href":"https:\/\/www.slatina.hr\/portal\/wp-json\/wp\/v2\/types\/post"}],"author":[{"embeddable":true,"href":"https:\/\/www.slatina.hr\/portal\/wp-json\/wp\/v2\/users\/5"}],"replies":[{"embeddable":true,"href":"https:\/\/www.slatina.hr\/portal\/wp-json\/wp\/v2\/comments?post=118984"}],"version-history":[{"count":1,"href":"https:\/\/www.slatina.hr\/portal\/wp-json\/wp\/v2\/posts\/118984\/revisions"}],"predecessor-version":[{"id":119006,"href":"https:\/\/www.slatina.hr\/portal\/wp-json\/wp\/v2\/posts\/118984\/revisions\/119006"}],"wp:featuredmedia":[{"embeddable":true,"href":"https:\/\/www.slatina.hr\/portal\/wp-json\/wp\/v2\/media\/119005"}],"wp:attachment":[{"href":"https:\/\/www.slatina.hr\/portal\/wp-json\/wp\/v2\/media?parent=118984"}],"wp:term":[{"taxonomy":"category","embeddable":true,"href":"https:\/\/www.slatina.hr\/portal\/wp-json\/wp\/v2\/categories?post=118984"},{"taxonomy":"post_tag","embeddable":true,"href":"https:\/\/www.slatina.hr\/portal\/wp-json\/wp\/v2\/tags?post=118984"}],"curies":[{"name":"wp","href":"https:\/\/api.w.org\/{rel}","templated":true}]}}