{"id":117782,"date":"2023-09-02T19:21:10","date_gmt":"2023-09-02T17:21:10","guid":{"rendered":"https:\/\/www.slatina.hr\/portal\/?p=117782"},"modified":"2023-09-02T19:21:10","modified_gmt":"2023-09-02T17:21:10","slug":"polozeni-vijenci-povodom-dana-grada-slatine-3","status":"publish","type":"post","link":"https:\/\/www.slatina.hr\/portal\/polozeni-vijenci-povodom-dana-grada-slatine-3\/","title":{"rendered":"Polo\u017eeni vijenci povodom Dana Grada Slatine"},"content":{"rendered":"<p>Uo\u010di sve\u010dane sjednice slatinskog Gradskog vije\u0107a u prigodi Dana grada Slatine&nbsp; i 726. obljetnice prvog pisanog spomena imena Slatine u Parku 136. slatinske brigade ispred spomenika poginulim hrvatskim braniteljima iz Domovinskog rata uprili\u010dena je sve\u010danost na kojoj su brojna izaslanstva odala po\u010dast poginulim hrvatskim braniteljima, koji su dali ono najvrjednije, svoje \u017eivote za slobodnu nam i nezavisnu Republiku Hrvatsku, te ju nesebi\u010dno branili do posljednjeg daha.<\/p>\n<p>Vijence su redom polo\u017eili: predstavnici Udruge roditelja poginulih branitelja Slatina-Orahovica predvo\u0111eni predsjednikom Tomom Grahovcem, te predstavnici ostalih braniteljskih i stradalni\u010dkih udruga proisteklih iz Domovinskog rata predvo\u0111eni predsjednikom \u017eupanijskog Odbora za hrvatske branitelje Matom Buba\u0161em i prvim ratnim zapovjednikom 136. slatinske brigade Hrvatske vojske, brigadnim generalom Josipom \u010cernijem, zatim izaslanica predsjednika Republike Hrvatske Zorana Milanovi\u0107a, savjetnica za ljudska prava i civilno dru\u0161tvo Melita Muli\u0107, izaslanica predsjednika Hrvatskog sabora Gordana Jandrokovi\u0107a, saborska zastupnica i predsjednica Odbora za obrazovanje, znanost i kulturu Vesna Bedekovi\u0107, izaslanik predsjednika Vlade RH Andreja Plenkovi\u0107a i izaslanik \u017eupana Viroviti\u010dko-podravske \u017eupanije Igora Androvi\u0107a, viroviti\u010dko-podravski do\u017eupan Marijo Klement, zamjenik na\u010delnika Policijske uprave viroviti\u010dko-podravske Nenad Kri\u017ei\u0107 i na\u010delnik Policijske postaje Slatina Miroslav Babi\u0107, zatim predstavnici Vije\u0107a srpske nacionalne manjine Grada Slatine na \u010delu s predsjednicom Ljubinkom Pavlovi\u0107, gradona\u010delnik prijateljskog Grada Szigetvara Petar Vass sa suradnicima zajedno s predstavnicima ostalih gradova i op\u0107ina, dok su u ime Grada Slatine po\u010dast odali predsjednik Gradskog vije\u0107a Grada Slatine Tomo Tomi\u0107, gradona\u010delnik Grada Slatine Denis Ostro\u0161i\u0107 i njegov zamjenik Ilija Nikoli\u0107 zajedno sa slatinskim gradskim vije\u0107nicima.<\/p>\n<p>Molitvu u znak sje\u0107anja na poginule hrvatske branitelje predvodio je \u017eupnik slatinske \u017dupe sv. Josipa, pre\u010d. Dragan Hrgi\u0107.<\/p>\n<p>U nastavku sve\u010danosti po\u010dast je odana i prvom Hrvatskom predsjedniku dr. Franji Tu\u0111manu polaganjem cvije\u0107a i paljenjem svije\u0107a ispred njegove biste, a potom je odr\u017eana sve\u010dana sjednica Gradskog vije\u0107a Grada Slatine u kino dvorani Pu\u010dkog otvorenog u\u010dili\u0161ta Slatina.<br \/>\n(www.radioslatina.hr)<\/p>\nngg_shortcode_0_placeholder\n","protected":false},"excerpt":{"rendered":"<p>Uo\u010di sve\u010dane sjednice slatinskog Gradskog vije\u0107a u prigodi Dana grada Slatine&nbsp; i 726. obljetnice prvog pisanog spomena imena Slatine u Parku 136. slatinske brigade ispred<span class=\"excerpt-hellip\"> [\u2026]<\/span><\/p>\n","protected":false},"author":5,"featured_media":117805,"comment_status":"closed","ping_status":"closed","sticky":false,"template":"","format":"standard","meta":{"ngg_post_thumbnail":0,"footnotes":""},"categories":[137,136],"tags":[],"class_list":["post-117782","post","type-post","status-publish","format-standard","has-post-thumbnail","hentry","category-naslovnica","category-grad-slatina"],"_links":{"self":[{"href":"https:\/\/www.slatina.hr\/portal\/wp-json\/wp\/v2\/posts\/117782","targetHints":{"allow":["GET"]}}],"collection":[{"href":"https:\/\/www.slatina.hr\/portal\/wp-json\/wp\/v2\/posts"}],"about":[{"href":"https:\/\/www.slatina.hr\/portal\/wp-json\/wp\/v2\/types\/post"}],"author":[{"embeddable":true,"href":"https:\/\/www.slatina.hr\/portal\/wp-json\/wp\/v2\/users\/5"}],"replies":[{"embeddable":true,"href":"https:\/\/www.slatina.hr\/portal\/wp-json\/wp\/v2\/comments?post=117782"}],"version-history":[{"count":1,"href":"https:\/\/www.slatina.hr\/portal\/wp-json\/wp\/v2\/posts\/117782\/revisions"}],"predecessor-version":[{"id":117806,"href":"https:\/\/www.slatina.hr\/portal\/wp-json\/wp\/v2\/posts\/117782\/revisions\/117806"}],"wp:featuredmedia":[{"embeddable":true,"href":"https:\/\/www.slatina.hr\/portal\/wp-json\/wp\/v2\/media\/117805"}],"wp:attachment":[{"href":"https:\/\/www.slatina.hr\/portal\/wp-json\/wp\/v2\/media?parent=117782"}],"wp:term":[{"taxonomy":"category","embeddable":true,"href":"https:\/\/www.slatina.hr\/portal\/wp-json\/wp\/v2\/categories?post=117782"},{"taxonomy":"post_tag","embeddable":true,"href":"https:\/\/www.slatina.hr\/portal\/wp-json\/wp\/v2\/tags?post=117782"}],"curies":[{"name":"wp","href":"https:\/\/api.w.org\/{rel}","templated":true}]}}