{"id":117702,"date":"2023-09-02T09:09:35","date_gmt":"2023-09-02T07:09:35","guid":{"rendered":"https:\/\/www.slatina.hr\/portal\/?p=117702"},"modified":"2023-09-02T09:09:35","modified_gmt":"2023-09-02T07:09:35","slug":"gradska-glazba-slatina-tradicionalnom-budnicom-proslavila-dan-grada-3","status":"publish","type":"post","link":"https:\/\/www.slatina.hr\/portal\/gradska-glazba-slatina-tradicionalnom-budnicom-proslavila-dan-grada-3\/","title":{"rendered":"Gradska glazba Slatina tradicionalnom budnicom proslavila Dan grada"},"content":{"rendered":"<p>Ovogodi\u0161nji program u prigodi obilje\u017eavanja Dana grada Slatine kao i ranijih godina obiluje raznim manifestacijama, kulturnim, zabavnim i glazbenim doga\u0111anjima, a jedno od njih je svakako i tradicionalna budnica koja je jutros od 8 sati budila Slatin\u010dane ulicama grada, gdje ih je ispratio pomo\u0107nik direktora TZG Slatine Hrvoje Valpovac.<\/p>\n<p>Dio je to dugogodi\u0161nje tradicije koju organizira Gradska glazba Slatina uz pokroviteljstvo Grada Slatine i Turisti\u010dke zajednice Grada Slatine.<\/p>\n<p>Od studenog pro\u0161le, 2022. godine Gradska glazba Slatina ima novog predsjednika. Ovu odgovornu funkciju preuzeo je Bruno Rastija koji je ina\u010de njezin \u010dlan od 2015., a zamjenik je i dalje Dra\u017een Nemet.<\/p>\n<p>Gradska glazba Slatina osnovana je u ovom obliku 2009. godine i trenuta\u010dno broji 20-ak \u010dlanova me\u0111u kojima je uz \u201eveterane\u201c svoje mjesto na\u0161ao i odre\u0111eni broj studenata, te djece koja tako\u0111er marljivo rade i budu\u0107nost su slatinske Gradske glazbe.<\/p>\n<p>Pod vodstvom predsjednika Rastije ove se godine na budnici okupilo 11 \u010dlanova, koji su za ovogodi\u0161nju avanturu dobili novoga sponzora, tako da je kamion Auto \u0161kole Slatina provezao glazbenike svim ulicama grada Slatine krenuv\u0161i s Trga sv. Josipa gdje \u0107e se oko 10 sati i vratili te zavr\u0161iti svoj nastup.<\/p>\n<p>Vjerujemo da \u0107e i ovoga puta svojim nastupom razveseliti brojne Slatin\u010dane i njihove goste, te vas pozivamo da im aplauzom date podr\u0161ku kada ih \u010dujete u svojoj ulici. &nbsp;<br \/>\n(www.radioslatina.hr)<\/p>\n<p><img loading=\"lazy\" decoding=\"async\" class=\"alignnone size-full wp-image-117703\" src=\"https:\/\/www.slatina.hr\/portal\/wp-content\/uploads\/2023\/09\/IMG_3727_1024x683.jpg\" alt=\"\" width=\"1024\" height=\"683\" srcset=\"https:\/\/www.slatina.hr\/portal\/wp-content\/uploads\/2023\/09\/IMG_3727_1024x683.jpg 1024w, https:\/\/www.slatina.hr\/portal\/wp-content\/uploads\/2023\/09\/IMG_3727_1024x683-768x512.jpg 768w, https:\/\/www.slatina.hr\/portal\/wp-content\/uploads\/2023\/09\/IMG_3727_1024x683-112x75.jpg 112w, https:\/\/www.slatina.hr\/portal\/wp-content\/uploads\/2023\/09\/IMG_3727_1024x683-620x414.jpg 620w, https:\/\/www.slatina.hr\/portal\/wp-content\/uploads\/2023\/09\/IMG_3727_1024x683-480x320.jpg 480w\" sizes=\"auto, (max-width:767px) 480px, (max-width:1024px) 100vw, 1024px\" \/><\/p>\nngg_shortcode_0_placeholder\n","protected":false},"excerpt":{"rendered":"<p>Ovogodi\u0161nji program u prigodi obilje\u017eavanja Dana grada Slatine kao i ranijih godina obiluje raznim manifestacijama, kulturnim, zabavnim i glazbenim doga\u0111anjima, a jedno od njih je<span class=\"excerpt-hellip\"> [\u2026]<\/span><\/p>\n","protected":false},"author":5,"featured_media":117722,"comment_status":"closed","ping_status":"closed","sticky":false,"template":"","format":"standard","meta":{"ngg_post_thumbnail":0,"footnotes":""},"categories":[137,136],"tags":[],"class_list":["post-117702","post","type-post","status-publish","format-standard","has-post-thumbnail","hentry","category-naslovnica","category-grad-slatina"],"_links":{"self":[{"href":"https:\/\/www.slatina.hr\/portal\/wp-json\/wp\/v2\/posts\/117702","targetHints":{"allow":["GET"]}}],"collection":[{"href":"https:\/\/www.slatina.hr\/portal\/wp-json\/wp\/v2\/posts"}],"about":[{"href":"https:\/\/www.slatina.hr\/portal\/wp-json\/wp\/v2\/types\/post"}],"author":[{"embeddable":true,"href":"https:\/\/www.slatina.hr\/portal\/wp-json\/wp\/v2\/users\/5"}],"replies":[{"embeddable":true,"href":"https:\/\/www.slatina.hr\/portal\/wp-json\/wp\/v2\/comments?post=117702"}],"version-history":[{"count":2,"href":"https:\/\/www.slatina.hr\/portal\/wp-json\/wp\/v2\/posts\/117702\/revisions"}],"predecessor-version":[{"id":117724,"href":"https:\/\/www.slatina.hr\/portal\/wp-json\/wp\/v2\/posts\/117702\/revisions\/117724"}],"wp:featuredmedia":[{"embeddable":true,"href":"https:\/\/www.slatina.hr\/portal\/wp-json\/wp\/v2\/media\/117722"}],"wp:attachment":[{"href":"https:\/\/www.slatina.hr\/portal\/wp-json\/wp\/v2\/media?parent=117702"}],"wp:term":[{"taxonomy":"category","embeddable":true,"href":"https:\/\/www.slatina.hr\/portal\/wp-json\/wp\/v2\/categories?post=117702"},{"taxonomy":"post_tag","embeddable":true,"href":"https:\/\/www.slatina.hr\/portal\/wp-json\/wp\/v2\/tags?post=117702"}],"curies":[{"name":"wp","href":"https:\/\/api.w.org\/{rel}","templated":true}]}}