{"id":117543,"date":"2023-08-04T22:50:46","date_gmt":"2023-08-04T20:50:46","guid":{"rendered":"https:\/\/www.slatina.hr\/portal\/?p=117543"},"modified":"2023-08-04T22:53:23","modified_gmt":"2023-08-04T20:53:23","slug":"foto-u-povodu-dana-pobjede-i-domovinske-zahvalnosti-i-dana-hrvatskih-branitelja-u-slatini-polozeni-vijenci-i-lampioni","status":"publish","type":"post","link":"https:\/\/www.slatina.hr\/portal\/foto-u-povodu-dana-pobjede-i-domovinske-zahvalnosti-i-dana-hrvatskih-branitelja-u-slatini-polozeni-vijenci-i-lampioni\/","title":{"rendered":"Foto: U povodu Dana pobjede i domovinske zahvalnosti i Dana hrvatskih branitelja u Slatini polo\u017eeni vijenci i lampioni"},"content":{"rendered":"<p>Danas je u Slatini, polaganjem vijenaca i lampiona ispred spomenika poginulim hrvatskim braniteljima iz Domovinskog rata u Parku 136. slatinske brigade, te ispred Kri\u017ea mu\u010denika na slatinskom Gradskom groblju obilje\u017een Dan pobjede i domovinske zahvalnosti i Dan hrvatskih branitelja.<\/p>\n<p>Sve\u010danost je zapo\u010dela kratkim osvrtom o zna\u010daju ovoga blagdana i odavanjem po\u010dasti poginulim, nestalim i preminulim hrvatskim braniteljima minutom \u0161utnje.<\/p>\n<p>Dan pobjede i domovinske zahvalnosti i Dan hrvatskih branitelja slavi se u Hrvatskoj 5. kolovoza svake godine kao spomen na pobjedu u Domovinskom ratu. Na taj je dan 1995. godine Hrvatska vojska u Vojno-redarstvenoj operaciji Oluja oslobodila okupirani grad Knin.<\/p>\n<p>Nakon \u010detverogodi\u0161nje okupacije gotovo tre\u0107ine hrvatskog teritorija, \u017eivota u izbjegli\u0161tvu i u strahu od neprijateljskih napada na izlo\u017eene hrvatske gradove, a nakon brojnih neuspje\u0161nih pregovora i mirovnih inicijativa, Republici Hrvatskoj ni\u0161ta drugo nije preostalo nego vlastitom oru\u017eanom silom osloboditi hrvatski teritorij. U svitanje 4. kolovoza 1995. zapo\u010dela je Operacija Oluja.<\/p>\n<p>Nakon po\u010detnog djelovanja snaga Hrvatskog ratnog zrakoplovstva, te topni\u010dke pripreme po vojnim ciljevima, hrvatske snage krenule su u akciju istodobno iz 30 pravaca na boji\u0161nici dugoj 700 kilometara. Udarnu snagu na glavnim pravcima napada \u010dinile su gardijske brigade, potpomognute specijalnom policijom MUP-a i Hrvatskim gardijskim zdrugom te domobranskim i pri\u010duvnim postrojbama.<\/p>\n<p>Osloba\u0111anjem Knina, sredi\u0161ta neprijateljske pobune u Hrvatskoj, ostvaren je najva\u017eniji strate\u0161ko-politi\u010dki i vojni cilj operacije Oluja i cijelog Domovinskog rata.<\/p>\n<p>Operacijom je vra\u0107en u hrvatski ustavno-pravni poredak cijeli okupirani teritorij, osim isto\u010dne Slavonije. Oluja je uz Bljesak klju\u010dna akcija koja je dovela do kraja Domovinskog rata.<\/p>\n<p>Vijence su polo\u017eili i svije\u0107e zapalili predstavnici braniteljskih i stradalni\u010dkih udruga proisteklih iz Domovinskog rata kao i Udruge djece hrvatskih branitelja VP\u017d, predvo\u0111eni predsjednikom Udruge roditelja poginulih branitelja Slatina-Orahovica Tomom Grahovcem, zatim predstavnici Policijske uprave viroviti\u010dko-podravske i Policijske postaje Slatine predvo\u0111eni zamjenikom na\u010delnika \u017eupanijske Policijske uprave Nenadom Kri\u017ei\u0107em i na\u010delnikom Policijske postaje Slatina Miroslavom Babi\u0107em, te gradski vije\u0107nici i predstavnici Grada Slatine predvo\u0111eni predsjednikom Gradskog vije\u0107a Grada Slatine Tomom Tomi\u0107em i izaslanikom gradona\u010delnika Grada Slatine Juricom Culejom.<br \/>\nIsta su izaslanstva potom polaganjem vijenaca i paljenjem svije\u0107a po\u010dast odala i kod Kri\u017ea mu\u010denika na slatinskom Gradskom groblju gdje su im se polaganjem vijenca pridru\u017eili i \u010dlanovi Udruge ratnih veterana Hrvatski domobran Slatina predvo\u0111eni predsjednikom Ivanom Levarom.<\/p>\n<p>Molitvu je predvodio \u017eupnik \u017dupe bl. Ivana Merza, pre\u010d. Nikola Ju\u0161i\u0107, a mirozov je na trubi odsvirao Dra\u017een Nemet.<\/p>\n<p>Na koncu je u crkvi sv. Josipa slu\u017eena sveta misa za domovinu i poginule hrvatske branitelje i misa zahvalnica za sva Bo\u017eja dobro\u010dinstva prema hrvatskom narodu, koju je tako\u0111er predvodio pre\u010d. Nikola Ju\u0161i\u0107 koji je tijekom svoje propovijedi istaknuo vrijednosti zahvalnosti.<\/p>\n<p>\u2013 Mnogi narodi i mnoge dr\u017eave imaju Dan zahvalnosti, a kada su na\u0161i dr\u017eavni starje\u0161ine uveli Dan zahvalnosti htjeli su nas pota\u0107i da imamo osje\u0107aj jedni prema drugima, a osobito osje\u0107aj prema Bogu, od kojega dolazi sve dobro.<br \/>\nPo svim ljudskim mjerilima trebalo nas je ve\u0107 nestati, trebali smo se izgubiti u tim svjetskim globalizacijama i ideologijama, no jo\u0161 smo uvijek tu. Ali ne zaboravimo na Dan zahvalnosti silazi Bog me\u0111u nas.<br \/>\nDa li smo prepoznali i da li prepoznajemo Njegov dolazak. Poku\u0161ajmo shvatiti da svoj identitet imamo u onom \u0161to nam je Bog dao, \u0161to su nam na\u0161i pretci namrli, \u0161to su nam branitelji dali slobodu, \u0161to jo\u0161 uvijek hodimo ovom zemljom u kojoj ima izobilja, i kruha i ruha. I molimo Boga da u svima nama probudi zahvalnost, \u2013 rekao je \u017eupnik Ju\u0161i\u0107 te na kraju izrekao molitvu za domovinu Hrvatsku.<br \/>\n(www.radioslatina.hr)<\/p>\nngg_shortcode_0_placeholder\n","protected":false},"excerpt":{"rendered":"<p>Danas je u Slatini, polaganjem vijenaca i lampiona ispred spomenika poginulim hrvatskim braniteljima iz Domovinskog rata u Parku 136. slatinske brigade, te ispred Kri\u017ea mu\u010denika<span class=\"excerpt-hellip\"> [\u2026]<\/span><\/p>\n","protected":false},"author":5,"featured_media":117572,"comment_status":"closed","ping_status":"closed","sticky":false,"template":"","format":"standard","meta":{"ngg_post_thumbnail":0,"footnotes":""},"categories":[137,136],"tags":[],"class_list":["post-117543","post","type-post","status-publish","format-standard","has-post-thumbnail","hentry","category-naslovnica","category-grad-slatina"],"_links":{"self":[{"href":"https:\/\/www.slatina.hr\/portal\/wp-json\/wp\/v2\/posts\/117543","targetHints":{"allow":["GET"]}}],"collection":[{"href":"https:\/\/www.slatina.hr\/portal\/wp-json\/wp\/v2\/posts"}],"about":[{"href":"https:\/\/www.slatina.hr\/portal\/wp-json\/wp\/v2\/types\/post"}],"author":[{"embeddable":true,"href":"https:\/\/www.slatina.hr\/portal\/wp-json\/wp\/v2\/users\/5"}],"replies":[{"embeddable":true,"href":"https:\/\/www.slatina.hr\/portal\/wp-json\/wp\/v2\/comments?post=117543"}],"version-history":[{"count":1,"href":"https:\/\/www.slatina.hr\/portal\/wp-json\/wp\/v2\/posts\/117543\/revisions"}],"predecessor-version":[{"id":117573,"href":"https:\/\/www.slatina.hr\/portal\/wp-json\/wp\/v2\/posts\/117543\/revisions\/117573"}],"wp:featuredmedia":[{"embeddable":true,"href":"https:\/\/www.slatina.hr\/portal\/wp-json\/wp\/v2\/media\/117572"}],"wp:attachment":[{"href":"https:\/\/www.slatina.hr\/portal\/wp-json\/wp\/v2\/media?parent=117543"}],"wp:term":[{"taxonomy":"category","embeddable":true,"href":"https:\/\/www.slatina.hr\/portal\/wp-json\/wp\/v2\/categories?post=117543"},{"taxonomy":"post_tag","embeddable":true,"href":"https:\/\/www.slatina.hr\/portal\/wp-json\/wp\/v2\/tags?post=117543"}],"curies":[{"name":"wp","href":"https:\/\/api.w.org\/{rel}","templated":true}]}}