{"id":117535,"date":"2023-08-03T10:49:43","date_gmt":"2023-08-03T08:49:43","guid":{"rendered":"https:\/\/www.slatina.hr\/portal\/?p=117535"},"modified":"2023-08-03T10:51:43","modified_gmt":"2023-08-03T08:51:43","slug":"4-kolovoza-u-slatini-svecanost-povodom-dana-pobjede-i-domovinske-zahvalnosti-te-dana-hrvatskih-branitelja-2","status":"publish","type":"post","link":"https:\/\/www.slatina.hr\/portal\/4-kolovoza-u-slatini-svecanost-povodom-dana-pobjede-i-domovinske-zahvalnosti-te-dana-hrvatskih-branitelja-2\/","title":{"rendered":"4. kolovoza u Slatini sve\u010danost povodom Dana pobjede i domovinske zahvalnosti te Dana hrvatskih branitelja"},"content":{"rendered":"<p>Prigodom obilje\u017eavanja Dana pobjede i domovinske zahvalnosti te Dana hrvatskih branitelja sutra, 4. kolovoza bit \u0107e uprili\u010dena sve\u010danost polaganja vijenaca kojom \u0107e se odati po\u010dast svim poginulim, nestalim i stradalim hrvatskim braniteljima iz Domovinskog rata.<\/p>\n<p>Polaganje vijenaca odr\u017eat \u0107e se s po\u010detkom u 14 sati ispred spomenika poginulim hrvatskim braniteljima iz Domovinskog rata u Parku 136. slatinske brigade, a potom i kod Kri\u017ea mu\u010denika na Gradskom groblju u Slatini.<br \/>\nIstoga dana u 18,30 sati bit \u0107e slu\u017eena i sveta misa u crkvi sv. Josipa u Slatini.<\/p>\n<p>Grad Slatina poziva Vas da svojom nazo\u010dno\u0161\u0107u uveli\u010date obilje\u017eavanje Dana pobjede i domovinske zahvalnosti te Dana hrvatskih branitelja.<br \/>\n(www.radioslatina.hr)<\/p>\n","protected":false},"excerpt":{"rendered":"<p>Prigodom obilje\u017eavanja Dana pobjede i domovinske zahvalnosti te Dana hrvatskih branitelja sutra, 4. kolovoza bit \u0107e uprili\u010dena sve\u010danost polaganja vijenaca kojom \u0107e se odati po\u010dast<span class=\"excerpt-hellip\"> [\u2026]<\/span><\/p>\n","protected":false},"author":5,"featured_media":117536,"comment_status":"closed","ping_status":"closed","sticky":false,"template":"","format":"standard","meta":{"ngg_post_thumbnail":0,"footnotes":""},"categories":[137,136],"tags":[],"class_list":["post-117535","post","type-post","status-publish","format-standard","has-post-thumbnail","hentry","category-naslovnica","category-grad-slatina"],"_links":{"self":[{"href":"https:\/\/www.slatina.hr\/portal\/wp-json\/wp\/v2\/posts\/117535","targetHints":{"allow":["GET"]}}],"collection":[{"href":"https:\/\/www.slatina.hr\/portal\/wp-json\/wp\/v2\/posts"}],"about":[{"href":"https:\/\/www.slatina.hr\/portal\/wp-json\/wp\/v2\/types\/post"}],"author":[{"embeddable":true,"href":"https:\/\/www.slatina.hr\/portal\/wp-json\/wp\/v2\/users\/5"}],"replies":[{"embeddable":true,"href":"https:\/\/www.slatina.hr\/portal\/wp-json\/wp\/v2\/comments?post=117535"}],"version-history":[{"count":2,"href":"https:\/\/www.slatina.hr\/portal\/wp-json\/wp\/v2\/posts\/117535\/revisions"}],"predecessor-version":[{"id":117538,"href":"https:\/\/www.slatina.hr\/portal\/wp-json\/wp\/v2\/posts\/117535\/revisions\/117538"}],"wp:featuredmedia":[{"embeddable":true,"href":"https:\/\/www.slatina.hr\/portal\/wp-json\/wp\/v2\/media\/117536"}],"wp:attachment":[{"href":"https:\/\/www.slatina.hr\/portal\/wp-json\/wp\/v2\/media?parent=117535"}],"wp:term":[{"taxonomy":"category","embeddable":true,"href":"https:\/\/www.slatina.hr\/portal\/wp-json\/wp\/v2\/categories?post=117535"},{"taxonomy":"post_tag","embeddable":true,"href":"https:\/\/www.slatina.hr\/portal\/wp-json\/wp\/v2\/tags?post=117535"}],"curies":[{"name":"wp","href":"https:\/\/api.w.org\/{rel}","templated":true}]}}