{"id":117473,"date":"2023-07-19T08:37:03","date_gmt":"2023-07-19T06:37:03","guid":{"rendered":"https:\/\/www.slatina.hr\/portal\/?p=117473"},"modified":"2023-07-19T08:37:03","modified_gmt":"2023-07-19T06:37:03","slug":"razvojne-agencije-gradova-slatine-i-belog-manastira-dogovorile-zajednicku-suradnju","status":"publish","type":"post","link":"https:\/\/www.slatina.hr\/portal\/razvojne-agencije-gradova-slatine-i-belog-manastira-dogovorile-zajednicku-suradnju\/","title":{"rendered":"Razvojne agencije gradova Slatine i Belog Manastira dogovorile zajedni\u010dku suradnju"},"content":{"rendered":"<p>U prostorijama GRAS-a odr\u017ean je radni sastanak izme\u0111u predstavnika Gradske razvojne agencije Slatine i Baranjske razvojne agencije Grada Belog Manastira.<\/p>\n<p>Povod radnom sastanku bila je razmjena iskustva u provedbi projekta \u201eRazvoj mre\u017ee poduzetni\u010dkih potpornih institucija putem HAMAG-BICRO-a\u201c \u2013&nbsp;BOND 2\u201c ali i ostvarivanje budu\u0107e zajedni\u010dke suradnje na planiranim projektima kao i razmjena iskustava na realizaciji projekata financiranih iz fondova Europske unije.<\/p>\n<p>Tom je prigodom vr\u0161itelj du\u017enosti ravnatelja Gradske razvojne agencije Slatine Jurica Culej imao priliku upoznati ravnatelja Baranjske razvojne agencije Grada Belog Manastira Dejana Neffa s na\u010dinom rada GRAS-a, odra\u0111enim projektima, projektima u provedbi kao i planiranim projektima GRAS-a i Grada Slatine. Isto tako razmatrane su zajedni\u010dke mogu\u0107nosti povla\u010denja sredstava iz Nacionalnog plana opravka i otpornosti 2021. \u2013 2026., Vi\u0161egodi\u0161njeg financijskog okvira 2021. \u2013 2027. te za ove dvije institucije iznimno va\u017enog instrumenta financiranja Zajedni\u010dke poljoprivredne politike 2023. \u2013 2027.<\/p>\n<p>Tijekom radnog sastanka dogovorena je budu\u0107a suradnja u vidu razmjene iskustava, zajedni\u010dkog educiranja zaposlenika te me\u0111usobnih posjeta i prezentacije odra\u0111enih i planiranih projekata Grada Belog Manastira i Grada Slatine u narednom razdoblju.<br \/>\n(www.radioslatina.hr)<\/p>\n<p><img loading=\"lazy\" decoding=\"async\" class=\"alignnone size-full wp-image-117476\" src=\"https:\/\/www.slatina.hr\/portal\/wp-content\/uploads\/2023\/07\/Lenta-ispod-teksta-1.jpg\" alt=\"\" width=\"1119\" height=\"165\" srcset=\"https:\/\/www.slatina.hr\/portal\/wp-content\/uploads\/2023\/07\/Lenta-ispod-teksta-1.jpg 1119w, https:\/\/www.slatina.hr\/portal\/wp-content\/uploads\/2023\/07\/Lenta-ispod-teksta-1-768x113.jpg 768w, https:\/\/www.slatina.hr\/portal\/wp-content\/uploads\/2023\/07\/Lenta-ispod-teksta-1-150x22.jpg 150w, https:\/\/www.slatina.hr\/portal\/wp-content\/uploads\/2023\/07\/Lenta-ispod-teksta-1-620x91.jpg 620w, https:\/\/www.slatina.hr\/portal\/wp-content\/uploads\/2023\/07\/Lenta-ispod-teksta-1-480x71.jpg 480w\" sizes=\"auto, (max-width:767px) 480px, (max-width:1119px) 100vw, 1119px\" \/><\/p>\n<p><a href=\"https:\/\/www.radioslatina.hr\/razvojne-agencije-gradova-slatine-i-belog-manastira-dogovorile-zajednicku-suradnju\/img_7112_1024x683-3\/\" rel=\"attachment wp-att-297110 noopener\" target=\"_blank\"><img loading=\"lazy\" decoding=\"async\" class=\"alignnone size-full wp-image-297110\" src=\"https:\/\/www.radioslatina.hr\/wp-content\/uploads\/2023\/07\/IMG_7112_1024x683.jpg\" sizes=\"auto, (max-width: 1024px) 100vw, 1024px\" srcset=\"https:\/\/www.radioslatina.hr\/wp-content\/uploads\/2023\/07\/IMG_7112_1024x683.jpg 1024w, https:\/\/www.radioslatina.hr\/wp-content\/uploads\/2023\/07\/IMG_7112_1024x683-768x512.jpg 768w\" alt=\"\" width=\"1024\" height=\"683\"><\/a><\/p>\n<p><a href=\"https:\/\/www.radioslatina.hr\/razvojne-agencije-gradova-slatine-i-belog-manastira-dogovorile-zajednicku-suradnju\/img_7116_1024x683-2\/\" rel=\"attachment wp-att-297111 noopener\" target=\"_blank\"><img loading=\"lazy\" decoding=\"async\" class=\"alignnone size-full wp-image-297111\" src=\"https:\/\/www.radioslatina.hr\/wp-content\/uploads\/2023\/07\/IMG_7116_1024x683.jpg\" sizes=\"auto, (max-width: 1024px) 100vw, 1024px\" srcset=\"https:\/\/www.radioslatina.hr\/wp-content\/uploads\/2023\/07\/IMG_7116_1024x683.jpg 1024w, https:\/\/www.radioslatina.hr\/wp-content\/uploads\/2023\/07\/IMG_7116_1024x683-768x512.jpg 768w\" alt=\"\" width=\"1024\" height=\"683\"><\/a><\/p>\n","protected":false},"excerpt":{"rendered":"<p>U prostorijama GRAS-a odr\u017ean je radni sastanak izme\u0111u predstavnika Gradske razvojne agencije Slatine i Baranjske razvojne agencije Grada Belog Manastira. Povod radnom sastanku bila je<span class=\"excerpt-hellip\"> [\u2026]<\/span><\/p>\n","protected":false},"author":5,"featured_media":117474,"comment_status":"closed","ping_status":"closed","sticky":false,"template":"","format":"standard","meta":{"ngg_post_thumbnail":0,"footnotes":""},"categories":[137,136],"tags":[],"class_list":["post-117473","post","type-post","status-publish","format-standard","has-post-thumbnail","hentry","category-naslovnica","category-grad-slatina"],"_links":{"self":[{"href":"https:\/\/www.slatina.hr\/portal\/wp-json\/wp\/v2\/posts\/117473","targetHints":{"allow":["GET"]}}],"collection":[{"href":"https:\/\/www.slatina.hr\/portal\/wp-json\/wp\/v2\/posts"}],"about":[{"href":"https:\/\/www.slatina.hr\/portal\/wp-json\/wp\/v2\/types\/post"}],"author":[{"embeddable":true,"href":"https:\/\/www.slatina.hr\/portal\/wp-json\/wp\/v2\/users\/5"}],"replies":[{"embeddable":true,"href":"https:\/\/www.slatina.hr\/portal\/wp-json\/wp\/v2\/comments?post=117473"}],"version-history":[{"count":2,"href":"https:\/\/www.slatina.hr\/portal\/wp-json\/wp\/v2\/posts\/117473\/revisions"}],"predecessor-version":[{"id":117477,"href":"https:\/\/www.slatina.hr\/portal\/wp-json\/wp\/v2\/posts\/117473\/revisions\/117477"}],"wp:featuredmedia":[{"embeddable":true,"href":"https:\/\/www.slatina.hr\/portal\/wp-json\/wp\/v2\/media\/117474"}],"wp:attachment":[{"href":"https:\/\/www.slatina.hr\/portal\/wp-json\/wp\/v2\/media?parent=117473"}],"wp:term":[{"taxonomy":"category","embeddable":true,"href":"https:\/\/www.slatina.hr\/portal\/wp-json\/wp\/v2\/categories?post=117473"},{"taxonomy":"post_tag","embeddable":true,"href":"https:\/\/www.slatina.hr\/portal\/wp-json\/wp\/v2\/tags?post=117473"}],"curies":[{"name":"wp","href":"https:\/\/api.w.org\/{rel}","templated":true}]}}