{"id":117015,"date":"2023-06-06T08:12:10","date_gmt":"2023-06-06T06:12:10","guid":{"rendered":"https:\/\/www.slatina.hr\/portal\/?p=117015"},"modified":"2023-06-06T08:12:10","modified_gmt":"2023-06-06T06:12:10","slug":"gradu-slatini-odobreno-21-24745-eura-za-projekt-ulaganja-u-objekt-djecjeg-vrtica","status":"publish","type":"post","link":"https:\/\/www.slatina.hr\/portal\/gradu-slatini-odobreno-21-24745-eura-za-projekt-ulaganja-u-objekt-djecjeg-vrtica\/","title":{"rendered":"Gradu Slatini odobreno 21.247,45 eura za \u201eProjekt ulaganja u objekt dje\u010djeg vrti\u0107a\u201c"},"content":{"rendered":"<p>Grad Slatina je u suradnji s Gradskom razvojnom agencijom Slatine i Dje\u010djim vrti\u0107em Zeko u travnju ove godine na Poziv za prijavu projekta usmjerenih na pobolj\u0161anje materijalnih uvjeta u dje\u010djim vrti\u0107ima u 2023. godini raspisanog od strane Sredi\u0161njeg dr\u017eavnog ureda za demografiju i mlade izradio i prijavio projekt pod nazivom \u201eProjekt ulaganja u objekt dje\u010djeg vrti\u0107a\u201c ukupne vrijednosti 35.710,00 eura.<\/p>\n<p>Projektom se \u017eeli urediti dio zelenih povr\u0161ina vrti\u0107kog dvori\u0161ta koje se nalaze izme\u0111u zgrade jaslica i zgrade Dje\u010djeg vrti\u0107a Zeko, a koje do sada nisu ure\u0111ivane. Na postoje\u0107oj povr\u0161ini uredit \u0107e se igrali\u0161te za djecu jasli\u010dke dobi, tj. prostor \u0107e se opremiti fiksnom opremom \u2013 igralima prilago\u0111enim djeci te dobi koja \u0107e omogu\u0107iti slobodnu i kreativnu igru, a da pritom budu zadovoljeni svi sigurnosni uvjeti. Oko igrala postavit \u0107e se meke obloge za ubla\u017eavanje posljedica pada i ozlje\u0111ivanja djece, a koje \u0107e dodatno pridonijeti sigurnosti djece i omogu\u0107iti im da spontano kreiraju svoju igru i aktivnosti.<\/p>\n<p>Danas ja na adresu Grada Slatine stigla odli\u010dna vijest kako \u0107e spomenuti projekt biti sufinanciran sredstvima Sredi\u0161njeg dr\u017eavnog ureda za demografiju i mlade u iznosu od 21.247,45 eura.<\/p>\n<p>\u2013 Grad Slatina ovim projektom kontinuirano nastavlja pobolj\u0161avati materijalne uvjete kao i podizati kvalitetu pedago\u0161kog standarda, a sve s ciljem ubla\u017eavanja postoje\u0107ih regionalnih nejednakosti. Isto tako projektom \u0107e se zadovoljiti potrebe korisnika vrti\u0107a, kao i njihovih odgojitelja i roditelja te omogu\u0107iti jo\u0161 kvalitetniji boravak u Dje\u010djem vrti\u0107u Zeko, \u2013 poru\u010dio je gradona\u010delnik Grada Slatine Denis Ostro\u0161i\u0107.<br \/>\n(www.radioslatina.hr)<\/p>\n<p><a href=\"https:\/\/www.radioslatina.hr\/?attachment_id=291717\" rel=\"attachment wp-att-291717 noopener\" target=\"_blank\"><img loading=\"lazy\" decoding=\"async\" class=\"alignnone size-full wp-image-291717\" src=\"https:\/\/www.radioslatina.hr\/wp-content\/uploads\/2023\/06\/Zeko_jaslice_radio-Slatina.jpg\" sizes=\"auto, (max-width: 1024px) 100vw, 1024px\" srcset=\"https:\/\/www.radioslatina.hr\/wp-content\/uploads\/2023\/06\/Zeko_jaslice_radio-Slatina.jpg 1024w, https:\/\/www.radioslatina.hr\/wp-content\/uploads\/2023\/06\/Zeko_jaslice_radio-Slatina-768x576.jpg 768w\" alt=\"\" width=\"1024\" height=\"768\"><\/a><\/p>\n","protected":false},"excerpt":{"rendered":"<p>Grad Slatina je u suradnji s Gradskom razvojnom agencijom Slatine i Dje\u010djim vrti\u0107em Zeko u travnju ove godine na Poziv za prijavu projekta usmjerenih na<span class=\"excerpt-hellip\"> [\u2026]<\/span><\/p>\n","protected":false},"author":5,"featured_media":117016,"comment_status":"closed","ping_status":"closed","sticky":false,"template":"","format":"standard","meta":{"ngg_post_thumbnail":0,"footnotes":""},"categories":[136,137],"tags":[],"class_list":["post-117015","post","type-post","status-publish","format-standard","has-post-thumbnail","hentry","category-grad-slatina","category-naslovnica"],"_links":{"self":[{"href":"https:\/\/www.slatina.hr\/portal\/wp-json\/wp\/v2\/posts\/117015","targetHints":{"allow":["GET"]}}],"collection":[{"href":"https:\/\/www.slatina.hr\/portal\/wp-json\/wp\/v2\/posts"}],"about":[{"href":"https:\/\/www.slatina.hr\/portal\/wp-json\/wp\/v2\/types\/post"}],"author":[{"embeddable":true,"href":"https:\/\/www.slatina.hr\/portal\/wp-json\/wp\/v2\/users\/5"}],"replies":[{"embeddable":true,"href":"https:\/\/www.slatina.hr\/portal\/wp-json\/wp\/v2\/comments?post=117015"}],"version-history":[{"count":1,"href":"https:\/\/www.slatina.hr\/portal\/wp-json\/wp\/v2\/posts\/117015\/revisions"}],"predecessor-version":[{"id":117017,"href":"https:\/\/www.slatina.hr\/portal\/wp-json\/wp\/v2\/posts\/117015\/revisions\/117017"}],"wp:featuredmedia":[{"embeddable":true,"href":"https:\/\/www.slatina.hr\/portal\/wp-json\/wp\/v2\/media\/117016"}],"wp:attachment":[{"href":"https:\/\/www.slatina.hr\/portal\/wp-json\/wp\/v2\/media?parent=117015"}],"wp:term":[{"taxonomy":"category","embeddable":true,"href":"https:\/\/www.slatina.hr\/portal\/wp-json\/wp\/v2\/categories?post=117015"},{"taxonomy":"post_tag","embeddable":true,"href":"https:\/\/www.slatina.hr\/portal\/wp-json\/wp\/v2\/tags?post=117015"}],"curies":[{"name":"wp","href":"https:\/\/api.w.org\/{rel}","templated":true}]}}