{"id":116965,"date":"2023-05-26T11:23:49","date_gmt":"2023-05-26T09:23:49","guid":{"rendered":"https:\/\/www.slatina.hr\/portal\/?p=116965"},"modified":"2023-05-26T11:23:49","modified_gmt":"2023-05-26T09:23:49","slug":"grad-slatina-prodao-zemljiste-u-pz-turbina-2-tvrtki-slavonica-d-o-o-za-izgradnju-i-opremanje-objekta-za-rasijecanje-mesa-i-proizvodnju-mesnih-preradevina","status":"publish","type":"post","link":"https:\/\/www.slatina.hr\/portal\/grad-slatina-prodao-zemljiste-u-pz-turbina-2-tvrtki-slavonica-d-o-o-za-izgradnju-i-opremanje-objekta-za-rasijecanje-mesa-i-proizvodnju-mesnih-preradevina\/","title":{"rendered":"Grad Slatina prodao zemlji\u0161te u PZ Turbina 2 tvrtki Slavonica d.o.o. za izgradnju i opremanje objekta za rasijecanje mesa i proizvodnju mesnih prera\u0111evina"},"content":{"rendered":"<p>Danas je u maloj vije\u0107nici slatinske Gradske uprave uprili\u010den sastanak na kojemu su gradona\u010delnik Grada Slatine Denis Ostro\u0161i\u0107 i direktor tvrtke Slavonica d.o.o. Goran Kova\u010d potpisali ugovor o kupoprodaji gra\u0111evinskog zemlji\u0161ta.<\/p>\n<p>Naime, Grad Slatina je trgova\u010dkom dru\u0161tvu SLAVONICA d.o.o. iz Slatine putem javnog natje\u010daja prodao gra\u0111evinsko zemlji\u0161te u Poduzetni\u010dkoj zoni Turbina 2 u Slatini, na k.\u010d.br. 1506\/87 u k.o. P. Slatina, povr\u0161ine 22611 m2, po kupoprodajnoj cijeni od 57.472,50 EUR (433.026,55 kn).<\/p>\n<p>Izra\u010dun kupoprodajne cijene temelji se na Odluci o dodjeli potpore iz Programa mjera poticanja razvoja malog i srednjeg poduzetni\u0161tva na podru\u010dju Grada Slatine za 2023. godinu (Slu\u017ebeni glasnik Grada Slatine, broj 7\/23), koju je donijelo Gradsko vije\u0107e Grada Slatine, a prema kojoj je Kupcu odobrena dodjela potpore male vrijednosti u iznosu od 56.527,50 EUR (425.906,45 kn), te je za navedeni iznos potpore umanjena tr\u017ei\u0161na kupoprodajna cijena postignuta na natje\u010daju koja iznosi 114.000,00 EUR (858.933,00 kn).<\/p>\n<p>Predmetno zemlji\u0161te prodano je pod uvjetom izgradnje i opremanja objekta za rasijecanje mesa te proizvodnju mesnih pripravaka i proizvoda u roku od 3 godine od dana zaklju\u010denja spomenutog kupoprodajnog ugovora.<\/p>\n<p>Potpisivanju ugovora nazo\u010dili su i zamjenik gradona\u010delnika Ilija Nikoli\u0107 te vi\u0161a savjetnica za imovinsko-pravne poslove i javnu nabavu pri Upravnom odjelu za razvoj Grada Andreja Hodak Bi\u0107ani\u0107.<br \/>\n(www.radioslatina.hr)<\/p>\n<p><a href=\"https:\/\/www.radioslatina.hr\/?attachment_id=289717\" rel=\"attachment wp-att-289717 noopener\" target=\"_blank\"><img loading=\"lazy\" decoding=\"async\" class=\"alignnone size-full wp-image-289717\" src=\"https:\/\/www.radioslatina.hr\/wp-content\/uploads\/2023\/05\/IMG_4709_1024x683.jpg\" sizes=\"auto, (max-width: 1024px) 100vw, 1024px\" srcset=\"https:\/\/www.radioslatina.hr\/wp-content\/uploads\/2023\/05\/IMG_4709_1024x683.jpg 1024w, https:\/\/www.radioslatina.hr\/wp-content\/uploads\/2023\/05\/IMG_4709_1024x683-768x512.jpg 768w\" alt=\"\" width=\"1024\" height=\"683\"><\/a><\/p>\n<p><a href=\"https:\/\/www.radioslatina.hr\/?attachment_id=289716\" rel=\"attachment wp-att-289716 noopener\" target=\"_blank\"><img loading=\"lazy\" decoding=\"async\" class=\"alignnone size-full wp-image-289716\" src=\"https:\/\/www.radioslatina.hr\/wp-content\/uploads\/2023\/05\/IMG_4725_1024x683.jpg\" sizes=\"auto, (max-width: 1024px) 100vw, 1024px\" srcset=\"https:\/\/www.radioslatina.hr\/wp-content\/uploads\/2023\/05\/IMG_4725_1024x683.jpg 1024w, https:\/\/www.radioslatina.hr\/wp-content\/uploads\/2023\/05\/IMG_4725_1024x683-768x512.jpg 768w\" alt=\"\" width=\"1024\" height=\"683\"><\/a><\/p>\n","protected":false},"excerpt":{"rendered":"<p>Danas je u maloj vije\u0107nici slatinske Gradske uprave uprili\u010den sastanak na kojemu su gradona\u010delnik Grada Slatine Denis Ostro\u0161i\u0107 i direktor tvrtke Slavonica d.o.o. Goran Kova\u010d<span class=\"excerpt-hellip\"> [\u2026]<\/span><\/p>\n","protected":false},"author":5,"featured_media":116966,"comment_status":"closed","ping_status":"closed","sticky":false,"template":"","format":"standard","meta":{"ngg_post_thumbnail":0,"footnotes":""},"categories":[136,137,143],"tags":[],"class_list":["post-116965","post","type-post","status-publish","format-standard","has-post-thumbnail","hentry","category-grad-slatina","category-naslovnica","category-natjecaji-poduzetnicke-zone"],"_links":{"self":[{"href":"https:\/\/www.slatina.hr\/portal\/wp-json\/wp\/v2\/posts\/116965","targetHints":{"allow":["GET"]}}],"collection":[{"href":"https:\/\/www.slatina.hr\/portal\/wp-json\/wp\/v2\/posts"}],"about":[{"href":"https:\/\/www.slatina.hr\/portal\/wp-json\/wp\/v2\/types\/post"}],"author":[{"embeddable":true,"href":"https:\/\/www.slatina.hr\/portal\/wp-json\/wp\/v2\/users\/5"}],"replies":[{"embeddable":true,"href":"https:\/\/www.slatina.hr\/portal\/wp-json\/wp\/v2\/comments?post=116965"}],"version-history":[{"count":1,"href":"https:\/\/www.slatina.hr\/portal\/wp-json\/wp\/v2\/posts\/116965\/revisions"}],"predecessor-version":[{"id":116967,"href":"https:\/\/www.slatina.hr\/portal\/wp-json\/wp\/v2\/posts\/116965\/revisions\/116967"}],"wp:featuredmedia":[{"embeddable":true,"href":"https:\/\/www.slatina.hr\/portal\/wp-json\/wp\/v2\/media\/116966"}],"wp:attachment":[{"href":"https:\/\/www.slatina.hr\/portal\/wp-json\/wp\/v2\/media?parent=116965"}],"wp:term":[{"taxonomy":"category","embeddable":true,"href":"https:\/\/www.slatina.hr\/portal\/wp-json\/wp\/v2\/categories?post=116965"},{"taxonomy":"post_tag","embeddable":true,"href":"https:\/\/www.slatina.hr\/portal\/wp-json\/wp\/v2\/tags?post=116965"}],"curies":[{"name":"wp","href":"https:\/\/api.w.org\/{rel}","templated":true}]}}