{"id":116889,"date":"2023-05-19T09:05:05","date_gmt":"2023-05-19T07:05:05","guid":{"rendered":"https:\/\/www.slatina.hr\/portal\/?p=116889"},"modified":"2023-05-19T09:05:05","modified_gmt":"2023-05-19T07:05:05","slug":"na-11-sjednici-gradskog-vijeca-grada-slatine-vijecnici-izglasali-odluku-o-nacinu-pruzanja-javne-usluge-sakupljanja-komunalnog-otpada-te-ukinuli-naplatu-parkiranja","status":"publish","type":"post","link":"https:\/\/www.slatina.hr\/portal\/na-11-sjednici-gradskog-vijeca-grada-slatine-vijecnici-izglasali-odluku-o-nacinu-pruzanja-javne-usluge-sakupljanja-komunalnog-otpada-te-ukinuli-naplatu-parkiranja\/","title":{"rendered":"Na 11. sjednici Gradskog vije\u0107a Grada Slatine vije\u0107nici izglasali Odluku o na\u010dinu pru\u017eanja javne usluge sakupljanja komunalnog otpada te ukinuli naplatu parkiranja"},"content":{"rendered":"<p>Ju\u010der je u gradskoj vije\u0107nici u zgradi Hrvatskog doma u Slatini odr\u017eana 11. sjednica Gradskog vije\u0107a kojoj se pod predsjedanjem predsjednika istoga Tome Tomi\u0107a odazvalo 11 od ukupno 15 vije\u0107nika, a uz koje su istoj prisustvovali gradona\u010delnik Slatine Denis Ostro\u0161i\u0107, njegov zamjenik Ilija Nikoli\u0107, gradski pro\u010delnici Marin Kokori\u0107 i Krunoslav \u0160arabok, djelatnici Gradske uprave, predstavnici gradskih institucija i ostali zainteresirani gra\u0111ani.<\/p>\n<p>Nakon usvajanja predlo\u017eenog dnevnog reda uz dodatak jo\u0161 jedne to\u010dke i zapisnika s prethodne dvije sjednice, redovne i izvanredne, uslijedio je aktualni sat koji je potro\u0161io ve\u0107inu vremena od 3,5 sata koliko je trajala sjednica.<br \/>\nNa \u201eaktualcu\u201c je postavljen poprili\u010dan broj vije\u0107ni\u010dkih pitanja, njih gotovo 30, a kroz koja se uglavnom \u017eustra rasprava ponovno povela po pitanjima vezanima uz Dje\u010dji vrti\u0107 Zeko Slatina i na\u010din pru\u017eanja javne usluge sakupljanja komunalnog otpada na podru\u010dju grada Slatine.<br \/>\nU kona\u010dnici su se vije\u0107nici usuglasili da \u0107e jedna od narednih sjednica tematski biti posve\u0107ena upravo radu DV Zeko u Slatini i rje\u0161avanju problema u toj gradskoj ustanovi.<br \/>\nZavr\u0161ena je i \u201esaga\u201c po pitanju razmatranja prijedloga i dono\u0161enja Odluke o na\u010dinu pru\u017eanja javne usluge sakupljanja komunalnog otpada na podru\u010dju Grada Slatine koja je izglasana sa osam glasova \u201eza\u201c od strane oporbenih vije\u0107nika, dok su vije\u0107nici Domovinskog pokreta bili protiv, a tomu je prethodilo izglasavanje nekoliko amandmana po ovoj Odluci.<br \/>\nDva su ulo\u017eili vije\u0107nici iz Kluba vije\u0107nika Domovinskog pokreta koji su amandmanima predlo\u017eili izmjene u \u010dlanku 12. gdje je dodan stavak 2. koji glasi: \u201eGrad Slatina priredio je projekt izgradnje novog recikla\u017enog dvori\u0161ta \u2013 Recikla\u017eno dvori\u0161te Slatina, u Slatini, u Poduzetni\u010dkoj zoni \u201eTrnova\u010da\u201c, a postoje\u0107e Recikla\u017eno dvori\u0161te na Odlagali\u0161tu Radosavci prenamjenjuje se u prostor\/dvori\u0161te za glomazni otpad.\u201c, dok je u poglavlju \u201eNajmanja u\u010destalost odvoza otpada\u201c u \u010dlanku 9. promijenjen stavak 3. u kojemu je bitno naglasiti da \u0107e se reciklabilni otpad (metal, tekstil i staklo) od sada odvoziti najmanje jednom u dva mjeseca umjesto jednom mjese\u010dno. Gradona\u010delnik Ostro\u0161i\u0107 prihvatio je oba amandmana dok to nije bio slu\u010daj s amandmanima koje je ulo\u017eio Klub vije\u0107nika HDZ-HSLS.<\/p>\n<p>Naime, isti su unato\u010d ne prihva\u0107anju od strane gradona\u010delnika izglasani ve\u0107inom oporbenih vije\u0107nika. Prvi amandman tako\u0111er je vezan uz \u010dlanak 12., a izmjena se odnosi na stavak 4. kojim se predlo\u017eena cijena obvezne minimalne javne usluge za sve korisnike u kategoriji ku\u0107anstvo, jedinstvena na \u010ditavom podru\u010dju primjene ove Odluke, s predlo\u017eenih 7,96 eura, odnosno 60,00 kuna mjese\u010dno, bez PDV-a za svako obra\u010dunsko mjesto, mijenja i glasi 5,88 eura, odnosno 44,30 kuna mjese\u010dno, bez PDV-a za svako obra\u010dunsko mjesto.<\/p>\n<p>Isto tako predlo\u017eena cijena obvezne minimalne javne usluge za sve korisnike u kategoriji koji nisu ku\u0107anstvo, jedinstvena na \u010ditavom podru\u010dju primjene ove Odluke, s predlo\u017eenih 10,49 eura, odnosno 79,00 kuna mjese\u010dno, bez PDV-a za svako obra\u010dunsko mjesto, mijenja i glasi 7,96 eura, odnosno 60,00 kuna mjese\u010dno, bez PDV-a za svako obra\u010dunsko mjesto.<br \/>\nOvim se amandmanom isto tako u \u010dlanku 12. dodaje stavak 5. koji glasi: \u201eGrad Slatina \u0107e svim korisnicima javne usluge kategorije ku\u0107anstvo, sukladno \u010dlanku 65. Stavak 1. Zakona o gospodarenju otpadom sufinancirati cijenu obvezne minimalne javne usluge u iznosu od 1,00 eur s PDV-om mjese\u010dno.<\/p>\n<p>Drugi amandman Kluba vije\u0107nika HDZ-HSLS odnosio se na \u010dlanak 25. gdje \u0107e se korisniku kategorije ku\u0107anstvo, koji kompostira biootpad na svojoj nekretnini, cijena minimalne javne usluge umanjiti na mjese\u010dnom ra\u010dunu, umjesto za predlo\u017eenih 1,73 eura, odnosno 13,00 kuna sve dok uredno provodi kompostiranje biootpada, za 0,50 eura, odnosno 3,77 kuna.<\/p>\n<p>U nastavku sjednice izvje\u0161\u0107e o radu Vatrogasne zajednice Slatina za 2022. godinu, kao i sve ostale odluke, osim jedne, donesene su jednoglasno. Tako su izglasane odluke o imenovanju Stru\u010dnog povjerenstva za koncesiju u postupku davanja koncesije za obavljanje komunalne djelatnosti dimnja\u010darskih poslova, o odabiru pravne osobe s kojom \u0107e se zaklju\u010diti ugovor o obavljanju sustavne preventivne deratizacije na podru\u010dju Grada Slatine za 2023. godinu, te o dodjeli potpore iz Programa mjera poticanja razvoja malog i srednjeg poduzetni\u0161tva na podru\u010dju Grada Slatine za 2023. godinu.<\/p>\n<p>Mi\u0161ljenja gradskih vije\u0107nika ponovno su se razi\u0161la po pitanju predzadnje, naknadno uvr\u0161tene to\u010dke dnevnog reda, Razmatranje prijedloga i dono\u0161enje Odluke o stavljanju izvan snage Odluke o organizaciji, na\u010dinu naplate i nadzoru parkiranja u gradu Slatini, koja je nakon kra\u0107e rasprave prihva\u0107ena tako\u0111er ve\u0107inom glasova vije\u0107nika iz klubova vije\u0107nika HDZ-HSLS i SDP-Fokus, dok su vije\u0107nici Domovinskog pokreta bili protiv.<br \/>\nOvom je odlukom ukinuta naplata parkiranja na podru\u010dju grada Slatine, a stupa na snagu osmog dana od objave u Slu\u017ebenom glasniku Grada Slatine.<\/p>\n<p>\u2013&nbsp; Prema dogovoru na posljednjem Me\u0111ustrana\u010dkom vije\u0107u dogovoreno je da \u0107e se naplata na svim parkirali\u0161tima urediti do 11. svibnja no to nije u\u010dinjeno. Svakako smo spremni razmotriti ponovno uvo\u0111enje naplate parkiranja u gradu Slatini onoga trenutka kada se stvore preduvjeti da grad Slatina ima dovoljan broj parkirali\u0161nih mjesta i da to funkcionira onako kako treba funkcionirati, odnosno dok se ne omogu\u0107i naplata parkiranja na svim parkirali\u0161tima u Slatini, te uvede naplata i na onim parkirali\u0161tima koja trenuta\u010dno nisu pod naplatom, \u2013 istaknuo je vije\u0107nik Igor Fazeka\u0161 na \u010diji je prijedlog ova to\u010dka naknadno uvr\u0161tena u dnevni red 11. sjednice.<\/p>\n<p>Na kraju sjednice gradski su vije\u0107nici, kao i gradona\u010delnik Ostro\u0161i\u0107 uputili \u010destitke rukometa\u0161ima Rukometnog kluba Slatina koji su na prvoj kvalifikacijskoj utakmici za ulazak u Premijer ligu ostvarili pobjedu, \u0161to je do sada najve\u0107i uspjeh slatinskih rukometa\u0161a ikada, te im za\u017eeljeli uspjeh u vrlo va\u017enoj uzvratnoj utakmici protiv Moslavine koja \u0107e odlu\u010diti ho\u0107e li Slatin\u010dani po prvi puta postati prvoliga\u0161i.<br \/>\nUtakmica \u0107e se odigrati sutra, 20. svibnja u 19:30 u dvorani S\u0160 Marka Maruli\u0107a u Slatini. Gradona\u010delnik je dodao kako su sve ulaznice za spomenutu utakmicu rasprodane ali \u0107e se u suradnji sa Slatinskim informativnim centrom omogu\u0107iti izravni prijenos utakmice i na velikom ekranu na Trgu sv. Josipa, te je naglasio daljnju potporu Grada slatinskom Rukometnom klubu kao i do sada.<br \/>\n\u010cestitke je uputio i predsjednik Gradskog vije\u0107a Tomo Tomi\u0107 prije nego \u0161to je zaklju\u010dio rad 11. sjednice \u010diji se prijenos izravno mogao pratiti u eteru Radio Slatine.<br \/>\n(www.radioslatina.hr)<\/p>\nngg_shortcode_0_placeholder\n","protected":false},"excerpt":{"rendered":"<p>Ju\u010der je u gradskoj vije\u0107nici u zgradi Hrvatskog doma u Slatini odr\u017eana 11. sjednica Gradskog vije\u0107a kojoj se pod predsjedanjem predsjednika istoga Tome Tomi\u0107a odazvalo<span class=\"excerpt-hellip\"> [\u2026]<\/span><\/p>\n","protected":false},"author":5,"featured_media":116926,"comment_status":"closed","ping_status":"closed","sticky":false,"template":"","format":"standard","meta":{"ngg_post_thumbnail":0,"footnotes":""},"categories":[136,11,137],"tags":[],"class_list":["post-116889","post","type-post","status-publish","format-standard","has-post-thumbnail","hentry","category-grad-slatina","category-gradskovijece","category-naslovnica"],"_links":{"self":[{"href":"https:\/\/www.slatina.hr\/portal\/wp-json\/wp\/v2\/posts\/116889","targetHints":{"allow":["GET"]}}],"collection":[{"href":"https:\/\/www.slatina.hr\/portal\/wp-json\/wp\/v2\/posts"}],"about":[{"href":"https:\/\/www.slatina.hr\/portal\/wp-json\/wp\/v2\/types\/post"}],"author":[{"embeddable":true,"href":"https:\/\/www.slatina.hr\/portal\/wp-json\/wp\/v2\/users\/5"}],"replies":[{"embeddable":true,"href":"https:\/\/www.slatina.hr\/portal\/wp-json\/wp\/v2\/comments?post=116889"}],"version-history":[{"count":1,"href":"https:\/\/www.slatina.hr\/portal\/wp-json\/wp\/v2\/posts\/116889\/revisions"}],"predecessor-version":[{"id":116927,"href":"https:\/\/www.slatina.hr\/portal\/wp-json\/wp\/v2\/posts\/116889\/revisions\/116927"}],"wp:featuredmedia":[{"embeddable":true,"href":"https:\/\/www.slatina.hr\/portal\/wp-json\/wp\/v2\/media\/116926"}],"wp:attachment":[{"href":"https:\/\/www.slatina.hr\/portal\/wp-json\/wp\/v2\/media?parent=116889"}],"wp:term":[{"taxonomy":"category","embeddable":true,"href":"https:\/\/www.slatina.hr\/portal\/wp-json\/wp\/v2\/categories?post=116889"},{"taxonomy":"post_tag","embeddable":true,"href":"https:\/\/www.slatina.hr\/portal\/wp-json\/wp\/v2\/tags?post=116889"}],"curies":[{"name":"wp","href":"https:\/\/api.w.org\/{rel}","templated":true}]}}