{"id":116785,"date":"2023-05-04T07:49:37","date_gmt":"2023-05-04T05:49:37","guid":{"rendered":"https:\/\/www.slatina.hr\/portal\/?p=116785"},"modified":"2023-05-04T17:18:10","modified_gmt":"2023-05-04T15:18:10","slug":"cestitka-slatinskog-gradonacelnika-povodom-4-svibnja-svjetskog-dana-vatrogasaca-i-blagdana-sv-florijana-3","status":"publish","type":"post","link":"https:\/\/www.slatina.hr\/portal\/cestitka-slatinskog-gradonacelnika-povodom-4-svibnja-svjetskog-dana-vatrogasaca-i-blagdana-sv-florijana-3\/","title":{"rendered":"\u010cestitka slatinskog gradona\u010delnika povodom 4. svibnja \u2013 Svjetskog dana vatrogasaca i blagdana sv. Florijana"},"content":{"rendered":"<p>U prigodi Svjetskog dana vatrogasaca i blagdana sv. Florijana koji se obilje\u017eava 4. svibnja, svim pripadnicima vatrogasnih postrojbi i dobrovoljnih vatrogasnih dru\u0161tava \u010destitku je uputio gradona\u010delnik Grada Slatine Denis Ostro\u0161i\u0107:<\/p>\n<p>\u2013 Hvala vam na iznimnom zalaganju, trudu i radu koji gotovo svakodnevno ula\u017eete u spa\u0161avanje ljudi i njihove imovine.<\/p>\n<p>Zahvaljujem vam na iznimnoj profesionalnosti i po\u017ertvovnosti koju iskazujete kada god je to potrebno obavljaju\u0107i ovu nadasve humanu profesiju.<\/p>\n<p>Neka vas uvijek prati blagoslov sv. Florijana!<\/p>\n<p>U ime Grada Slatine, svog zamjenika, ostalih suradnika i u svoje osobno ime, \u010destitam vam 4. svibnja \u2013 Svjetski dan vatrogasaca i blagdan sv. Florijana!<\/p>\n<p>Gradona\u010delnik Grada Slatine Denis Ostro\u0161i\u0107<\/p>\n","protected":false},"excerpt":{"rendered":"<p>U prigodi Svjetskog dana vatrogasaca i blagdana sv. Florijana koji se obilje\u017eava 4. svibnja, svim pripadnicima vatrogasnih postrojbi i dobrovoljnih vatrogasnih dru\u0161tava \u010destitku je uputio<span class=\"excerpt-hellip\"> [\u2026]<\/span><\/p>\n","protected":false},"author":5,"featured_media":116796,"comment_status":"closed","ping_status":"closed","sticky":false,"template":"","format":"standard","meta":{"ngg_post_thumbnail":0,"footnotes":""},"categories":[136,137],"tags":[],"class_list":["post-116785","post","type-post","status-publish","format-standard","has-post-thumbnail","hentry","category-grad-slatina","category-naslovnica"],"_links":{"self":[{"href":"https:\/\/www.slatina.hr\/portal\/wp-json\/wp\/v2\/posts\/116785","targetHints":{"allow":["GET"]}}],"collection":[{"href":"https:\/\/www.slatina.hr\/portal\/wp-json\/wp\/v2\/posts"}],"about":[{"href":"https:\/\/www.slatina.hr\/portal\/wp-json\/wp\/v2\/types\/post"}],"author":[{"embeddable":true,"href":"https:\/\/www.slatina.hr\/portal\/wp-json\/wp\/v2\/users\/5"}],"replies":[{"embeddable":true,"href":"https:\/\/www.slatina.hr\/portal\/wp-json\/wp\/v2\/comments?post=116785"}],"version-history":[{"count":1,"href":"https:\/\/www.slatina.hr\/portal\/wp-json\/wp\/v2\/posts\/116785\/revisions"}],"predecessor-version":[{"id":116787,"href":"https:\/\/www.slatina.hr\/portal\/wp-json\/wp\/v2\/posts\/116785\/revisions\/116787"}],"wp:featuredmedia":[{"embeddable":true,"href":"https:\/\/www.slatina.hr\/portal\/wp-json\/wp\/v2\/media\/116796"}],"wp:attachment":[{"href":"https:\/\/www.slatina.hr\/portal\/wp-json\/wp\/v2\/media?parent=116785"}],"wp:term":[{"taxonomy":"category","embeddable":true,"href":"https:\/\/www.slatina.hr\/portal\/wp-json\/wp\/v2\/categories?post=116785"},{"taxonomy":"post_tag","embeddable":true,"href":"https:\/\/www.slatina.hr\/portal\/wp-json\/wp\/v2\/tags?post=116785"}],"curies":[{"name":"wp","href":"https:\/\/api.w.org\/{rel}","templated":true}]}}