{"id":115915,"date":"2023-03-07T08:02:33","date_gmt":"2023-03-07T07:02:33","guid":{"rendered":"https:\/\/www.slatina.hr\/portal\/?p=115915"},"modified":"2023-03-07T08:02:33","modified_gmt":"2023-03-07T07:02:33","slug":"u-sklopu-gradskog-erasmus-projekta-prvi-koraci-odrzane-nove-fokus-grupe","status":"publish","type":"post","link":"https:\/\/www.slatina.hr\/portal\/u-sklopu-gradskog-erasmus-projekta-prvi-koraci-odrzane-nove-fokus-grupe\/","title":{"rendered":"U sklopu gradskog Erasmus+ projekta Prvi koraci odr\u017eane nove fokus grupe"},"content":{"rendered":"<p>U sklopu projekta Prvi koraci koje Grad Slatina provodi zajedno sa svojih \u0161est projektnih partnera, pro\u0161le godine zapo\u010dete radionice nastavljene su i u ovoj godini. Tako su odr\u017eane nove radionice u sije\u010dnju i velja\u010di u prigradskim naseljima Donji Meljani i Sladojevci.<br \/>\nRadionicu u Donjim Meljanima odradila je Neda Ma\u0111arac ina\u010de predsjednica udruge za mlade Youth Buzz, a dio programa odra\u0111en je u prostoru Gradske knji\u017enice i \u010ditaonice Slatina, dok je radionicu u Sladojevcima vodila Helena Dere\u0161 administratorica Udruge osoba s intelektualnim te\u0161ko\u0107ama Vretenac Slatina \u010diji su \u010dlanovi i sudjelovali u provedbi fokus grupe, a na kojoj je uz koordinatoricu projekta Mariju Fumi\u0107, sudjelovao i predsjednik Gradskog vije\u0107a Grada Slatine Tomo Tomi\u0107.<br \/>\nPrilikom provedbe implementirani su razli\u010diti oblici neformalne metode rada, odnosno rad u skupini, rad na zadatcima kojima se razvijaju vje\u0161tine kreativnog i kriti\u010dkog razmi\u0161ljanja te timski rad.<\/p>\n<p>I ove su fokus grupa odr\u017eane s ciljem istra\u017eivanja mi\u0161ljenja mladih o lokalnoj zajednici te kako bi mladi imali prigodu izraziti probleme s kojima se susre\u0107u u gradu Slatini i prigradskim naseljima.<br \/>\nRadionice \u0107e se odr\u017eavati sve do mjeseca lipnja, kad kre\u0107e analiza prikupljenih podataka na fokus grupama i izrada Strate\u0161kog plana za mlade.<\/p>\n<p>Naredne radionice u mjesecu o\u017eujku i travnju odradit \u0107e tako\u0111er partneri na projektu, odnosno udruge HVIDR-a Slatina, UZOOR Slatina.<br \/>\n(www.radioslatina.hr)<\/p>\n<p><img loading=\"lazy\" decoding=\"async\" class=\"alignnone size-full wp-image-278477\" src=\"https:\/\/www.radioslatina.hr\/wp-content\/uploads\/2023\/03\/Erasmus-plus_logo-1-scaled.jpg\" sizes=\"auto, (max-width: 2560px) 100vw, 2560px\" srcset=\"https:\/\/www.radioslatina.hr\/wp-content\/uploads\/2023\/03\/Erasmus-plus_logo-1-scaled.jpg 2560w, https:\/\/www.radioslatina.hr\/wp-content\/uploads\/2023\/03\/Erasmus-plus_logo-1-768x142.jpg 768w, https:\/\/www.radioslatina.hr\/wp-content\/uploads\/2023\/03\/Erasmus-plus_logo-1-1536x285.jpg 1536w, https:\/\/www.radioslatina.hr\/wp-content\/uploads\/2023\/03\/Erasmus-plus_logo-1-2048x380.jpg 2048w\" alt=\"\" width=\"2560\" height=\"474\"><\/p>\n<p>ngg_shortcode_0_placeholder<img loading=\"lazy\" decoding=\"async\" class=\"alignnone size-full wp-image-115927\" src=\"https:\/\/www.slatina.hr\/portal\/wp-content\/uploads\/2023\/03\/Erasmus-plus_Logo_2.jpg\" alt=\"\" width=\"1041\" height=\"422\" srcset=\"https:\/\/www.slatina.hr\/portal\/wp-content\/uploads\/2023\/03\/Erasmus-plus_Logo_2.jpg 1041w, https:\/\/www.slatina.hr\/portal\/wp-content\/uploads\/2023\/03\/Erasmus-plus_Logo_2-768x311.jpg 768w, https:\/\/www.slatina.hr\/portal\/wp-content\/uploads\/2023\/03\/Erasmus-plus_Logo_2-260x105.jpg 260w, https:\/\/www.slatina.hr\/portal\/wp-content\/uploads\/2023\/03\/Erasmus-plus_Logo_2-50x20.jpg 50w, https:\/\/www.slatina.hr\/portal\/wp-content\/uploads\/2023\/03\/Erasmus-plus_Logo_2-150x61.jpg 150w, https:\/\/www.slatina.hr\/portal\/wp-content\/uploads\/2023\/03\/Erasmus-plus_Logo_2-620x251.jpg 620w\" sizes=\"auto, (max-width:767px) 480px, (max-width:1041px) 100vw, 1041px\" \/><\/p>\n<p>&nbsp;<\/p>\n<p>&nbsp;<\/p>\n<p>&nbsp;<\/p>\n<p>&nbsp;<\/p>\n","protected":false},"excerpt":{"rendered":"<p>U sklopu projekta Prvi koraci koje Grad Slatina provodi zajedno sa svojih \u0161est projektnih partnera, pro\u0161le godine zapo\u010dete radionice nastavljene su i u ovoj godini.<span class=\"excerpt-hellip\"> [\u2026]<\/span><\/p>\n","protected":false},"author":5,"featured_media":115928,"comment_status":"closed","ping_status":"closed","sticky":false,"template":"","format":"standard","meta":{"ngg_post_thumbnail":0,"footnotes":""},"categories":[136,137],"tags":[],"class_list":["post-115915","post","type-post","status-publish","format-standard","has-post-thumbnail","hentry","category-grad-slatina","category-naslovnica"],"_links":{"self":[{"href":"https:\/\/www.slatina.hr\/portal\/wp-json\/wp\/v2\/posts\/115915","targetHints":{"allow":["GET"]}}],"collection":[{"href":"https:\/\/www.slatina.hr\/portal\/wp-json\/wp\/v2\/posts"}],"about":[{"href":"https:\/\/www.slatina.hr\/portal\/wp-json\/wp\/v2\/types\/post"}],"author":[{"embeddable":true,"href":"https:\/\/www.slatina.hr\/portal\/wp-json\/wp\/v2\/users\/5"}],"replies":[{"embeddable":true,"href":"https:\/\/www.slatina.hr\/portal\/wp-json\/wp\/v2\/comments?post=115915"}],"version-history":[{"count":1,"href":"https:\/\/www.slatina.hr\/portal\/wp-json\/wp\/v2\/posts\/115915\/revisions"}],"predecessor-version":[{"id":115929,"href":"https:\/\/www.slatina.hr\/portal\/wp-json\/wp\/v2\/posts\/115915\/revisions\/115929"}],"wp:featuredmedia":[{"embeddable":true,"href":"https:\/\/www.slatina.hr\/portal\/wp-json\/wp\/v2\/media\/115928"}],"wp:attachment":[{"href":"https:\/\/www.slatina.hr\/portal\/wp-json\/wp\/v2\/media?parent=115915"}],"wp:term":[{"taxonomy":"category","embeddable":true,"href":"https:\/\/www.slatina.hr\/portal\/wp-json\/wp\/v2\/categories?post=115915"},{"taxonomy":"post_tag","embeddable":true,"href":"https:\/\/www.slatina.hr\/portal\/wp-json\/wp\/v2\/tags?post=115915"}],"curies":[{"name":"wp","href":"https:\/\/api.w.org\/{rel}","templated":true}]}}