{"id":115740,"date":"2023-02-20T13:28:32","date_gmt":"2023-02-20T12:28:32","guid":{"rendered":"https:\/\/www.slatina.hr\/portal\/?p=115740"},"modified":"2023-02-20T13:28:32","modified_gmt":"2023-02-20T12:28:32","slug":"na-smart-city-summitu-2023-u-sibeniku-grad-slatina-predstavlja-projekt-smart-city-slatina","status":"publish","type":"post","link":"https:\/\/www.slatina.hr\/portal\/na-smart-city-summitu-2023-u-sibeniku-grad-slatina-predstavlja-projekt-smart-city-slatina\/","title":{"rendered":"Na Smart City Summitu 2023. u \u0160ibeniku Grad Slatina predstavlja projekt \u201eSmart City Slatina\u201c"},"content":{"rendered":"<p>U \u0160ibeniku se od 20. do 22. velja\u010de odr\u017eava Smart City Summit 2023. pod geslom \u201eInovacije i tehnologije koje podi\u017eu kvalitetu \u017eivota urbanih i ruralnih sredina\u201c.<\/p>\n<p><strong>Pametni gradovi \u2013 izvedivi koncept sada\u0161njosti ili samo san o budu\u0107nosti?<\/strong><\/p>\n<p><img loading=\"lazy\" decoding=\"async\" class=\"wp-image-115744 alignleft\" src=\"https:\/\/www.slatina.hr\/portal\/wp-content\/uploads\/2023\/02\/IMG-f3a22c2a6771beaa6d7de74e40c097e0-V_565x768.jpg\" alt=\"\" width=\"224\" height=\"304\" srcset=\"https:\/\/www.slatina.hr\/portal\/wp-content\/uploads\/2023\/02\/IMG-f3a22c2a6771beaa6d7de74e40c097e0-V_565x768.jpg 565w, https:\/\/www.slatina.hr\/portal\/wp-content\/uploads\/2023\/02\/IMG-f3a22c2a6771beaa6d7de74e40c097e0-V_565x768-107x146.jpg 107w, https:\/\/www.slatina.hr\/portal\/wp-content\/uploads\/2023\/02\/IMG-f3a22c2a6771beaa6d7de74e40c097e0-V_565x768-37x50.jpg 37w, https:\/\/www.slatina.hr\/portal\/wp-content\/uploads\/2023\/02\/IMG-f3a22c2a6771beaa6d7de74e40c097e0-V_565x768-55x75.jpg 55w, https:\/\/www.slatina.hr\/portal\/wp-content\/uploads\/2023\/02\/IMG-f3a22c2a6771beaa6d7de74e40c097e0-V_565x768-552x750.jpg 552w\" sizes=\"auto, (max-width:767px) 224px, 224px\" \/>Zahvaljuju\u0107i nevjerojatno inovativnim rje\u0161enjima mnoge jedinice lokalne samouprave (JLS) i jedinice regionalne samouprave (JRS) koriste stani\u010dne i be\u017ei\u010dne tehnologije \u0161irokog podru\u010dja kako bi se povezale i pobolj\u0161ale infrastrukturu, u\u010dinkovitost, prakti\u010dnost i kvalitetu \u017eivota kako za stanovnike tako i za posjetitelje.<\/p>\n<p>Na tom tragu u \u0160ibeniku su se okupili vode\u0107i stru\u010dnjaci iz podru\u010dja pametnih gradova, te sudionike o\u010dekuju brojna predavanja, radionice i paneli na teme pametnih gradova, a \u0161to su to\u010dno pametni gradovi i kako se dolazi to tog statusa, te kakva je infrastruktura potrebna za to, svi zainteresirani \u0107e doznati kroz tri dana ispunjena bogatim sadr\u017eajima.<\/p>\n<p>Jedan od sudionika Summita je i Grad Slatina koji predstavljanju gradski pro\u010delnici, Stru\u010dne slu\u017ebe Krunoslav \u0160arabok i Upravnog odjela za razvoj grada Marin Kokori\u0107, te v.d. ravnatelja Gradske razvojne agencije Slatine Jurica Culej. Upravo njemu pripala je \u010dast prezentirati iskustva Grada Slatine na spomenutu temu.<\/p>\n<p>\u2013 Iznimna \u010dast je danas predstaviti Grad Slatinu ovdje u \u0160ibeniku u kontekstu \u201eSmart City Slatina\u201c. Budu\u0107i da uskoro kre\u0107emo u realizaciju projekta digitalne transformacije Grada Slatine \u201eSmart City Slatina\u201c ovaj summit je od iznimne va\u017enosti za razmjenu iskustava izme\u0111u svih sudionika. Isto tako ovom prilikom smo prikazali sve ono \u0161to na\u0161 grad nudi te stekli nova prijateljstva s ciljem razvoja na\u0161e lokalne zajednice, \u2013 istaknuo je Culej te dodao kako je ovo prilika za stjecanjem novih saznanja i inovativnih rje\u0161enja, te stvaranje mre\u017ee potencijalnih suradnika kako bi se generirale nove poslovne suradnje.<\/p>\n<p>Program ovogodi\u0161njeg Summita obiluje predavanjima edukativnog karaktera koja otvaraju nove perspektive, a teme proizlaze iz dosada\u0161nje prakse, ali i sve ve\u0107e potrebe strate\u0161kog promi\u0161ljanja u slu\u017ebi pametnih gradova, te uzimanja u obzir svih elemenata koji utje\u010du na to da je grad pametan, u\u010dinkovit, siguran i odr\u017eiv. Posljednjega dana Sammit \u0107e se pozabaviti i temom pametnih sela.<br \/>\n(www.radioslatina.hr)<\/p>\n<p><img loading=\"lazy\" decoding=\"async\" class=\"size-full wp-image-276896 aligncenter\" src=\"https:\/\/www.radioslatina.hr\/wp-content\/uploads\/2023\/02\/IMG-0680a783e17353d2ec911bfe3e479a0d-V_576x768.jpg\" alt=\"\" width=\"576\" height=\"768\"><\/p>\n<p><img loading=\"lazy\" decoding=\"async\" class=\"size-full wp-image-276895 aligncenter\" src=\"https:\/\/www.radioslatina.hr\/wp-content\/uploads\/2023\/02\/IMG-7addf092a4e039dd389622a0ab58d6f7-V_586x768.jpg\" alt=\"\" width=\"586\" height=\"768\"><\/p>\n<p><img loading=\"lazy\" decoding=\"async\" class=\"size-full wp-image-276897 aligncenter\" src=\"https:\/\/www.radioslatina.hr\/wp-content\/uploads\/2023\/02\/IMG-e18ea35ae276da7e8bd3e4461aa9aabd-V_576x768.jpg\" alt=\"\" width=\"576\" height=\"768\"><\/p>\n","protected":false},"excerpt":{"rendered":"<p>U \u0160ibeniku se od 20. do 22. velja\u010de odr\u017eava Smart City Summit 2023. pod geslom \u201eInovacije i tehnologije koje podi\u017eu kvalitetu \u017eivota urbanih i ruralnih<span class=\"excerpt-hellip\"> [\u2026]<\/span><\/p>\n","protected":false},"author":5,"featured_media":115741,"comment_status":"closed","ping_status":"closed","sticky":false,"template":"","format":"standard","meta":{"ngg_post_thumbnail":0,"footnotes":""},"categories":[136,137],"tags":[],"class_list":["post-115740","post","type-post","status-publish","format-standard","has-post-thumbnail","hentry","category-grad-slatina","category-naslovnica"],"_links":{"self":[{"href":"https:\/\/www.slatina.hr\/portal\/wp-json\/wp\/v2\/posts\/115740","targetHints":{"allow":["GET"]}}],"collection":[{"href":"https:\/\/www.slatina.hr\/portal\/wp-json\/wp\/v2\/posts"}],"about":[{"href":"https:\/\/www.slatina.hr\/portal\/wp-json\/wp\/v2\/types\/post"}],"author":[{"embeddable":true,"href":"https:\/\/www.slatina.hr\/portal\/wp-json\/wp\/v2\/users\/5"}],"replies":[{"embeddable":true,"href":"https:\/\/www.slatina.hr\/portal\/wp-json\/wp\/v2\/comments?post=115740"}],"version-history":[{"count":4,"href":"https:\/\/www.slatina.hr\/portal\/wp-json\/wp\/v2\/posts\/115740\/revisions"}],"predecessor-version":[{"id":115746,"href":"https:\/\/www.slatina.hr\/portal\/wp-json\/wp\/v2\/posts\/115740\/revisions\/115746"}],"wp:featuredmedia":[{"embeddable":true,"href":"https:\/\/www.slatina.hr\/portal\/wp-json\/wp\/v2\/media\/115741"}],"wp:attachment":[{"href":"https:\/\/www.slatina.hr\/portal\/wp-json\/wp\/v2\/media?parent=115740"}],"wp:term":[{"taxonomy":"category","embeddable":true,"href":"https:\/\/www.slatina.hr\/portal\/wp-json\/wp\/v2\/categories?post=115740"},{"taxonomy":"post_tag","embeddable":true,"href":"https:\/\/www.slatina.hr\/portal\/wp-json\/wp\/v2\/tags?post=115740"}],"curies":[{"name":"wp","href":"https:\/\/api.w.org\/{rel}","templated":true}]}}