{"id":115725,"date":"2023-02-18T12:18:12","date_gmt":"2023-02-18T11:18:12","guid":{"rendered":"https:\/\/www.slatina.hr\/portal\/?p=115725"},"modified":"2023-02-18T12:18:12","modified_gmt":"2023-02-18T11:18:12","slug":"slatina-na-viroexpu-4","status":"publish","type":"post","link":"https:\/\/www.slatina.hr\/portal\/slatina-na-viroexpu-4\/","title":{"rendered":"Slatina na Viroexpu"},"content":{"rendered":"<p>Viroexpo je ju\u010der otvorio svoja vrata brojnim izlaga\u010dima i brojnim posjetiteljima koji su imali prigodu obi\u0107i veliki broj \u0161tandova, a i danas je nastavljen poprili\u010dan \u201emoving\u201c.<\/p>\n<p>Grad Slatina ove se godine predstavlja zajedno sa Slatinskim informativnim centom, Gradskom razvojnom agencijom Slatine i EPIcentrom Sequoia Slatina, a naravno brojni se Slatin\u010dani i samostalno predstavljaju na svojim \u0161tandovima.<\/p>\n<p>Na vama je da sami obi\u0111ete ovogodi\u0161nji sajam Viroexpo i prona\u0111ete sve vama zanimljive izlaga\u010de.<\/p>\n<p>Dru\u017eenje i stjecanje novih poznanstava i kontakata \u0161to i je jedan od ciljeva sajma ve\u0107 je zapo\u010delo, tako su gradski \u0161tand ve\u0107 obi\u0161li brojni posjetitelji, a Radio Slatina u ova dva dana za vrijeme trajanja sajma priprema i zanimljiva javljanja izravno u svom eteru.<br \/>\n(www.radioslatina.hr)<\/p>\nngg_shortcode_0_placeholder\n","protected":false},"excerpt":{"rendered":"<p>Viroexpo je ju\u010der otvorio svoja vrata brojnim izlaga\u010dima i brojnim posjetiteljima koji su imali prigodu obi\u0107i veliki broj \u0161tandova, a i danas je nastavljen poprili\u010dan<span class=\"excerpt-hellip\"> [\u2026]<\/span><\/p>\n","protected":false},"author":5,"featured_media":115733,"comment_status":"closed","ping_status":"closed","sticky":false,"template":"","format":"standard","meta":{"ngg_post_thumbnail":0,"footnotes":""},"categories":[136,137],"tags":[],"class_list":["post-115725","post","type-post","status-publish","format-standard","has-post-thumbnail","hentry","category-grad-slatina","category-naslovnica"],"_links":{"self":[{"href":"https:\/\/www.slatina.hr\/portal\/wp-json\/wp\/v2\/posts\/115725","targetHints":{"allow":["GET"]}}],"collection":[{"href":"https:\/\/www.slatina.hr\/portal\/wp-json\/wp\/v2\/posts"}],"about":[{"href":"https:\/\/www.slatina.hr\/portal\/wp-json\/wp\/v2\/types\/post"}],"author":[{"embeddable":true,"href":"https:\/\/www.slatina.hr\/portal\/wp-json\/wp\/v2\/users\/5"}],"replies":[{"embeddable":true,"href":"https:\/\/www.slatina.hr\/portal\/wp-json\/wp\/v2\/comments?post=115725"}],"version-history":[{"count":1,"href":"https:\/\/www.slatina.hr\/portal\/wp-json\/wp\/v2\/posts\/115725\/revisions"}],"predecessor-version":[{"id":115734,"href":"https:\/\/www.slatina.hr\/portal\/wp-json\/wp\/v2\/posts\/115725\/revisions\/115734"}],"wp:featuredmedia":[{"embeddable":true,"href":"https:\/\/www.slatina.hr\/portal\/wp-json\/wp\/v2\/media\/115733"}],"wp:attachment":[{"href":"https:\/\/www.slatina.hr\/portal\/wp-json\/wp\/v2\/media?parent=115725"}],"wp:term":[{"taxonomy":"category","embeddable":true,"href":"https:\/\/www.slatina.hr\/portal\/wp-json\/wp\/v2\/categories?post=115725"},{"taxonomy":"post_tag","embeddable":true,"href":"https:\/\/www.slatina.hr\/portal\/wp-json\/wp\/v2\/tags?post=115725"}],"curies":[{"name":"wp","href":"https:\/\/api.w.org\/{rel}","templated":true}]}}