{"id":115594,"date":"2023-02-09T15:25:11","date_gmt":"2023-02-09T14:25:11","guid":{"rendered":"https:\/\/www.slatina.hr\/portal\/?p=115594"},"modified":"2023-02-09T15:25:11","modified_gmt":"2023-02-09T14:25:11","slug":"grad-slatina-nabavio-novu-opremu-za-potrebe-jvp-grada-slatine","status":"publish","type":"post","link":"https:\/\/www.slatina.hr\/portal\/grad-slatina-nabavio-novu-opremu-za-potrebe-jvp-grada-slatine\/","title":{"rendered":"Grad Slatina nabavio novu opremu za potrebe JVP grada Slatine"},"content":{"rendered":"<p>Budu\u0107i da se ukazala potreba za nabavom dodatne opreme nakon nedavnog nevremena uzrokovanog olujnim vjetrom na slatinskom podru\u010dju i u skladu s tim radovima na sanaciji nastale \u0161tete, danas su gradona\u010delnik Grada Slatine Denis Ostro\u0161i\u0107 i njegov zamjenik Ilija Nikoli\u0107, vr\u0161itelju du\u017enosti zapovjednika Javne vatrogasne postrojbe grada Slatine Tomislavu Uheru predali dvije nove motorne pile marke Stihl.<br \/>\nOprema je nabavljena namjenskim sredstvima iz prora\u010duna Grada Slatine za Civilnu za\u0161titu, a u suradnji sa slatinskim obrtom HGA vl. Vlade \u017dupana koji je tako\u0111er nazo\u010dio primopredaji motornih pila u prostoru JVP grada Slatine. &nbsp;<\/p>\n<p>\u2013 Nabava ove opreme je na neki na\u010din samo \u201ekap u moru\u201c te bi se jo\u0161 vi\u0161e opreme trebalo nabaviti kako bi Javna vatrogasna postrojba grada Slatine u svakom trenutku bila \u0161to spremnija, \u2013 istaknuo je gradona\u010delnik Ostro\u0161i\u0107 te pojasnio:<\/p>\n<p>\u2013 Puno se zadnjih godina ulagalo u vatrogastvo, odnosno Javnu vatrogasnu postrojbu i dobrovoljna vatrogasna dru\u0161tva na slatinskom podru\u010dju. Me\u0111utim, mislim da preko Vatrogasne zajednice trebamo apelirati da sredstva koja su namijenjena vatrogascima ove i idu\u0107ih godina \u0161to vi\u0161e usmjerimo prema Javnoj vatrogasnoj postrojbi koja treba i nove vizire, i nove \u010dizme te masu druge opreme koja je dosta skupa, a budu\u0107i da su dobrovoljna vatrogasna dru\u0161tva prema svojim potrebama za sada dosta dobro opremljena. S druge strane JVP \u0107e morati poja\u010dati i svoje ljudstvo kako bi se dodatno oja\u010dala, a to \u0107e tako\u0111er iziskivati nabavu dodatne opreme. Nadam se da \u0107e spomenuta sredstva sti\u0107i u prave ruke budu\u0107i da na 95, ako ne i vi\u0161e posto intervencija izlaze upravo na\u0161i vatrogasci koji su profesionalci, \u2013 rekao je gradona\u010delnik Ostro\u0161i\u0107, te dodao.<\/p>\n<p>\u2013 Sve ovo \u0161to se radi po prigradskim naseljima gdje djeluju dobrovoljna vatrogasna dru\u0161tva je tako\u0111er hvalevrijedno jer oni imaju i pomladak i ostale stalne ekipe koje redovito vje\u017ebaju i tu su kako bi pomogle Javnoj vatrogasnoj postrojbi, me\u0111utim \u010dinjenica je da se sredstva maksimalno trebaju preusmjeriti u profesionalnu postrojbu i njezino opremanje.<br \/>\nPo\u017eara je sada sve manje ali elementarnih nepogoda na \u017ealost sve vi\u0161e, bilo da su to poplave ili ovakve situacije kao \u0161to su to bile ovih dana, stoga \u0107emo se maksimalno truditi \u0161to bolje opremiti na\u0161e vatrogasce koji su nam na raspolaganju 24 sata dnevno.<br \/>\nTrenuta\u010dno na raspolaganju imamo 17 vatrogasaca i svi do jednoga su ovih dana bili maksimalno anga\u017eirani uz sve ostale slu\u017ebe koje su se uklju\u010dile u radove na sanaciji nastale \u0161tete, od Gornjeg Miholjca i ostalih prigradskih naselja do Slatine, i svima im na tome veliko hvala.<br \/>\nPosla jo\u0161 ima pred nama, tako da \u0107emo nastaviti s radom dok se ne sanira sva nastala \u0161teta, iako ima i pojedinih pote\u0161ko\u0107a. Naime, do\u0161lo je do kvara na korpi koja se ina\u010de koristi rje\u0111e, odnosno po potrebi, a ovih je dana bila maksimalno anga\u017eirana te ne \u010dudi kada se dogodi odre\u0111eni kvar. Korpa \u0107e u \u0161to kra\u0107em vremenu sti\u0107i s popravka tako da \u0107e, vjerujem ve\u0107 sljede\u0107i tjedan ponovno biti .na raspolaganju, tim vi\u0161e \u0161to imamo jo\u0161 nekoliko sanacija na visinama koje ne bi mogli odraditi bez korpe, \u2013 rekao je gradona\u010delnik, te dodao kako \u0107e se tijekom narednog tjedna razmatrati situacija s drugim snagama u sklopu sustava Civilne za\u0161tite koja je imala svoje jedinice koje su bile daleko pripremljenije i aktivnije.<\/p>\n<p>\u2013 Kako sada vi\u0161e nema redovitoga slu\u017eenja vojnog roka, a na\u0161i mladi i svi oni koji su napustili Hrvatsku i Slatinu te iz nekog razloga nisu tu, trebamo revidirati sve popise i ponovo oformiti nove ekipe s onim ljudima na koje doista mo\u017eemo ra\u010dunati da \u0107e u datom trenutku biti sposobni odraditi ono \u0161to treba. Iako se oni povla\u010de na teren tek onda kada se i vatrogasci i osnovni Sto\u017eer civilne za\u0161tite ve\u0107 aktiviraju i zatrebaju dodatnu pomo\u0107, moramo biti spremni, \u2013 zaklju\u010dio je gradona\u010delnik. &nbsp;<\/p>\n<p>Zadovoljstvo novom opremom izrazio je v.d. zapovjednika JVP Slatine Tomislav Uher.<\/p>\n<p>\u2013 Oprema s kojom trenuta\u010dno raspola\u017ee JVP grada Slatine nije dostatna da pravovremeno iza\u0111emo na sve intervencije, te se ovom prilikom zahvaljujem Gradu Slatini i gradona\u010delniku Ostro\u0161i\u0107u koji su prepoznali na\u0161u potrebu te opremu postrojbe nadopunili s dvije profesionalne motorne pile namijenjene za orezivanje grana i ru\u0161enje manjih stabala. Ove pile imaju manju te\u017einu tako da se njima mo\u017ee \u0161to lak\u0161e rukovati iz autoljestvi, \u2013 rekao je Uher.<br \/>\n(www.radioslatina.hr)<\/p>\nngg_shortcode_0_placeholder\n","protected":false},"excerpt":{"rendered":"<p>Budu\u0107i da se ukazala potreba za nabavom dodatne opreme nakon nedavnog nevremena uzrokovanog olujnim vjetrom na slatinskom podru\u010dju i u skladu s tim radovima na<span class=\"excerpt-hellip\"> [\u2026]<\/span><\/p>\n","protected":false},"author":5,"featured_media":115600,"comment_status":"closed","ping_status":"closed","sticky":false,"template":"","format":"standard","meta":{"ngg_post_thumbnail":0,"footnotes":""},"categories":[136,137],"tags":[],"class_list":["post-115594","post","type-post","status-publish","format-standard","has-post-thumbnail","hentry","category-grad-slatina","category-naslovnica"],"_links":{"self":[{"href":"https:\/\/www.slatina.hr\/portal\/wp-json\/wp\/v2\/posts\/115594","targetHints":{"allow":["GET"]}}],"collection":[{"href":"https:\/\/www.slatina.hr\/portal\/wp-json\/wp\/v2\/posts"}],"about":[{"href":"https:\/\/www.slatina.hr\/portal\/wp-json\/wp\/v2\/types\/post"}],"author":[{"embeddable":true,"href":"https:\/\/www.slatina.hr\/portal\/wp-json\/wp\/v2\/users\/5"}],"replies":[{"embeddable":true,"href":"https:\/\/www.slatina.hr\/portal\/wp-json\/wp\/v2\/comments?post=115594"}],"version-history":[{"count":1,"href":"https:\/\/www.slatina.hr\/portal\/wp-json\/wp\/v2\/posts\/115594\/revisions"}],"predecessor-version":[{"id":115601,"href":"https:\/\/www.slatina.hr\/portal\/wp-json\/wp\/v2\/posts\/115594\/revisions\/115601"}],"wp:featuredmedia":[{"embeddable":true,"href":"https:\/\/www.slatina.hr\/portal\/wp-json\/wp\/v2\/media\/115600"}],"wp:attachment":[{"href":"https:\/\/www.slatina.hr\/portal\/wp-json\/wp\/v2\/media?parent=115594"}],"wp:term":[{"taxonomy":"category","embeddable":true,"href":"https:\/\/www.slatina.hr\/portal\/wp-json\/wp\/v2\/categories?post=115594"},{"taxonomy":"post_tag","embeddable":true,"href":"https:\/\/www.slatina.hr\/portal\/wp-json\/wp\/v2\/tags?post=115594"}],"curies":[{"name":"wp","href":"https:\/\/api.w.org\/{rel}","templated":true}]}}