{"id":115584,"date":"2023-02-06T13:28:38","date_gmt":"2023-02-06T12:28:38","guid":{"rendered":"https:\/\/www.slatina.hr\/portal\/?p=115584"},"modified":"2023-02-06T13:28:38","modified_gmt":"2023-02-06T12:28:38","slug":"9-sjednica-gradskog-vijeca-grada-slatine-zakazana-za-petak-10-veljace","status":"publish","type":"post","link":"https:\/\/www.slatina.hr\/portal\/9-sjednica-gradskog-vijeca-grada-slatine-zakazana-za-petak-10-veljace\/","title":{"rendered":"9. sjednica Gradskog vije\u0107a Grada Slatine zakazana za petak, 10. velja\u010de"},"content":{"rendered":"<p>Predsjednik Gradskog vije\u0107a Grada Slatine Tomo Tomi\u0107 sazvao je 9. sjednicu Gradskog vije\u0107a koja \u0107e se odr\u017eati u petak, 10. velja\u010de 2023. godine s po\u010detkom u 16 sati u velikoj dvorani Hrvatskog doma u Slatini, u Ulici bra\u0107e Radi\u0107 4.<\/p>\n<p>Za sjednicu je predlo\u017een sljede\u0107i Dnevni red:<\/p>\n<ol>\n<li><strong>Razmatranje i usvajanje Izvoda iz zapisnika sa 8. sjednice Gradskog vije\u0107a Grada Slatine odr\u017eane 16. prosinca 2022. godine<\/strong><\/li>\n<li><strong>Aktualni sat,<\/strong><\/li>\n<li><strong>Razmatranje prijedloga i dono\u0161enje Odluke o dugoro\u010dnom kreditnom zadu\u017eenju Grada Slatine,<\/strong><\/li>\n<li><strong>Razmatranje prijedloga i dono\u0161enje Programa mjera poticanja razvoja malog i srednjeg poduzetni\u0161tva na podru\u010dju Grada Slatine za 2023. godinu,<\/strong><\/li>\n<li><strong>Razmatranje prijedloga i dono\u0161enje Odluke o izmjenama i dopunama Odluke o osnivanju Gradske razvojne agencije Slatine,<\/strong><\/li>\n<li><strong>Razmatranje Informacije o izvr\u0161enju Programa rada Gradskog vije\u0107a Grada Slatine u razdoblju od 1. 1. do 31. 12. 2022. godine,<\/strong><\/li>\n<li><strong>Razmatranje prijedloga i dono\u0161enje Programa rada Gradskog vije\u0107a Grada Slatine za 2023. godinu,<\/strong><\/li>\n<li><strong>Razmatranje Izvje\u0161\u0107a o stanju provedbe Godi\u0161njeg provedbenog plana unapre\u0111enja za\u0161tite od po\u017eara za podru\u010dje Grada Slatine za 2022. godinu,<\/strong><\/li>\n<li><strong>Razmatranje prijedloga i usvajanje Godi\u0161njeg provedbenog plana unapre\u0111enja za\u0161tite od po\u017eara za podru\u010dje Grada Slatine za 2023. godinu,<\/strong><\/li>\n<li><strong>Razmatranje Godi\u0161njeg Izvje\u0161\u0107a o radu Dje\u010djeg vrti\u0107a Zeko za pedago\u0161ku 2021.\/2022. godinu,<\/strong><\/li>\n<li><strong>Razmatranje prijedloga i dono\u0161enje Odluke o davanju prethodne suglasnosti na prijedlog Statuta Dje\u010djeg vrti\u0107a Zeko,<\/strong><\/li>\n<li><strong>Razmatranje prijedloga i dono\u0161enje Rje\u0161enja o razrje\u0161enju i izboru predsjednika i \u010dlanova Povjerenstva za procjenu \u0161teta od prirodnih nepogoda,<\/strong><\/li>\n<li><strong>Pitanja i prijedlozi.<\/strong><\/li>\n<\/ol>\n","protected":false},"excerpt":{"rendered":"<p>Predsjednik Gradskog vije\u0107a Grada Slatine Tomo Tomi\u0107 sazvao je 9. sjednicu Gradskog vije\u0107a koja \u0107e se odr\u017eati u petak, 10. velja\u010de 2023. godine s po\u010detkom<span class=\"excerpt-hellip\"> [\u2026]<\/span><\/p>\n","protected":false},"author":5,"featured_media":115585,"comment_status":"closed","ping_status":"closed","sticky":false,"template":"","format":"standard","meta":{"ngg_post_thumbnail":0,"footnotes":""},"categories":[136,11,137],"tags":[],"class_list":["post-115584","post","type-post","status-publish","format-standard","has-post-thumbnail","hentry","category-grad-slatina","category-gradskovijece","category-naslovnica"],"_links":{"self":[{"href":"https:\/\/www.slatina.hr\/portal\/wp-json\/wp\/v2\/posts\/115584","targetHints":{"allow":["GET"]}}],"collection":[{"href":"https:\/\/www.slatina.hr\/portal\/wp-json\/wp\/v2\/posts"}],"about":[{"href":"https:\/\/www.slatina.hr\/portal\/wp-json\/wp\/v2\/types\/post"}],"author":[{"embeddable":true,"href":"https:\/\/www.slatina.hr\/portal\/wp-json\/wp\/v2\/users\/5"}],"replies":[{"embeddable":true,"href":"https:\/\/www.slatina.hr\/portal\/wp-json\/wp\/v2\/comments?post=115584"}],"version-history":[{"count":1,"href":"https:\/\/www.slatina.hr\/portal\/wp-json\/wp\/v2\/posts\/115584\/revisions"}],"predecessor-version":[{"id":115586,"href":"https:\/\/www.slatina.hr\/portal\/wp-json\/wp\/v2\/posts\/115584\/revisions\/115586"}],"wp:featuredmedia":[{"embeddable":true,"href":"https:\/\/www.slatina.hr\/portal\/wp-json\/wp\/v2\/media\/115585"}],"wp:attachment":[{"href":"https:\/\/www.slatina.hr\/portal\/wp-json\/wp\/v2\/media?parent=115584"}],"wp:term":[{"taxonomy":"category","embeddable":true,"href":"https:\/\/www.slatina.hr\/portal\/wp-json\/wp\/v2\/categories?post=115584"},{"taxonomy":"post_tag","embeddable":true,"href":"https:\/\/www.slatina.hr\/portal\/wp-json\/wp\/v2\/tags?post=115584"}],"curies":[{"name":"wp","href":"https:\/\/api.w.org\/{rel}","templated":true}]}}