{"id":115373,"date":"2023-01-13T06:53:17","date_gmt":"2023-01-13T05:53:17","guid":{"rendered":"https:\/\/www.slatina.hr\/portal\/?p=115373"},"modified":"2023-01-13T06:53:17","modified_gmt":"2023-01-13T05:53:17","slug":"gradska-razvojna-agencija-slatine-odrzala-edukativnu-prezentaciju-o-izvorima-mogucih-financiranja-poduzetnika","status":"publish","type":"post","link":"https:\/\/www.slatina.hr\/portal\/gradska-razvojna-agencija-slatine-odrzala-edukativnu-prezentaciju-o-izvorima-mogucih-financiranja-poduzetnika\/","title":{"rendered":"Gradska razvojna agencija Slatine odr\u017eala edukativnu prezentaciju o izvorima mogu\u0107ih financiranja poduzetnika"},"content":{"rendered":"<p>Ju\u010der je u velikoj dvorani Hrvatskog doma u Slatini, Gradska razvojna agencija Slatine organizirala edukativnu prezentaciju na temu mogu\u0107nosti financiranja poduzetni\u010dkih aktivnosti od strane Grada Slatine i Hrvatskog zavoda za zapo\u0161ljavanje.<\/p>\n<p>Nazo\u010dne poduzetnike, obrtnike, predstavnike OPG-a i ostale zainteresirane gra\u0111ane te predstavnike institucija me\u0111u kojima se na\u0161ao i predsjednik Obrtni\u010dke komore Viroviti\u010dko-podravske \u017eupanije Stjepan Kenjeri\u0107, pozdravio je vr\u0161itelj du\u017enosti ravnatelja Gradske razvojne agencije Slatine Jurica Culej.<\/p>\n<p><img loading=\"lazy\" decoding=\"async\" class=\"wp-image-274062 alignleft\" src=\"https:\/\/www.radioslatina.hr\/wp-content\/uploads\/2023\/01\/IMG_6144_1024x683.jpg\" sizes=\"auto, (max-width: 300px) 100vw, 300px\" srcset=\"https:\/\/www.radioslatina.hr\/wp-content\/uploads\/2023\/01\/IMG_6144_1024x683.jpg 1024w, https:\/\/www.radioslatina.hr\/wp-content\/uploads\/2023\/01\/IMG_6144_1024x683-768x512.jpg 768w\" alt=\"\" width=\"300\" height=\"200\">\u2013 Vrijeme pred kojim se nalazimo je zapravo vrijeme \u201epoduzetni\u010dkih prilika, jer zaista se nalazimo na po\u010detku godine koja nudi jako puno razli\u010ditih izvora financiranja. Prije svega \u017eelim naglasiti Nacionalni plan oporavaka i otpornosti 2021. \u2013 2026., zatim Vi\u0161egodi\u0161nji financijski okvir 2021. \u2013 2027. te Zajedni\u010dku poljoprivrednu politiku 2023. \u2013 2027. kao najizda\u0161nije izvore financiranja. Jedna od najva\u017enijih stvari je zapravo na\u0161a pripremljenost za razdoblje koje je pred nama i u tom pogledu Gradska razvojna agencija Slatine stoji vam na raspolaganju kako bi zajedni\u010dkim snagama uspjeli unaprijediti konkurentnost i kvalitetu na\u0161eg gospodarstva te povu\u0107i \u0161to vi\u0161e sredstava iz raznih izvora financiranja, \u2013 uvodno je rekao v.d. ravnatelja GRAS-a Jurica Culej.<\/p>\n<p>Potom je vi\u0161a stru\u010dna suradnica za gospodarstvo, pripremu i provedbu projekata GRAS-a Antonela Ou\u017eecky odr\u017eala prvi dio prezentacije na temu \u201ePotpore za samozapo\u0161ljavanje HZZ-a za 2023. godinu\u201c.<br \/>\nTom su prilikom zainteresirani poduzetnici dobili sve relevantne informacije vezane za ostvarivanje potpora za samozapo\u0161ljavanje Hrvatskog zavoda za zapo\u0161ljavanje.<\/p>\n<p><img loading=\"lazy\" decoding=\"async\" class=\"wp-image-274063 alignright\" src=\"https:\/\/www.radioslatina.hr\/wp-content\/uploads\/2023\/01\/IMG_6159_1024x683.jpg\" sizes=\"auto, (max-width: 300px) 100vw, 300px\" srcset=\"https:\/\/www.radioslatina.hr\/wp-content\/uploads\/2023\/01\/IMG_6159_1024x683.jpg 1024w, https:\/\/www.radioslatina.hr\/wp-content\/uploads\/2023\/01\/IMG_6159_1024x683-768x512.jpg 768w\" alt=\"\" width=\"300\" height=\"200\">\u2013 Prija\u0161nji programi polu\u010dili su odli\u010dne rezultate te dali vjetar u le\u0111a novim poduzetnicima te se nadamo kako \u0107e i novi Program potpora za samozapo\u0161ljavanje dati iste ako ne i bolje rezultate, a oni \u0107e, vjerujem, rezultirati pokretanjem novih poduzetni\u010dkih aktivnosti na podru\u010dju Grada Slatine \u2013 istaknula je Antonela Ou\u017eecky.<\/p>\n<p>Drugi dio prezentacije bio je posve\u0107en temi \u201eProgram mjera poticanja razvoja malog i srednjeg poduzetni\u0161tva na podru\u010dju Grada Slatine za 2023. godinu\u201c o kojoj je govorio v.d. ravnatelja GRAS-a Jurica Culej.<br \/>\nTom je prigodom naglasio kako je Program prilago\u0111en novim tr\u017ei\u0161nim prilikama u odnosu na protekle godine, a cilj istoga je stvaranje povoljnog poduzetni\u010dkog okru\u017eenja, razvijanje poduzetni\u010dke klime i osiguravanje preduvjeta za razvoj poduzetni\u010dkih sposobnosti na podru\u010dju Grada Slatine. Predstavljaju\u0107i Program koji se sastoji od pet podru\u010dja i trinaest razli\u010ditih mjera koje poduzetnicima stoje na raspolaganju, detaljno je pojasnio sve uvjete kako bi iste mogli \u0161to lak\u0161e ostvariti. Me\u0111u brojnim informacijama i uvedenim novinama ponudio im je i informacije o slobodnim parcelama u slatinskim poduzetni\u010dkim zonama na kojima mogu jo\u0161 kvalitetnije zapo\u010deti ili pro\u0161iriti svoje poslovanje.<br \/>\nDodao je kako je Prijedlog Programa pro\u0161ao Savjetovanje s javno\u0161\u0107u te slijedi zavr\u0161ni korak, odnosno usvajanje istoga od strane Gradskog vije\u0107a Grada Slatine.<\/p>\n<p>\u2013 Ovakav tip prezentacije i komunikacije s potencijalnim i postoje\u0107im poduzetnicima odr\u017eavat \u0107e se redovno te pozivam sve zainteresirane poduzetnike koji \u017eele razvijati svoje ideje uz pomo\u0107 Gradske razvojne agencije Slatine da nam se obrate jer samo zajedno mo\u017eemo do\u0107i do zajedni\u010dkog cilja, a to je razvoj na\u0161e lokalne zajednice, \u2013 zaklju\u010dio je v.d. ravnatelja GRAS-a Jurica Culej.<\/p>\n<p>Savjetovanje od strane GRAS-a vezano za spomenute programe besplatno je za poduzetnike sa slatinskog podru\u010dja, a sve detaljnije informacije o aktualnim i budu\u0107im natje\u010dajima te svu stru\u010dnu i tehni\u010dku pomo\u0107 svi zainteresirani mogu dobiti u Gradskoj razvojnoj agenciji Slatine na adresi: Trg sv. Josipa 10, Slatina, ili putem telefona na broj 033\/400-414, odnosno e-maila&nbsp;<a href=\"mailto:info@gras.com.hr\">info@gras.com.hr<\/a>,&nbsp;<a href=\"mailto:ravnatelj@gras.com.hr\">ravnatelj@gras.com.hr<\/a>.<br \/>\n(www.radioslatina.hr)<\/p>\nngg_shortcode_0_placeholder\n","protected":false},"excerpt":{"rendered":"<p>Ju\u010der je u velikoj dvorani Hrvatskog doma u Slatini, Gradska razvojna agencija Slatine organizirala edukativnu prezentaciju na temu mogu\u0107nosti financiranja poduzetni\u010dkih aktivnosti od strane Grada<span class=\"excerpt-hellip\"> [\u2026]<\/span><\/p>\n","protected":false},"author":5,"featured_media":115387,"comment_status":"closed","ping_status":"closed","sticky":false,"template":"","format":"standard","meta":{"ngg_post_thumbnail":0,"footnotes":""},"categories":[136,137],"tags":[],"class_list":["post-115373","post","type-post","status-publish","format-standard","has-post-thumbnail","hentry","category-grad-slatina","category-naslovnica"],"_links":{"self":[{"href":"https:\/\/www.slatina.hr\/portal\/wp-json\/wp\/v2\/posts\/115373","targetHints":{"allow":["GET"]}}],"collection":[{"href":"https:\/\/www.slatina.hr\/portal\/wp-json\/wp\/v2\/posts"}],"about":[{"href":"https:\/\/www.slatina.hr\/portal\/wp-json\/wp\/v2\/types\/post"}],"author":[{"embeddable":true,"href":"https:\/\/www.slatina.hr\/portal\/wp-json\/wp\/v2\/users\/5"}],"replies":[{"embeddable":true,"href":"https:\/\/www.slatina.hr\/portal\/wp-json\/wp\/v2\/comments?post=115373"}],"version-history":[{"count":1,"href":"https:\/\/www.slatina.hr\/portal\/wp-json\/wp\/v2\/posts\/115373\/revisions"}],"predecessor-version":[{"id":115388,"href":"https:\/\/www.slatina.hr\/portal\/wp-json\/wp\/v2\/posts\/115373\/revisions\/115388"}],"wp:featuredmedia":[{"embeddable":true,"href":"https:\/\/www.slatina.hr\/portal\/wp-json\/wp\/v2\/media\/115387"}],"wp:attachment":[{"href":"https:\/\/www.slatina.hr\/portal\/wp-json\/wp\/v2\/media?parent=115373"}],"wp:term":[{"taxonomy":"category","embeddable":true,"href":"https:\/\/www.slatina.hr\/portal\/wp-json\/wp\/v2\/categories?post=115373"},{"taxonomy":"post_tag","embeddable":true,"href":"https:\/\/www.slatina.hr\/portal\/wp-json\/wp\/v2\/tags?post=115373"}],"curies":[{"name":"wp","href":"https:\/\/api.w.org\/{rel}","templated":true}]}}