{"id":114549,"date":"2022-11-11T10:36:42","date_gmt":"2022-11-11T09:36:42","guid":{"rendered":"https:\/\/www.slatina.hr\/portal\/?p=114549"},"modified":"2022-11-11T10:36:42","modified_gmt":"2022-11-11T09:36:42","slug":"slatina-za-vukovar-i-skabrnju-2","status":"publish","type":"post","link":"https:\/\/www.slatina.hr\/portal\/slatina-za-vukovar-i-skabrnju-2\/","title":{"rendered":"SLATINA ZA VUKOVAR I \u0160KABRNJU"},"content":{"rendered":"<p>Dan sje\u0107anja na \u017ertvu Vukovara i \u0160kabrnje, kao i sve \u017ertve Domovinskog rata ove \u0107e se godine obilje\u017eiti vi\u0161ednevnim programom u organizaciji Grada Slatine, Udruge HVIDR-a Slatina, ZUi\u010c HVIDR-a VP\u017d, Pu\u010dkog otvorenog u\u010dili\u0161ta Slatina i Turisti\u010dke zajednice Grada Slatine, a u program obilje\u017eavanja uklju\u010dit \u0107e se i slatinske osnovne i srednje \u0161kole te navija\u010dke skupine grada Slatine.<\/p>\n<p><img loading=\"lazy\" decoding=\"async\" class=\"wp-image-265120 alignleft\" src=\"https:\/\/www.radioslatina.hr\/wp-content\/uploads\/2022\/11\/IMG-20221031-WA0000_536x768.jpg\" alt=\"\" width=\"195\" height=\"279\">Program \u0107e zapo\u010deti&nbsp;<strong>u srijedu, 16. studenog<\/strong>&nbsp;prikazivanjem dokumentarnog filma \u201eBogdanovci izme\u0111u zvijezda\u201c u kino dvorani Pu\u010dkog otvorenog u\u010dili\u0161ta Slatina.<br \/>\nDokumentarno-igrani film \u201cBOGDANOVCI IZME\u0110U ZVIJEZDA\u201d nastao je prema scenariju i pri\u010di zadnjeg zapovjednika Bogdanovaca Vinka \u017dani\u0107a-Goge, a na osnovu izjava branitelja koji su sudjelovali u ratnim doga\u0111anjima u selu Bogdanovci pokraj Vukovara 1991. godine, dok je re\u017eijsku palicu preuzeo Stipe Maji\u0107 \u2013 Pipe.<br \/>\nSimboli\u010dko i stvarno zna\u010denje naslova filma prikaz je dviju strana: pod znakom zvijezde su nas napadali i \u017eivotno ugro\u017eavali, da bi nam na kraju zvijezde pokazale pravi put iz pakla rata uni\u0161tenih Bogdanovaca.<br \/>\nBesplatna projekcija filma za sve posjetitelje zapo\u010det \u0107e u 18 sati.<\/p>\n<p><strong>U \u010detvrtak, 17. studenog<\/strong>&nbsp;s po\u010detkom u 18 sati odat \u0107e se po\u010dast svim \u017ertvama Vukovara i \u0160kabrnje, poginulim hrvatskim braniteljima i nevinim \u017ertvama Domovinskog rata paljenjem lampiona i molitvom ispred Kri\u017ea u Parku 136. slatinske brigade.<br \/>\nPotom \u0107e slatinske navija\u010dke skupine tradicionalnom bakljadom to\u010dno u 18 sati i 11 minuta (\u0161to simbolizira datum godi\u0161njice) obojiti slatinsko nebo crvenom bojom u \u010dast svih poginulih branitelja i civila koji su \u017eivote utkali u Lijepu na\u0161u.<br \/>\nOd 18:30 sati u crkvi sv. Josipa bit \u0107e slu\u017eena sveta misa za \u017ertvu Vukovara i \u0160kabrnje.<br \/>\nPrije paljenja lampiona ispred Kri\u017ea u Parku 136. slatinske brigade, lampione \u0107e du\u017e ulica grada upaliti u\u010denici slatinskih osnovnih \u0161kola Josipa Kozarca i Eugena Kumi\u010di\u0107a, te Srednje \u0161kole Marka Maruli\u0107a i Industrijsko-obrtni\u010dke \u0161kole, a pozivaju se i gra\u0111ani da upale lampione u prozorima svojih domova jer \u2013 Vukovar i \u0160kabrnju nikad ne smijemo zaboraviti!<\/p>\n<p>Na sam Dan sje\u0107anja na \u017ertve Domovinskog rata i Dan sje\u0107anja na \u017ertvu Vukovara i \u0160kabrnje,&nbsp;<strong>u petak, 18. studenog,<\/strong>&nbsp;Grad Slatina u suradnji s Udrugom HVIDR-a Slatina i Zajednicom udruga i \u010dlanova HVIDR-a Viroviti\u010dko-podravske \u017eupanije organizira besplatan odlazak u Vukovar.<br \/>\nPolazak autobusa je u 7 sati ispred zgrade Gradske uprave, a svi zainteresirani gra\u0111ani trebaju se javiti u HVIDR-u Slatina na broj tel. 033\/551-295 do 16. studenog.<br \/>\n(www.radioslatina.hr)<\/p>\n<p><img loading=\"lazy\" decoding=\"async\" class=\"alignnone size-full wp-image-265119\" src=\"https:\/\/www.radioslatina.hr\/wp-content\/uploads\/2022\/11\/plakat-01.png\" sizes=\"auto, (max-width: 3509px) 100vw, 3509px\" srcset=\"https:\/\/www.radioslatina.hr\/wp-content\/uploads\/2022\/11\/plakat-01.png 3509w, https:\/\/www.radioslatina.hr\/wp-content\/uploads\/2022\/11\/plakat-01-768x1086.png 768w, https:\/\/www.radioslatina.hr\/wp-content\/uploads\/2022\/11\/plakat-01-1086x1536.png 1086w, https:\/\/www.radioslatina.hr\/wp-content\/uploads\/2022\/11\/plakat-01-1448x2048.png 1448w\" alt=\"\" width=\"3509\" height=\"4962\"><\/p>\n","protected":false},"excerpt":{"rendered":"<p>Dan sje\u0107anja na \u017ertvu Vukovara i \u0160kabrnje, kao i sve \u017ertve Domovinskog rata ove \u0107e se godine obilje\u017eiti vi\u0161ednevnim programom u organizaciji Grada Slatine, Udruge<span class=\"excerpt-hellip\"> [\u2026]<\/span><\/p>\n","protected":false},"author":5,"featured_media":114550,"comment_status":"closed","ping_status":"closed","sticky":false,"template":"","format":"standard","meta":{"ngg_post_thumbnail":0,"footnotes":""},"categories":[136,137],"tags":[],"class_list":["post-114549","post","type-post","status-publish","format-standard","has-post-thumbnail","hentry","category-grad-slatina","category-naslovnica"],"_links":{"self":[{"href":"https:\/\/www.slatina.hr\/portal\/wp-json\/wp\/v2\/posts\/114549","targetHints":{"allow":["GET"]}}],"collection":[{"href":"https:\/\/www.slatina.hr\/portal\/wp-json\/wp\/v2\/posts"}],"about":[{"href":"https:\/\/www.slatina.hr\/portal\/wp-json\/wp\/v2\/types\/post"}],"author":[{"embeddable":true,"href":"https:\/\/www.slatina.hr\/portal\/wp-json\/wp\/v2\/users\/5"}],"replies":[{"embeddable":true,"href":"https:\/\/www.slatina.hr\/portal\/wp-json\/wp\/v2\/comments?post=114549"}],"version-history":[{"count":1,"href":"https:\/\/www.slatina.hr\/portal\/wp-json\/wp\/v2\/posts\/114549\/revisions"}],"predecessor-version":[{"id":114551,"href":"https:\/\/www.slatina.hr\/portal\/wp-json\/wp\/v2\/posts\/114549\/revisions\/114551"}],"wp:featuredmedia":[{"embeddable":true,"href":"https:\/\/www.slatina.hr\/portal\/wp-json\/wp\/v2\/media\/114550"}],"wp:attachment":[{"href":"https:\/\/www.slatina.hr\/portal\/wp-json\/wp\/v2\/media?parent=114549"}],"wp:term":[{"taxonomy":"category","embeddable":true,"href":"https:\/\/www.slatina.hr\/portal\/wp-json\/wp\/v2\/categories?post=114549"},{"taxonomy":"post_tag","embeddable":true,"href":"https:\/\/www.slatina.hr\/portal\/wp-json\/wp\/v2\/tags?post=114549"}],"curies":[{"name":"wp","href":"https:\/\/api.w.org\/{rel}","templated":true}]}}