{"id":114170,"date":"2022-10-13T13:06:17","date_gmt":"2022-10-13T11:06:17","guid":{"rendered":"https:\/\/www.slatina.hr\/portal\/?p=114170"},"modified":"2022-11-04T11:20:07","modified_gmt":"2022-11-04T10:20:07","slug":"potpisani-ugovori-o-radu-s-pruzateljicama-pomoci-u-sklopu-projekta-slatino-zazeli-ii","status":"publish","type":"post","link":"https:\/\/www.slatina.hr\/portal\/potpisani-ugovori-o-radu-s-pruzateljicama-pomoci-u-sklopu-projekta-slatino-zazeli-ii\/","title":{"rendered":"Potpisani Ugovori o radu s pru\u017eateljicama pomo\u0107i u sklopu projekta \u201eSlatino, za\u017eeli II!\u201c"},"content":{"rendered":"<p>Danas je u maloj vije\u0107nici Grada Slatine gradona\u010delnik Denis Ostro\u0161i\u0107 potpisao 21 Ugovor o radu sa \u017eenama koje \u0107e u sklopu projekta \u201eSlatino, za\u017eeli II!&#8221; (UP.02.1.1.16.0147) pru\u017eati pomo\u0107 starijim i nemo\u0107nim osobama.<\/p>\n<p>Posjetimo, Grad Slatina potpisao je Ugovor o dodjeli bespovratnih sredstava s Ministarstvom rada, mirovinskog sustava, obitelji i socijalne politike i Hrvatskim zavodom za zapo\u0161ljavanje za projekt Slatino, za\u017eeli II!. Partneri na projektu jesu Centar za socijalnu skrb Slatina i Hrvatski zavod za zapo\u0161ljavanje, Podru\u010dni ured Virovitica. Projekt se financira iz Europskog socijalnog fonda u okviru Operativnog programa U\u010dinkoviti ljudski potencijali 2014.-2020. prema pozivu na dostavu projektnih prijedloga \u201eZa\u017eeli \u2013 program za zapo\u0161ljavanje \u017eena \u2013 faza III. Ukupna vrijednost projekta iznosi 1.038.280,00 kn (137.803,44 \u20ac) \u0161to je ujedno i ukupni iznos bespovratnih sredstava. EU navedeni projekt sufinancira u 85% iznosu dok preostalih 15% sufinancira RH. Razdoblje provedbe projekta je od 22.8.2022. do 22.4.2023. godine.<\/p>\n<p>Cilj projekta je osna\u017eiti i unaprijediti radni potencijal te\u017ee zapo\u0161ljivih\/ranjivih \u017eena \u010dime \u0107e se ubla\u017eiti posljedice njihove nezaposlenosti i rizika od siroma\u0161tva te ujedno potaknuti socijalna uklju\u010denost i pove\u0107ati razina kvalitete \u017eivota starijih i\/ili nemo\u0107nih osoba na podru\u010dju Grada Slatine. Kroz projekt \u0107e se zaposliti 21 \u017eena te \u0107e se pru\u017eati usluge za 126 krajnjih korisnika.&nbsp;&nbsp;<\/p>\n<p>Na po\u010detku sastanka okupljene \u017eene pozdravili su voditeljica projekta Marija Fumi\u0107 i gradona\u010delnik Grada Slatine Denis Ostro\u0161i\u0107 koji ih je tom prigodom ukratko upoznao s projektom budu\u0107i da su uz \u017eene koje su ve\u0107 bile uklju\u010dene u projekt \u201eSlatino, za\u017eeli!&#8221; zaposlene i neke nove. Istaknuo je zadovoljstvo \u0161to se projekt nastavlja u nadi da \u0107emo nakon ovoga koji traje samo 8 mjeseci do\u010dekati i tre\u0107i gradski projekt Za\u017eeli. Ujedno je naglasio kako je vrlo bitno odmah na po\u010detku razjasniti sve nejasno\u0107e.<\/p>\n<p>\u2013 Drago mi je \u0161to \u0107e na\u0161i korisnici sada ponovno imati va\u0161u pomo\u0107 na koju su se navikli kroz prvi na\u0161 Za\u017eeli, i bez nje im je bilo doista te\u0161ko proteklo razdoblje. Va\u0161 odnos s korisnicima je vrlo bitan. Poku\u0161ajte ih oslu\u0161kivati te na najbolji mogu\u0107i na\u010din uskladiti njihove \u017eelje i potrebe s va\u0161im obvezama prema njima, tako da po\u0161tujete same sebe, a onda i korisnika kojemu trebate pru\u017eiti pomo\u0107. Budite otvoreni jer prije svega ti ljudi trebaju razgovor, a vi \u0107ete biti njihova veza s dru\u0161tvenom zajednicom.<\/p>\n<p>Ne sumnjam da \u0107ete se sna\u0107i i da \u0107e ova suradnja biti uspje\u0161na na obostrano zadovoljstvo, jer cilj ovoga projekta je da pomognemo i budemo na raspolaganju onima kojima je pomo\u0107 zaista potrebna,&nbsp;<strong>\u2013<\/strong>&nbsp;zaklju\u010dio je gradona\u010delnik Ostro\u0161i\u0107, te se ujedno zahvalio djelatnicima Grada Slatine i Gradske razvojne agencije Slatine koji su svojim zalaganjem omogu\u0107ili da Grad Slatina novi projekt Za\u017eeli dobije u prvom krugu i stoga je me\u0111u prvim gradovima, op\u0107inama i ustanovama u Hrvatskoj kojima je odobren nastavak ovoga projekta.<\/p>\n<p>Nakon potpisivanja ugovora odr\u017ean je prvi radni sastanak gdje je voditeljica projekta Marija Fumi\u0107 detaljnije upoznala \u017eene s njihovim pravima i obvezama za vrijeme trajanja projekta.<\/p>\n<p>Svaka zaposlena \u017eena dobit \u0107e minimalno \u0161est krajnjih korisnika kojima \u0107e se na taj na\u010din osigurati besplatna pomo\u0107 u dostavi namirnica, pripremi obroka u ku\u0107anstvima, odr\u017eavanju \u010disto\u0107e stambenog prostora\/domova, pri obla\u010denju i svla\u010denju, brizi o higijeni, u socijalnoj integraciji, posredovanju u ostvarivanju raznih prava (dostava lijekova, pla\u0107anje ra\u010duna, pomagala i sl&#8230;). Pru\u017eat \u0107e im se i podr\u0161ka kroz razgovore i dru\u017eenje te uklju\u010divanje u dru\u0161tvo, pratnju i pomo\u0107 u raznim dru\u0161tvenim aktivnostima.&nbsp;<\/p>\n<p>Za sutra, 14. listopada 2022. godine zakazana je po\u010detna konferencija projekta \u201eSlatino, za\u017eeli II!&#8221;, a \u017eene \u0107e s radom zapo\u010deti u ponedjeljak, 17. listopada 2022. godine. (www.radioslatina.hr)<\/p>\n<p>&nbsp;<\/p>\n<p><img loading=\"lazy\" decoding=\"async\" class=\"wp-image-260703 aligncenter\" src=\"https:\/\/www.radioslatina.hr\/wp-content\/uploads\/2022\/10\/Logo.png\" sizes=\"auto, (max-width: 1380px) 100vw, 1380px\" srcset=\"https:\/\/www.radioslatina.hr\/wp-content\/uploads\/2022\/10\/Logo.png 1380w, https:\/\/www.radioslatina.hr\/wp-content\/uploads\/2022\/10\/Logo-768x200.png 768w\" alt=\"\" width=\"667\" height=\"174\"><\/p>\n<p style=\"text-align: center;\">Projekt je sufinancirala Europska unija iz Europskog socijalnog fonda.<br \/>\nSadr\u017eaj \u010dlanka isklju\u010diva je odgovornost Grada Slatine.<\/p>\n<hr>\nngg_shortcode_0_placeholder\n","protected":false},"excerpt":{"rendered":"<p>Danas je u maloj vije\u0107nici Grada Slatine gradona\u010delnik Denis Ostro\u0161i\u0107 potpisao 21 Ugovor o radu sa \u017eenama koje \u0107e u sklopu projekta \u201eSlatino, za\u017eeli II!&#8221;<span class=\"excerpt-hellip\"> [\u2026]<\/span><\/p>\n","protected":false},"author":5,"featured_media":114187,"comment_status":"closed","ping_status":"closed","sticky":false,"template":"","format":"standard","meta":{"ngg_post_thumbnail":0,"footnotes":""},"categories":[136,137,221],"tags":[],"class_list":["post-114170","post","type-post","status-publish","format-standard","has-post-thumbnail","hentry","category-grad-slatina","category-naslovnica","category-projekt-slatino-zazeli-2"],"_links":{"self":[{"href":"https:\/\/www.slatina.hr\/portal\/wp-json\/wp\/v2\/posts\/114170","targetHints":{"allow":["GET"]}}],"collection":[{"href":"https:\/\/www.slatina.hr\/portal\/wp-json\/wp\/v2\/posts"}],"about":[{"href":"https:\/\/www.slatina.hr\/portal\/wp-json\/wp\/v2\/types\/post"}],"author":[{"embeddable":true,"href":"https:\/\/www.slatina.hr\/portal\/wp-json\/wp\/v2\/users\/5"}],"replies":[{"embeddable":true,"href":"https:\/\/www.slatina.hr\/portal\/wp-json\/wp\/v2\/comments?post=114170"}],"version-history":[{"count":4,"href":"https:\/\/www.slatina.hr\/portal\/wp-json\/wp\/v2\/posts\/114170\/revisions"}],"predecessor-version":[{"id":114527,"href":"https:\/\/www.slatina.hr\/portal\/wp-json\/wp\/v2\/posts\/114170\/revisions\/114527"}],"wp:featuredmedia":[{"embeddable":true,"href":"https:\/\/www.slatina.hr\/portal\/wp-json\/wp\/v2\/media\/114187"}],"wp:attachment":[{"href":"https:\/\/www.slatina.hr\/portal\/wp-json\/wp\/v2\/media?parent=114170"}],"wp:term":[{"taxonomy":"category","embeddable":true,"href":"https:\/\/www.slatina.hr\/portal\/wp-json\/wp\/v2\/categories?post=114170"},{"taxonomy":"post_tag","embeddable":true,"href":"https:\/\/www.slatina.hr\/portal\/wp-json\/wp\/v2\/tags?post=114170"}],"curies":[{"name":"wp","href":"https:\/\/api.w.org\/{rel}","templated":true}]}}