{"id":113600,"date":"2022-09-07T15:17:12","date_gmt":"2022-09-07T13:17:12","guid":{"rendered":"https:\/\/www.slatina.hr\/portal\/?p=113600"},"modified":"2022-11-04T11:19:37","modified_gmt":"2022-11-04T10:19:37","slug":"grad-slatina-poziv-za-iskaz-interesa-za-krajnje-korisnike-projekta-slatino-zazeli-ii","status":"publish","type":"post","link":"https:\/\/www.slatina.hr\/portal\/grad-slatina-poziv-za-iskaz-interesa-za-krajnje-korisnike-projekta-slatino-zazeli-ii\/","title":{"rendered":"Grad Slatina: Poziv za iskaz interesa za krajnje korisnike projekta Slatino, za\u017eeli II!"},"content":{"rendered":"<p>Grad Slatina uskoro zapo\u010dinje s provedbom projekta Slatino, za\u017eeli II, te ovim putem poziva sve zainteresirane starije osobe od 65 godina i vi\u0161e i\/ili nemo\u0107ne osobe kojima je potrebna pomo\u0107, da Gradu Slatini odnosno voditeljici projekta Mariji Fumi\u0107 dostave sljede\u0107e:<\/p>\n<ol>\n<li>presliku va\u017ee\u0107e osobne iskaznice,<\/li>\n<li>popunjeni Obrazac 1 te<\/li>\n<li>ukoliko je nemo\u0107na osoba ujedno osoba s invaliditetom potrebno je dostaviti nalaze, rje\u0161enja ili mi\u0161ljenja relevantnog tijela vje\u0161ta\u010denja o vrsti, stupnju ili postotku o\u0161te\u0107enja ili potvrda o upisu u Hrvatski registar osobe s invaliditetom.<\/li>\n<\/ol>\n<p>Navedenu dokumentaciju potrebno je dostaviti u \u0161to&nbsp;<strong><u>kra\u0107em roku<\/u><\/strong>&nbsp;osobno na adresu:<\/p>\n<p><strong>GRAD SLATINA \u2013 Marija Fumi\u0107<\/strong><\/p>\n<p><strong>Trg svetog Josipa 10<\/strong><\/p>\n<p><strong>33520 Slatina<\/strong><\/p>\n<p>Status nemo\u0107ne osobe utvr\u0111uje Centar za socijalnu skrb Slatina, tj. isti se provjerava i odobrava od strane Centra za socijalnu skrb Slatina. Dakle, izjava kojom se osoba izja\u0161njava kao nemo\u0107na nije prihvatljiva.<\/p>\n<p><strong><u>Krajnji korisnik koji \u0107e koristiti navedene usluge kroz projekt Slatino, za\u017eeli II! ne mo\u017ee primati iste usluge i usluge osobne asistencije od drugih davatelja, tj. iz drugih javnih izvora.&nbsp;<\/u><\/strong><\/p>\n<p>Podsjetimo, Grad Slatina potpisao je Ugovor o dodjeli bespovratnih sredstava za projekt Slatino, za\u017eeli II! koji se financira iz Europskog socijalnog fonda iz Operativnog programa u\u010dinkoviti ljudski potencijali 2014. \u2013 2020. (UP.02.1.1.16.0147) s Ministarstvom rada, mirovinskog sustava, obitelji i socijalne politike i Hrvatskim zavodom za zapo\u0161ljavanje. Partneri na projektu jesu Centar za socijalnu skrb Slatina i Hrvatski zavod za zapo\u0161ljavanje, Podru\u010dni ured Virovitica. Ukupna vrijednost projekta iznosi 1.038.280,00 kn (137.803,44 \u20ac) \u0161to je ujedno i ukupni iznos bespovratnih sredstava. EU navedeni projekt sufinancira u iznosu od 85% dok preostalih 15% sufinancira RH. Razdoblje provedbe projekta je od 22.8.2022. do 22.4.2023. godine.<\/p>\n<p>Cilj projekta je osna\u017eiti i unaprijediti radni potencijal te\u017ee zapo\u0161ljivih\/ranjivih \u017eena \u010dime \u0107e se ubla\u017eiti posljedice njihove nezaposlenosti i rizika od siroma\u0161tva te ujedno potaknuti socijalna uklju\u010denost i pove\u0107ati razina kvalitete \u017eivota starijih i\/ili nemo\u0107nih osoba na podru\u010dju Grada Slatine.<\/p>\n<p>Zaposlene \u017eene \u0107e starijim i\/ili nemo\u0107nim osobama pru\u017eati:<\/p>\n<ul>\n<li>pomo\u0107 u dostavi namirnica,<\/li>\n<li>pomo\u0107 u pripremi obroka u ku\u0107anstvima,<\/li>\n<li>pomo\u0107 u odr\u017eavanju \u010disto\u0107e stambenog prostora\/domova,<\/li>\n<li>pomo\u0107 pri obla\u010denju i svla\u010denju te brizi o higijeni,<\/li>\n<li>pomo\u0107 u socijalnoj integraciji,<\/li>\n<li>pomo\u0107 u posredovanju u ostvarivanju raznih prava (dostava lijekova, pla\u0107anje ra\u010duna, dostava pomagala i sl\u2026) te<\/li>\n<li>podr\u0161ku kroz razgovore i dru\u017eenje te uklju\u010divanje u dru\u0161tvo, pratnju i pomo\u0107 u raznim dru\u0161tvenim aktivnostima.<\/li>\n<\/ul>\n<p>Vi\u0161e informacija mo\u017eete dobiti na 033\/551-143, 091-6009-314 ili marija.fumic@slatina.hr.<br \/>\n(www.radioslatina.hr)<\/p>\n<p><a href=\"https:\/\/www.slatina.hr\/portal\/wp-content\/uploads\/2022\/09\/Poziv-za-iskaz-interesa-za-krajnje-korisnike-obrazac-1.pdf\">Poziv za iskaz interesa za krajnje korisnike (obrazac 1)<\/a><\/p>\n<p><img loading=\"lazy\" decoding=\"async\" class=\"wp-image-113608 aligncenter\" src=\"https:\/\/www.slatina.hr\/portal\/wp-content\/uploads\/2022\/09\/lenta-projekta-EU.png\" alt=\"\" width=\"689\" height=\"180\" srcset=\"https:\/\/www.slatina.hr\/portal\/wp-content\/uploads\/2022\/09\/lenta-projekta-EU.png 4482w, https:\/\/www.slatina.hr\/portal\/wp-content\/uploads\/2022\/09\/lenta-projekta-EU-768x200.png 768w, https:\/\/www.slatina.hr\/portal\/wp-content\/uploads\/2022\/09\/lenta-projekta-EU-1536x401.png 1536w, https:\/\/www.slatina.hr\/portal\/wp-content\/uploads\/2022\/09\/lenta-projekta-EU-2048x535.png 2048w, https:\/\/www.slatina.hr\/portal\/wp-content\/uploads\/2022\/09\/lenta-projekta-EU-260x68.png 260w, https:\/\/www.slatina.hr\/portal\/wp-content\/uploads\/2022\/09\/lenta-projekta-EU-50x13.png 50w, https:\/\/www.slatina.hr\/portal\/wp-content\/uploads\/2022\/09\/lenta-projekta-EU-150x39.png 150w, https:\/\/www.slatina.hr\/portal\/wp-content\/uploads\/2022\/09\/lenta-projekta-EU-620x162.png 620w\" sizes=\"auto, (max-width:767px) 480px, 689px\" \/><\/p>\n<p style=\"text-align: center;\">Projekt je sufinancirala Europska unija iz Europskog socijalnog fonda.<br \/>\nSadr\u017eaj \u010dlanka isklju\u010diva je odgovornost Grada Slatine.<\/p>\n","protected":false},"excerpt":{"rendered":"<p>Grad Slatina uskoro zapo\u010dinje s provedbom projekta Slatino, za\u017eeli II, te ovim putem poziva sve zainteresirane starije osobe od 65 godina i vi\u0161e i\/ili nemo\u0107ne<span class=\"excerpt-hellip\"> [\u2026]<\/span><\/p>\n","protected":false},"author":5,"featured_media":113603,"comment_status":"closed","ping_status":"closed","sticky":false,"template":"","format":"standard","meta":{"ngg_post_thumbnail":0,"footnotes":""},"categories":[136,137,221],"tags":[],"class_list":["post-113600","post","type-post","status-publish","format-standard","has-post-thumbnail","hentry","category-grad-slatina","category-naslovnica","category-projekt-slatino-zazeli-2"],"_links":{"self":[{"href":"https:\/\/www.slatina.hr\/portal\/wp-json\/wp\/v2\/posts\/113600","targetHints":{"allow":["GET"]}}],"collection":[{"href":"https:\/\/www.slatina.hr\/portal\/wp-json\/wp\/v2\/posts"}],"about":[{"href":"https:\/\/www.slatina.hr\/portal\/wp-json\/wp\/v2\/types\/post"}],"author":[{"embeddable":true,"href":"https:\/\/www.slatina.hr\/portal\/wp-json\/wp\/v2\/users\/5"}],"replies":[{"embeddable":true,"href":"https:\/\/www.slatina.hr\/portal\/wp-json\/wp\/v2\/comments?post=113600"}],"version-history":[{"count":6,"href":"https:\/\/www.slatina.hr\/portal\/wp-json\/wp\/v2\/posts\/113600\/revisions"}],"predecessor-version":[{"id":114526,"href":"https:\/\/www.slatina.hr\/portal\/wp-json\/wp\/v2\/posts\/113600\/revisions\/114526"}],"wp:featuredmedia":[{"embeddable":true,"href":"https:\/\/www.slatina.hr\/portal\/wp-json\/wp\/v2\/media\/113603"}],"wp:attachment":[{"href":"https:\/\/www.slatina.hr\/portal\/wp-json\/wp\/v2\/media?parent=113600"}],"wp:term":[{"taxonomy":"category","embeddable":true,"href":"https:\/\/www.slatina.hr\/portal\/wp-json\/wp\/v2\/categories?post=113600"},{"taxonomy":"post_tag","embeddable":true,"href":"https:\/\/www.slatina.hr\/portal\/wp-json\/wp\/v2\/tags?post=113600"}],"curies":[{"name":"wp","href":"https:\/\/api.w.org\/{rel}","templated":true}]}}