{"id":113133,"date":"2022-08-11T14:56:17","date_gmt":"2022-08-11T12:56:17","guid":{"rendered":"https:\/\/www.slatina.hr\/portal\/?p=113133"},"modified":"2022-08-11T14:56:17","modified_gmt":"2022-08-11T12:56:17","slug":"grad-slatina-poklonio-5-garnitura-za-sah-sahovskom-klubu-slatina","status":"publish","type":"post","link":"https:\/\/www.slatina.hr\/portal\/grad-slatina-poklonio-5-garnitura-za-sah-sahovskom-klubu-slatina\/","title":{"rendered":"Grad Slatina poklonio 5 garnitura za \u0161ah \u0160ahovskom klubu Slatina"},"content":{"rendered":"<p>Predsjednik Gradskog vije\u0107a Grada Slatine Damir Jak\u0161i\u0107 danas se susreo s predstavnicima \u0160ahovskog kluba Slatina te tom prigodom predsjedniku istoga Antunu Srbi\u0107u predao 5 garnitura za \u0161ah.<\/p>\n<p>\u0160ahovske garniture Grad Slatina je nabavio za potrebe kluba koji ove godine organizira 2. brzopotezni \u0161ahovski turnir u prigodi Dana grada Slatine.<\/p>\n<p>Turnir \u0107e se odr\u017eati prvoga vikenda u mjesecu rujnu te su u tijeku zavr\u0161ne pripreme.<\/p>\n<p>\u2013 Prvi \u0161ahovski turnir u prigodi Dana grada okupio je poprili\u010dan broj \u0161ahista te se ove godine nadamo jo\u0161 boljem odazivu.<br \/>\nNajljep\u0161e se zahvaljujem Gradu Slatini na ovom poklonu koji je zaista do\u0161ao u prave ruke, te \u0107e uvelike olak\u0161ati organizaciju i samu provedbu ovogodi\u0161njeg turnira, \u2013 rekao nam je predsjednik \u0160ahovskog kluba Slatina Antun Srbi\u0107, te dodao kako klub prima nove \u010dlanove osobito mlade kojima \u017eele prenijeti svoja znanja i na taj na\u010din poja\u010dati svoje redove.<\/p>\n<p>Naime, \u0160ahovski klub Slatina trenuta\u010dno broji 20-ak \u010dlanova koji se redovito okupljaju u prostorima Centra nevladinih organizacija u Slatini kako bi bili \u0161to spremniji za natjecanja, a natje\u010du se u 2. Hrvatskoj \u0161ahovskoj ligi \u2013 Istok.<br \/>\n(www.radioslatina.hr)<\/p>\n<p><img loading=\"lazy\" decoding=\"async\" class=\"alignnone size-full wp-image-250745\" src=\"https:\/\/www.radioslatina.hr\/wp-content\/uploads\/2022\/08\/20220811_124025_1024x768-rotated.jpg\" alt=\"\" width=\"768\" height=\"1024\"><\/p>\n<p><img loading=\"lazy\" decoding=\"async\" class=\"alignnone size-full wp-image-250746\" src=\"https:\/\/www.radioslatina.hr\/wp-content\/uploads\/2022\/08\/20220811_124028_1024x768-rotated.jpg\" alt=\"\" width=\"768\" height=\"1024\"><\/p>\n","protected":false},"excerpt":{"rendered":"<p>Predsjednik Gradskog vije\u0107a Grada Slatine Damir Jak\u0161i\u0107 danas se susreo s predstavnicima \u0160ahovskog kluba Slatina te tom prigodom predsjedniku istoga Antunu Srbi\u0107u predao 5 garnitura<span class=\"excerpt-hellip\"> [\u2026]<\/span><\/p>\n","protected":false},"author":5,"featured_media":113134,"comment_status":"closed","ping_status":"closed","sticky":false,"template":"","format":"standard","meta":{"ngg_post_thumbnail":0,"footnotes":""},"categories":[136,137],"tags":[],"class_list":["post-113133","post","type-post","status-publish","format-standard","has-post-thumbnail","hentry","category-grad-slatina","category-naslovnica"],"_links":{"self":[{"href":"https:\/\/www.slatina.hr\/portal\/wp-json\/wp\/v2\/posts\/113133","targetHints":{"allow":["GET"]}}],"collection":[{"href":"https:\/\/www.slatina.hr\/portal\/wp-json\/wp\/v2\/posts"}],"about":[{"href":"https:\/\/www.slatina.hr\/portal\/wp-json\/wp\/v2\/types\/post"}],"author":[{"embeddable":true,"href":"https:\/\/www.slatina.hr\/portal\/wp-json\/wp\/v2\/users\/5"}],"replies":[{"embeddable":true,"href":"https:\/\/www.slatina.hr\/portal\/wp-json\/wp\/v2\/comments?post=113133"}],"version-history":[{"count":1,"href":"https:\/\/www.slatina.hr\/portal\/wp-json\/wp\/v2\/posts\/113133\/revisions"}],"predecessor-version":[{"id":113135,"href":"https:\/\/www.slatina.hr\/portal\/wp-json\/wp\/v2\/posts\/113133\/revisions\/113135"}],"wp:featuredmedia":[{"embeddable":true,"href":"https:\/\/www.slatina.hr\/portal\/wp-json\/wp\/v2\/media\/113134"}],"wp:attachment":[{"href":"https:\/\/www.slatina.hr\/portal\/wp-json\/wp\/v2\/media?parent=113133"}],"wp:term":[{"taxonomy":"category","embeddable":true,"href":"https:\/\/www.slatina.hr\/portal\/wp-json\/wp\/v2\/categories?post=113133"},{"taxonomy":"post_tag","embeddable":true,"href":"https:\/\/www.slatina.hr\/portal\/wp-json\/wp\/v2\/tags?post=113133"}],"curies":[{"name":"wp","href":"https:\/\/api.w.org\/{rel}","templated":true}]}}