{"id":112861,"date":"2022-06-29T08:48:03","date_gmt":"2022-06-29T06:48:03","guid":{"rendered":"https:\/\/www.slatina.hr\/portal\/?p=112861"},"modified":"2023-06-13T14:27:31","modified_gmt":"2023-06-13T12:27:31","slug":"grad-slatina-prijavio-projekt-izgradnja-i-opremanje-podrucnog-objekta-djecjeg-vrtica-zeko-u-slatini-vrijedan-10-944-000-kuna","status":"publish","type":"post","link":"https:\/\/www.slatina.hr\/portal\/grad-slatina-prijavio-projekt-izgradnja-i-opremanje-podrucnog-objekta-djecjeg-vrtica-zeko-u-slatini-vrijedan-10-944-000-kuna\/","title":{"rendered":"Grad Slatina prijavio projekt \u201eIzgradnja i opremanje podru\u010dnog objekta Dje\u010djeg vrti\u0107a Zeko u Slatini\u201c vrijedan 10.944.000 kuna"},"content":{"rendered":"<p>Grad Slatina je u suradnji s Gradskom razvojnom agencijom Slatine prijavio projekt \u201eIzgradnja i opremanje podru\u010dnog objekta Dje\u010djeg vrti\u0107a Zeko u Slatini\u201c. Projekt je prijavljen na prvi Poziv na dodjelu bespovratnih sredstava Izgradnja, dogradnja, rekonstrukcija i opremanje pred\u0161kolskih ustanova.<\/p>\n<p>Budu\u0107i da je Grad Slatina osniva\u010d Dje\u010djeg vrti\u0107a Zeko u Slatini i kontinuirano ula\u017ee u pred\u0161kolski odgoj i obrazovanje ovim projektom planira rije\u0161iti problem nedovoljnih kapaciteta, i infrastrukturnih i materijalnih, za smje\u0161taj djece u pred\u0161kolske ustanove. Time \u0107e se zadovoljiti potreba za pove\u0107anjem upisnih kapaciteta djece jasli\u010dke i vrti\u0107ke dobi na podru\u010dju Grada Slatine, a uvjeti na postoje\u0107oj lokaciji Dje\u010djeg vrti\u0107a Zeko u Slatini ne dozvoljavaju dodatno pro\u0161irenje.<\/p>\n<p>Stoga je Grad Slatina prona\u0161ao lokaciju za izgradnju i opremanje podru\u010dnog objekta Dje\u010djeg vrti\u0107a Zeko u Slatini na izdvojenoj lokaciji (k.\u010d. 7261\/5 k.o. Podravska Slatina) u Stublova\u010dkoj ulici u Slatini na kojoj je omogu\u0107ena izgradnja ustanova za pred\u0161kolski odgoj i obrazovanje prema urbanisti\u010dkom planu.<\/p>\n<p>Vrijednost projekta iznosi 10.944.000 kuna, a intenzitet potpore je 100%.<\/p>\n<p>Cilj ovog projekta je izgraditi i opremiti podru\u010dni objekt Dje\u010djeg vrti\u0107a Zeko u Slatini s kuhinjom, kapaciteta 8 dnevnih boravaka te tako pove\u0107ati dostupnost ranog i pred\u0161kolskog odgoja i obrazovanja, odnosno pove\u0107ati broj dnevnih boravaka i broj upisnih mjesta na podru\u010dju Grada Slatine za 160-ero djece.<\/p>\n<p>Ciljna skupina projekta su djeca u dobi od 3 godine do upisa u \u0161kolu (vrti\u0107ka dob) na podru\u010dju Grada Slatine i njihovi roditelji.<\/p>\n<p>\u2013 Europska unija je postavila ciljeve prema kojima bi stopa sudjelovanja u ranom i pred\u0161kolskom odgoju i obrazovanju (RPOO) trebala biti 33 % kod djece jasli\u010dke i 90 % kod djece vrti\u0107ke dobi. Grad Slatina, kao i RH, znatno su ispod tih postavljenih barcelonskih ciljeva te \u0107e provedba predlo\u017eenog projekta osigurati ve\u0107u stopu sudjelovanja djece u ranom i pred\u0161kolskom odgoju i obrazovanju, \u2013 istaknula je pomo\u0107nica pro\u010delnika Upravnog odjela za razvoj Grada Slatine Anita Rastija.<br \/>\n(www.radioslatina.hr)<\/p>\n","protected":false},"excerpt":{"rendered":"<p>Grad Slatina je u suradnji s Gradskom razvojnom agencijom Slatine prijavio projekt \u201eIzgradnja i opremanje podru\u010dnog objekta Dje\u010djeg vrti\u0107a Zeko u Slatini\u201c. Projekt je prijavljen<span class=\"excerpt-hellip\"> [\u2026]<\/span><\/p>\n","protected":false},"author":5,"featured_media":112862,"comment_status":"closed","ping_status":"closed","sticky":false,"template":"","format":"standard","meta":{"ngg_post_thumbnail":0,"footnotes":""},"categories":[136,137,227],"tags":[],"class_list":["post-112861","post","type-post","status-publish","format-standard","has-post-thumbnail","hentry","category-grad-slatina","category-naslovnica","category-projekt-izgradnja-i-opremanje-podrucnog-objekta-dv-zeko"],"_links":{"self":[{"href":"https:\/\/www.slatina.hr\/portal\/wp-json\/wp\/v2\/posts\/112861","targetHints":{"allow":["GET"]}}],"collection":[{"href":"https:\/\/www.slatina.hr\/portal\/wp-json\/wp\/v2\/posts"}],"about":[{"href":"https:\/\/www.slatina.hr\/portal\/wp-json\/wp\/v2\/types\/post"}],"author":[{"embeddable":true,"href":"https:\/\/www.slatina.hr\/portal\/wp-json\/wp\/v2\/users\/5"}],"replies":[{"embeddable":true,"href":"https:\/\/www.slatina.hr\/portal\/wp-json\/wp\/v2\/comments?post=112861"}],"version-history":[{"count":1,"href":"https:\/\/www.slatina.hr\/portal\/wp-json\/wp\/v2\/posts\/112861\/revisions"}],"predecessor-version":[{"id":112863,"href":"https:\/\/www.slatina.hr\/portal\/wp-json\/wp\/v2\/posts\/112861\/revisions\/112863"}],"wp:featuredmedia":[{"embeddable":true,"href":"https:\/\/www.slatina.hr\/portal\/wp-json\/wp\/v2\/media\/112862"}],"wp:attachment":[{"href":"https:\/\/www.slatina.hr\/portal\/wp-json\/wp\/v2\/media?parent=112861"}],"wp:term":[{"taxonomy":"category","embeddable":true,"href":"https:\/\/www.slatina.hr\/portal\/wp-json\/wp\/v2\/categories?post=112861"},{"taxonomy":"post_tag","embeddable":true,"href":"https:\/\/www.slatina.hr\/portal\/wp-json\/wp\/v2\/tags?post=112861"}],"curies":[{"name":"wp","href":"https:\/\/api.w.org\/{rel}","templated":true}]}}