{"id":11283,"date":"2014-07-02T13:03:40","date_gmt":"2014-07-02T12:03:40","guid":{"rendered":"http:\/\/www.slatina.hr\/?p=11283"},"modified":"2014-07-02T13:03:40","modified_gmt":"2014-07-02T12:03:40","slug":"poceo-seminar-upravljanje-eu-projektima-u-organizaciji-lag-marinianis","status":"publish","type":"post","link":"https:\/\/www.slatina.hr\/portal\/poceo-seminar-upravljanje-eu-projektima-u-organizaciji-lag-marinianis\/","title":{"rendered":"Po\u010deo seminar \u201cUpravljanje EU projektima\u201d u organizaciji LAG Marinianis"},"content":{"rendered":"<p>Po\u010deo je trodnevni seminar \u201dUpravljanje EU projektima\u201d, namijenjen \u010dlanovima i volonterima LAG-a Marinianis koji \u017eele \u0161to efikasnije ostvariti sredstava iz EU fondova. Seminar organizira Lokalna akcijska grupa Marinianis, a teme su: Upravljanje projektnim ciklusom, Logi\u010dka matrica, Prora\u010dun projekta te Procedura nabave. Predavanja dr\u017ei zamjenica viroviti\u010dko-podravskog \u017eupana Sanja Bo\u0161njak, certificirana trenerica za EU fondove s osmogodi\u0161njim iskustvom u pripremi i provedbi europskih projekata. Svim polaznicima seminara bit \u0107e uru\u010den certifikat i evaluacija. (radioslatina.hr)<\/p>\n<p><!-- default-view.php -->\n<div\n\tclass=\"ngg-galleryoverview default-view\n\t ngg-ajax-pagination-none\t\"\n\tid=\"ngg-gallery-523d77db37fd855513e4ee6a39cd9e39-1\"\n\tdata-nextgen-gallery-id=\"573\"\n\tdata-gallery-id=\"573\"\n\t\tdata-gallery-name=\"3-9-2023 laureati\"\n\t>\n\n\t\t<!-- Thumbnails -->\n\t\t\t\t<div id=\"ngg-image-0\" class=\"ngg-gallery-thumbnail-box\n\t\t\t\t\t\t\t\t\t\t\t\"\n\t\t\t>\n\t\t\t\t\t\t<div class=\"ngg-gallery-thumbnail\">\n\t\t<a href=\"https:\/\/www.slatina.hr\/portal\/wp-content\/gallery\/3-9-2023-laureati\/IMG_9931.JPG?t=1693703621\"\n\t\t\ttitle=\"\"\n\t\t\tdata-src=\"https:\/\/www.slatina.hr\/portal\/wp-content\/gallery\/3-9-2023-laureati\/IMG_9931.JPG?t=1693703621\"\n\t\t\tdata-thumbnail=\"https:\/\/www.slatina.hr\/portal\/wp-content\/gallery\/3-9-2023-laureati\/thumbs\/thumbs_IMG_9931.JPG?t=1693703621\"\n\t\t\tdata-image-id=\"9193\"\n\t\t\tdata-image-name=\"IMG_9931.JPG\"\n\t\t\tdata-title=\"IMG_9931\"\n\t\t\tdata-description=\"\"\n\t\t\tdata-image-slug=\"img_9931\"\n\t\t\t\t\t\t\t\t\t\t\t\t\t\t\t\t\t\t\t\tclass=\"ngg-fancybox\" rel=\"523d77db37fd855513e4ee6a39cd9e39\">\n\t\t\t\t\t\t\t\t<img\n\t\t\t\t\ttitle=\"IMG_9931\"\n\t\t\t\t\talt=\"IMG_9931\"\n\t\t\t\t\tsrc=\"https:\/\/www.slatina.hr\/portal\/wp-content\/gallery\/3-9-2023-laureati\/thumbs\/thumbs_IMG_9931.JPG?t=1693703621\"\n\t\t\t\t\twidth=\"240\"\n\t\t\t\t\theight=\"160\"\n\t\t\t\t\tstyle=\"max-width:100%;\"\n\t\t\t\t\/>\n\t\t\t<\/a>\n\t\t<\/div>\n\t\t\t\t\t\t\t<\/div>\n\t\t\t\n\t\t\t\t<div id=\"ngg-image-1\" class=\"ngg-gallery-thumbnail-box\n\t\t\t\t\t\t\t\t\t\t\t\"\n\t\t\t>\n\t\t\t\t\t\t<div class=\"ngg-gallery-thumbnail\">\n\t\t<a href=\"https:\/\/www.slatina.hr\/portal\/wp-content\/gallery\/3-9-2023-laureati\/IMG_9957.JPG?t=1693703621\"\n\t\t\ttitle=\"\"\n\t\t\tdata-src=\"https:\/\/www.slatina.hr\/portal\/wp-content\/gallery\/3-9-2023-laureati\/IMG_9957.JPG?t=1693703621\"\n\t\t\tdata-thumbnail=\"https:\/\/www.slatina.hr\/portal\/wp-content\/gallery\/3-9-2023-laureati\/thumbs\/thumbs_IMG_9957.JPG?t=1693703621\"\n\t\t\tdata-image-id=\"9194\"\n\t\t\tdata-image-name=\"IMG_9957.JPG\"\n\t\t\tdata-title=\"IMG_9957\"\n\t\t\tdata-description=\"\"\n\t\t\tdata-image-slug=\"img_9957\"\n\t\t\t\t\t\t\t\t\t\t\t\t\t\t\t\t\t\t\t\tclass=\"ngg-fancybox\" rel=\"523d77db37fd855513e4ee6a39cd9e39\">\n\t\t\t\t\t\t\t\t<img\n\t\t\t\t\ttitle=\"IMG_9957\"\n\t\t\t\t\talt=\"IMG_9957\"\n\t\t\t\t\tsrc=\"https:\/\/www.slatina.hr\/portal\/wp-content\/gallery\/3-9-2023-laureati\/thumbs\/thumbs_IMG_9957.JPG?t=1693703621\"\n\t\t\t\t\twidth=\"240\"\n\t\t\t\t\theight=\"160\"\n\t\t\t\t\tstyle=\"max-width:100%;\"\n\t\t\t\t\/>\n\t\t\t<\/a>\n\t\t<\/div>\n\t\t\t\t\t\t\t<\/div>\n\t\t\t\n\t\t\t\t<div id=\"ngg-image-2\" class=\"ngg-gallery-thumbnail-box\n\t\t\t\t\t\t\t\t\t\t\t\"\n\t\t\t>\n\t\t\t\t\t\t<div class=\"ngg-gallery-thumbnail\">\n\t\t<a href=\"https:\/\/www.slatina.hr\/portal\/wp-content\/gallery\/3-9-2023-laureati\/IMG_9933.JPG?t=1693703621\"\n\t\t\ttitle=\"\"\n\t\t\tdata-src=\"https:\/\/www.slatina.hr\/portal\/wp-content\/gallery\/3-9-2023-laureati\/IMG_9933.JPG?t=1693703621\"\n\t\t\tdata-thumbnail=\"https:\/\/www.slatina.hr\/portal\/wp-content\/gallery\/3-9-2023-laureati\/thumbs\/thumbs_IMG_9933.JPG?t=1693703621\"\n\t\t\tdata-image-id=\"9195\"\n\t\t\tdata-image-name=\"IMG_9933.JPG\"\n\t\t\tdata-title=\"IMG_9933\"\n\t\t\tdata-description=\"\"\n\t\t\tdata-image-slug=\"img_9933\"\n\t\t\t\t\t\t\t\t\t\t\t\t\t\t\t\t\t\t\t\tclass=\"ngg-fancybox\" rel=\"523d77db37fd855513e4ee6a39cd9e39\">\n\t\t\t\t\t\t\t\t<img\n\t\t\t\t\ttitle=\"IMG_9933\"\n\t\t\t\t\talt=\"IMG_9933\"\n\t\t\t\t\tsrc=\"https:\/\/www.slatina.hr\/portal\/wp-content\/gallery\/3-9-2023-laureati\/thumbs\/thumbs_IMG_9933.JPG?t=1693703621\"\n\t\t\t\t\twidth=\"240\"\n\t\t\t\t\theight=\"160\"\n\t\t\t\t\tstyle=\"max-width:100%;\"\n\t\t\t\t\/>\n\t\t\t<\/a>\n\t\t<\/div>\n\t\t\t\t\t\t\t<\/div>\n\t\t\t\n\t\t\t\t<div id=\"ngg-image-3\" class=\"ngg-gallery-thumbnail-box\n\t\t\t\t\t\t\t\t\t\t\t\"\n\t\t\t>\n\t\t\t\t\t\t<div class=\"ngg-gallery-thumbnail\">\n\t\t<a href=\"https:\/\/www.slatina.hr\/portal\/wp-content\/gallery\/3-9-2023-laureati\/IMG_9947.JPG?t=1693703622\"\n\t\t\ttitle=\"\"\n\t\t\tdata-src=\"https:\/\/www.slatina.hr\/portal\/wp-content\/gallery\/3-9-2023-laureati\/IMG_9947.JPG?t=1693703622\"\n\t\t\tdata-thumbnail=\"https:\/\/www.slatina.hr\/portal\/wp-content\/gallery\/3-9-2023-laureati\/thumbs\/thumbs_IMG_9947.JPG?t=1693703622\"\n\t\t\tdata-image-id=\"9196\"\n\t\t\tdata-image-name=\"IMG_9947.JPG\"\n\t\t\tdata-title=\"IMG_9947\"\n\t\t\tdata-description=\"\"\n\t\t\tdata-image-slug=\"img_9947\"\n\t\t\t\t\t\t\t\t\t\t\t\t\t\t\t\t\t\t\t\tclass=\"ngg-fancybox\" rel=\"523d77db37fd855513e4ee6a39cd9e39\">\n\t\t\t\t\t\t\t\t<img\n\t\t\t\t\ttitle=\"IMG_9947\"\n\t\t\t\t\talt=\"IMG_9947\"\n\t\t\t\t\tsrc=\"https:\/\/www.slatina.hr\/portal\/wp-content\/gallery\/3-9-2023-laureati\/thumbs\/thumbs_IMG_9947.JPG?t=1693703622\"\n\t\t\t\t\twidth=\"240\"\n\t\t\t\t\theight=\"160\"\n\t\t\t\t\tstyle=\"max-width:100%;\"\n\t\t\t\t\/>\n\t\t\t<\/a>\n\t\t<\/div>\n\t\t\t\t\t\t\t<\/div>\n\t\t\t\n\t\t\t\t<div id=\"ngg-image-4\" class=\"ngg-gallery-thumbnail-box\n\t\t\t\t\t\t\t\t\t\t\t\"\n\t\t\t>\n\t\t\t\t\t\t<div class=\"ngg-gallery-thumbnail\">\n\t\t<a href=\"https:\/\/www.slatina.hr\/portal\/wp-content\/gallery\/3-9-2023-laureati\/IMG_9941.JPG?t=1693703621\"\n\t\t\ttitle=\"\"\n\t\t\tdata-src=\"https:\/\/www.slatina.hr\/portal\/wp-content\/gallery\/3-9-2023-laureati\/IMG_9941.JPG?t=1693703621\"\n\t\t\tdata-thumbnail=\"https:\/\/www.slatina.hr\/portal\/wp-content\/gallery\/3-9-2023-laureati\/thumbs\/thumbs_IMG_9941.JPG?t=1693703621\"\n\t\t\tdata-image-id=\"9197\"\n\t\t\tdata-image-name=\"IMG_9941.JPG\"\n\t\t\tdata-title=\"IMG_9941\"\n\t\t\tdata-description=\"\"\n\t\t\tdata-image-slug=\"img_9941\"\n\t\t\t\t\t\t\t\t\t\t\t\t\t\t\t\t\t\t\t\tclass=\"ngg-fancybox\" rel=\"523d77db37fd855513e4ee6a39cd9e39\">\n\t\t\t\t\t\t\t\t<img\n\t\t\t\t\ttitle=\"IMG_9941\"\n\t\t\t\t\talt=\"IMG_9941\"\n\t\t\t\t\tsrc=\"https:\/\/www.slatina.hr\/portal\/wp-content\/gallery\/3-9-2023-laureati\/thumbs\/thumbs_IMG_9941.JPG?t=1693703621\"\n\t\t\t\t\twidth=\"240\"\n\t\t\t\t\theight=\"160\"\n\t\t\t\t\tstyle=\"max-width:100%;\"\n\t\t\t\t\/>\n\t\t\t<\/a>\n\t\t<\/div>\n\t\t\t\t\t\t\t<\/div>\n\t\t\t\n\t\t\t\t<div id=\"ngg-image-5\" class=\"ngg-gallery-thumbnail-box\n\t\t\t\t\t\t\t\t\t\t\t\"\n\t\t\t>\n\t\t\t\t\t\t<div class=\"ngg-gallery-thumbnail\">\n\t\t<a href=\"https:\/\/www.slatina.hr\/portal\/wp-content\/gallery\/3-9-2023-laureati\/IMG_9938.JPG?t=1693703622\"\n\t\t\ttitle=\"\"\n\t\t\tdata-src=\"https:\/\/www.slatina.hr\/portal\/wp-content\/gallery\/3-9-2023-laureati\/IMG_9938.JPG?t=1693703622\"\n\t\t\tdata-thumbnail=\"https:\/\/www.slatina.hr\/portal\/wp-content\/gallery\/3-9-2023-laureati\/thumbs\/thumbs_IMG_9938.JPG?t=1693703622\"\n\t\t\tdata-image-id=\"9198\"\n\t\t\tdata-image-name=\"IMG_9938.JPG\"\n\t\t\tdata-title=\"IMG_9938\"\n\t\t\tdata-description=\"\"\n\t\t\tdata-image-slug=\"img_9938\"\n\t\t\t\t\t\t\t\t\t\t\t\t\t\t\t\t\t\t\t\tclass=\"ngg-fancybox\" rel=\"523d77db37fd855513e4ee6a39cd9e39\">\n\t\t\t\t\t\t\t\t<img\n\t\t\t\t\ttitle=\"IMG_9938\"\n\t\t\t\t\talt=\"IMG_9938\"\n\t\t\t\t\tsrc=\"https:\/\/www.slatina.hr\/portal\/wp-content\/gallery\/3-9-2023-laureati\/thumbs\/thumbs_IMG_9938.JPG?t=1693703622\"\n\t\t\t\t\twidth=\"240\"\n\t\t\t\t\theight=\"160\"\n\t\t\t\t\tstyle=\"max-width:100%;\"\n\t\t\t\t\/>\n\t\t\t<\/a>\n\t\t<\/div>\n\t\t\t\t\t\t\t<\/div>\n\t\t\t\n\t\t\t\t<div id=\"ngg-image-6\" class=\"ngg-gallery-thumbnail-box\n\t\t\t\t\t\t\t\t\t\t\t\"\n\t\t\t>\n\t\t\t\t\t\t<div class=\"ngg-gallery-thumbnail\">\n\t\t<a href=\"https:\/\/www.slatina.hr\/portal\/wp-content\/gallery\/3-9-2023-laureati\/IMG_9911.JPG?t=1693703624\"\n\t\t\ttitle=\"\"\n\t\t\tdata-src=\"https:\/\/www.slatina.hr\/portal\/wp-content\/gallery\/3-9-2023-laureati\/IMG_9911.JPG?t=1693703624\"\n\t\t\tdata-thumbnail=\"https:\/\/www.slatina.hr\/portal\/wp-content\/gallery\/3-9-2023-laureati\/thumbs\/thumbs_IMG_9911.JPG?t=1693703624\"\n\t\t\tdata-image-id=\"9199\"\n\t\t\tdata-image-name=\"IMG_9911.JPG\"\n\t\t\tdata-title=\"IMG_9911\"\n\t\t\tdata-description=\"\"\n\t\t\tdata-image-slug=\"img_9911\"\n\t\t\t\t\t\t\t\t\t\t\t\t\t\t\t\t\t\t\t\tclass=\"ngg-fancybox\" rel=\"523d77db37fd855513e4ee6a39cd9e39\">\n\t\t\t\t\t\t\t\t<img\n\t\t\t\t\ttitle=\"IMG_9911\"\n\t\t\t\t\talt=\"IMG_9911\"\n\t\t\t\t\tsrc=\"https:\/\/www.slatina.hr\/portal\/wp-content\/gallery\/3-9-2023-laureati\/thumbs\/thumbs_IMG_9911.JPG?t=1693703624\"\n\t\t\t\t\twidth=\"240\"\n\t\t\t\t\theight=\"160\"\n\t\t\t\t\tstyle=\"max-width:100%;\"\n\t\t\t\t\/>\n\t\t\t<\/a>\n\t\t<\/div>\n\t\t\t\t\t\t\t<\/div>\n\t\t\t\n\t\t\t\t<div id=\"ngg-image-7\" class=\"ngg-gallery-thumbnail-box\n\t\t\t\t\t\t\t\t\t\t\t\"\n\t\t\t>\n\t\t\t\t\t\t<div class=\"ngg-gallery-thumbnail\">\n\t\t<a href=\"https:\/\/www.slatina.hr\/portal\/wp-content\/gallery\/3-9-2023-laureati\/IMG_9913.JPG?t=1693703624\"\n\t\t\ttitle=\"\"\n\t\t\tdata-src=\"https:\/\/www.slatina.hr\/portal\/wp-content\/gallery\/3-9-2023-laureati\/IMG_9913.JPG?t=1693703624\"\n\t\t\tdata-thumbnail=\"https:\/\/www.slatina.hr\/portal\/wp-content\/gallery\/3-9-2023-laureati\/thumbs\/thumbs_IMG_9913.JPG?t=1693703624\"\n\t\t\tdata-image-id=\"9200\"\n\t\t\tdata-image-name=\"IMG_9913.JPG\"\n\t\t\tdata-title=\"IMG_9913\"\n\t\t\tdata-description=\"\"\n\t\t\tdata-image-slug=\"img_9913\"\n\t\t\t\t\t\t\t\t\t\t\t\t\t\t\t\t\t\t\t\tclass=\"ngg-fancybox\" rel=\"523d77db37fd855513e4ee6a39cd9e39\">\n\t\t\t\t\t\t\t\t<img\n\t\t\t\t\ttitle=\"IMG_9913\"\n\t\t\t\t\talt=\"IMG_9913\"\n\t\t\t\t\tsrc=\"https:\/\/www.slatina.hr\/portal\/wp-content\/gallery\/3-9-2023-laureati\/thumbs\/thumbs_IMG_9913.JPG?t=1693703624\"\n\t\t\t\t\twidth=\"240\"\n\t\t\t\t\theight=\"160\"\n\t\t\t\t\tstyle=\"max-width:100%;\"\n\t\t\t\t\/>\n\t\t\t<\/a>\n\t\t<\/div>\n\t\t\t\t\t\t\t<\/div>\n\t\t\t\n\t\t\t\t<div id=\"ngg-image-8\" class=\"ngg-gallery-thumbnail-box\n\t\t\t\t\t\t\t\t\t\t\t\"\n\t\t\t>\n\t\t\t\t\t\t<div class=\"ngg-gallery-thumbnail\">\n\t\t<a href=\"https:\/\/www.slatina.hr\/portal\/wp-content\/gallery\/3-9-2023-laureati\/IMG_9915.JPG?t=1693703624\"\n\t\t\ttitle=\"\"\n\t\t\tdata-src=\"https:\/\/www.slatina.hr\/portal\/wp-content\/gallery\/3-9-2023-laureati\/IMG_9915.JPG?t=1693703624\"\n\t\t\tdata-thumbnail=\"https:\/\/www.slatina.hr\/portal\/wp-content\/gallery\/3-9-2023-laureati\/thumbs\/thumbs_IMG_9915.JPG?t=1693703624\"\n\t\t\tdata-image-id=\"9201\"\n\t\t\tdata-image-name=\"IMG_9915.JPG\"\n\t\t\tdata-title=\"IMG_9915\"\n\t\t\tdata-description=\"\"\n\t\t\tdata-image-slug=\"img_9915\"\n\t\t\t\t\t\t\t\t\t\t\t\t\t\t\t\t\t\t\t\tclass=\"ngg-fancybox\" rel=\"523d77db37fd855513e4ee6a39cd9e39\">\n\t\t\t\t\t\t\t\t<img\n\t\t\t\t\ttitle=\"IMG_9915\"\n\t\t\t\t\talt=\"IMG_9915\"\n\t\t\t\t\tsrc=\"https:\/\/www.slatina.hr\/portal\/wp-content\/gallery\/3-9-2023-laureati\/thumbs\/thumbs_IMG_9915.JPG?t=1693703624\"\n\t\t\t\t\twidth=\"240\"\n\t\t\t\t\theight=\"160\"\n\t\t\t\t\tstyle=\"max-width:100%;\"\n\t\t\t\t\/>\n\t\t\t<\/a>\n\t\t<\/div>\n\t\t\t\t\t\t\t<\/div>\n\t\t\t\n\t\t\t\t<div id=\"ngg-image-9\" class=\"ngg-gallery-thumbnail-box\n\t\t\t\t\t\t\t\t\t\t\t\"\n\t\t\t>\n\t\t\t\t\t\t<div class=\"ngg-gallery-thumbnail\">\n\t\t<a href=\"https:\/\/www.slatina.hr\/portal\/wp-content\/gallery\/3-9-2023-laureati\/IMG_9922.JPG?t=1693703624\"\n\t\t\ttitle=\"\"\n\t\t\tdata-src=\"https:\/\/www.slatina.hr\/portal\/wp-content\/gallery\/3-9-2023-laureati\/IMG_9922.JPG?t=1693703624\"\n\t\t\tdata-thumbnail=\"https:\/\/www.slatina.hr\/portal\/wp-content\/gallery\/3-9-2023-laureati\/thumbs\/thumbs_IMG_9922.JPG?t=1693703624\"\n\t\t\tdata-image-id=\"9202\"\n\t\t\tdata-image-name=\"IMG_9922.JPG\"\n\t\t\tdata-title=\"IMG_9922\"\n\t\t\tdata-description=\"\"\n\t\t\tdata-image-slug=\"img_9922\"\n\t\t\t\t\t\t\t\t\t\t\t\t\t\t\t\t\t\t\t\tclass=\"ngg-fancybox\" rel=\"523d77db37fd855513e4ee6a39cd9e39\">\n\t\t\t\t\t\t\t\t<img\n\t\t\t\t\ttitle=\"IMG_9922\"\n\t\t\t\t\talt=\"IMG_9922\"\n\t\t\t\t\tsrc=\"https:\/\/www.slatina.hr\/portal\/wp-content\/gallery\/3-9-2023-laureati\/thumbs\/thumbs_IMG_9922.JPG?t=1693703624\"\n\t\t\t\t\twidth=\"240\"\n\t\t\t\t\theight=\"160\"\n\t\t\t\t\tstyle=\"max-width:100%;\"\n\t\t\t\t\/>\n\t\t\t<\/a>\n\t\t<\/div>\n\t\t\t\t\t\t\t<\/div>\n\t\t\t\n\t\t\t\t<div id=\"ngg-image-10\" class=\"ngg-gallery-thumbnail-box\n\t\t\t\t\t\t\t\t\t\t\t\"\n\t\t\t>\n\t\t\t\t\t\t<div class=\"ngg-gallery-thumbnail\">\n\t\t<a href=\"https:\/\/www.slatina.hr\/portal\/wp-content\/gallery\/3-9-2023-laureati\/IMG_9916.JPG?t=1693703624\"\n\t\t\ttitle=\"\"\n\t\t\tdata-src=\"https:\/\/www.slatina.hr\/portal\/wp-content\/gallery\/3-9-2023-laureati\/IMG_9916.JPG?t=1693703624\"\n\t\t\tdata-thumbnail=\"https:\/\/www.slatina.hr\/portal\/wp-content\/gallery\/3-9-2023-laureati\/thumbs\/thumbs_IMG_9916.JPG?t=1693703624\"\n\t\t\tdata-image-id=\"9203\"\n\t\t\tdata-image-name=\"IMG_9916.JPG\"\n\t\t\tdata-title=\"IMG_9916\"\n\t\t\tdata-description=\"\"\n\t\t\tdata-image-slug=\"img_9916\"\n\t\t\t\t\t\t\t\t\t\t\t\t\t\t\t\t\t\t\t\tclass=\"ngg-fancybox\" rel=\"523d77db37fd855513e4ee6a39cd9e39\">\n\t\t\t\t\t\t\t\t<img\n\t\t\t\t\ttitle=\"IMG_9916\"\n\t\t\t\t\talt=\"IMG_9916\"\n\t\t\t\t\tsrc=\"https:\/\/www.slatina.hr\/portal\/wp-content\/gallery\/3-9-2023-laureati\/thumbs\/thumbs_IMG_9916.JPG?t=1693703624\"\n\t\t\t\t\twidth=\"240\"\n\t\t\t\t\theight=\"160\"\n\t\t\t\t\tstyle=\"max-width:100%;\"\n\t\t\t\t\/>\n\t\t\t<\/a>\n\t\t<\/div>\n\t\t\t\t\t\t\t<\/div>\n\t\t\t\n\t\t\t\t<div id=\"ngg-image-11\" class=\"ngg-gallery-thumbnail-box\n\t\t\t\t\t\t\t\t\t\t\t\"\n\t\t\t>\n\t\t\t\t\t\t<div class=\"ngg-gallery-thumbnail\">\n\t\t<a href=\"https:\/\/www.slatina.hr\/portal\/wp-content\/gallery\/3-9-2023-laureati\/IMG_9920.JPG?t=1693703624\"\n\t\t\ttitle=\"\"\n\t\t\tdata-src=\"https:\/\/www.slatina.hr\/portal\/wp-content\/gallery\/3-9-2023-laureati\/IMG_9920.JPG?t=1693703624\"\n\t\t\tdata-thumbnail=\"https:\/\/www.slatina.hr\/portal\/wp-content\/gallery\/3-9-2023-laureati\/thumbs\/thumbs_IMG_9920.JPG?t=1693703624\"\n\t\t\tdata-image-id=\"9204\"\n\t\t\tdata-image-name=\"IMG_9920.JPG\"\n\t\t\tdata-title=\"IMG_9920\"\n\t\t\tdata-description=\"\"\n\t\t\tdata-image-slug=\"img_9920\"\n\t\t\t\t\t\t\t\t\t\t\t\t\t\t\t\t\t\t\t\tclass=\"ngg-fancybox\" rel=\"523d77db37fd855513e4ee6a39cd9e39\">\n\t\t\t\t\t\t\t\t<img\n\t\t\t\t\ttitle=\"IMG_9920\"\n\t\t\t\t\talt=\"IMG_9920\"\n\t\t\t\t\tsrc=\"https:\/\/www.slatina.hr\/portal\/wp-content\/gallery\/3-9-2023-laureati\/thumbs\/thumbs_IMG_9920.JPG?t=1693703624\"\n\t\t\t\t\twidth=\"240\"\n\t\t\t\t\theight=\"160\"\n\t\t\t\t\tstyle=\"max-width:100%;\"\n\t\t\t\t\/>\n\t\t\t<\/a>\n\t\t<\/div>\n\t\t\t\t\t\t\t<\/div>\n\t\t\t\n\t\t\t\t<div id=\"ngg-image-12\" class=\"ngg-gallery-thumbnail-box\n\t\t\t\t\t\t\t\t\t\t\t\"\n\t\t\t>\n\t\t\t\t\t\t<div class=\"ngg-gallery-thumbnail\">\n\t\t<a href=\"https:\/\/www.slatina.hr\/portal\/wp-content\/gallery\/3-9-2023-laureati\/IMG_9924.JPG?t=1693703625\"\n\t\t\ttitle=\"\"\n\t\t\tdata-src=\"https:\/\/www.slatina.hr\/portal\/wp-content\/gallery\/3-9-2023-laureati\/IMG_9924.JPG?t=1693703625\"\n\t\t\tdata-thumbnail=\"https:\/\/www.slatina.hr\/portal\/wp-content\/gallery\/3-9-2023-laureati\/thumbs\/thumbs_IMG_9924.JPG?t=1693703625\"\n\t\t\tdata-image-id=\"9205\"\n\t\t\tdata-image-name=\"IMG_9924.JPG\"\n\t\t\tdata-title=\"IMG_9924\"\n\t\t\tdata-description=\"\"\n\t\t\tdata-image-slug=\"img_9924\"\n\t\t\t\t\t\t\t\t\t\t\t\t\t\t\t\t\t\t\t\tclass=\"ngg-fancybox\" rel=\"523d77db37fd855513e4ee6a39cd9e39\">\n\t\t\t\t\t\t\t\t<img\n\t\t\t\t\ttitle=\"IMG_9924\"\n\t\t\t\t\talt=\"IMG_9924\"\n\t\t\t\t\tsrc=\"https:\/\/www.slatina.hr\/portal\/wp-content\/gallery\/3-9-2023-laureati\/thumbs\/thumbs_IMG_9924.JPG?t=1693703625\"\n\t\t\t\t\twidth=\"240\"\n\t\t\t\t\theight=\"160\"\n\t\t\t\t\tstyle=\"max-width:100%;\"\n\t\t\t\t\/>\n\t\t\t<\/a>\n\t\t<\/div>\n\t\t\t\t\t\t\t<\/div>\n\t\t\t\n\t\t\t\t<div id=\"ngg-image-13\" class=\"ngg-gallery-thumbnail-box\n\t\t\t\t\t\t\t\t\t\t\t\"\n\t\t\t>\n\t\t\t\t\t\t<div class=\"ngg-gallery-thumbnail\">\n\t\t<a href=\"https:\/\/www.slatina.hr\/portal\/wp-content\/gallery\/3-9-2023-laureati\/IMG_9926.JPG?t=1693703625\"\n\t\t\ttitle=\"\"\n\t\t\tdata-src=\"https:\/\/www.slatina.hr\/portal\/wp-content\/gallery\/3-9-2023-laureati\/IMG_9926.JPG?t=1693703625\"\n\t\t\tdata-thumbnail=\"https:\/\/www.slatina.hr\/portal\/wp-content\/gallery\/3-9-2023-laureati\/thumbs\/thumbs_IMG_9926.JPG?t=1693703625\"\n\t\t\tdata-image-id=\"9206\"\n\t\t\tdata-image-name=\"IMG_9926.JPG\"\n\t\t\tdata-title=\"IMG_9926\"\n\t\t\tdata-description=\"\"\n\t\t\tdata-image-slug=\"img_9926\"\n\t\t\t\t\t\t\t\t\t\t\t\t\t\t\t\t\t\t\t\tclass=\"ngg-fancybox\" rel=\"523d77db37fd855513e4ee6a39cd9e39\">\n\t\t\t\t\t\t\t\t<img\n\t\t\t\t\ttitle=\"IMG_9926\"\n\t\t\t\t\talt=\"IMG_9926\"\n\t\t\t\t\tsrc=\"https:\/\/www.slatina.hr\/portal\/wp-content\/gallery\/3-9-2023-laureati\/thumbs\/thumbs_IMG_9926.JPG?t=1693703625\"\n\t\t\t\t\twidth=\"240\"\n\t\t\t\t\theight=\"160\"\n\t\t\t\t\tstyle=\"max-width:100%;\"\n\t\t\t\t\/>\n\t\t\t<\/a>\n\t\t<\/div>\n\t\t\t\t\t\t\t<\/div>\n\t\t\t\n\t\n\t<br style=\"clear: both\" \/>\n\n\t\n\t\t<!-- Pagination -->\n\t\t<div class='ngg-clear'><\/div>\t<\/div>\n<\/p>\n","protected":false},"excerpt":{"rendered":"<p>Po\u010deo je trodnevni seminar \u201dUpravljanje EU projektima\u201d, namijenjen \u010dlanovima i volonterima LAG-a Marinianis koji \u017eele \u0161to efikasnije ostvariti sredstava iz EU fondova. Seminar organizira Lokalna<span class=\"excerpt-hellip\"> [\u2026]<\/span><\/p>\n","protected":false},"author":1,"featured_media":11285,"comment_status":"closed","ping_status":"closed","sticky":false,"template":"","format":"standard","meta":{"ngg_post_thumbnail":0,"footnotes":""},"categories":[136],"tags":[],"class_list":["post-11283","post","type-post","status-publish","format-standard","has-post-thumbnail","hentry","category-grad-slatina"],"_links":{"self":[{"href":"https:\/\/www.slatina.hr\/portal\/wp-json\/wp\/v2\/posts\/11283","targetHints":{"allow":["GET"]}}],"collection":[{"href":"https:\/\/www.slatina.hr\/portal\/wp-json\/wp\/v2\/posts"}],"about":[{"href":"https:\/\/www.slatina.hr\/portal\/wp-json\/wp\/v2\/types\/post"}],"author":[{"embeddable":true,"href":"https:\/\/www.slatina.hr\/portal\/wp-json\/wp\/v2\/users\/1"}],"replies":[{"embeddable":true,"href":"https:\/\/www.slatina.hr\/portal\/wp-json\/wp\/v2\/comments?post=11283"}],"version-history":[{"count":0,"href":"https:\/\/www.slatina.hr\/portal\/wp-json\/wp\/v2\/posts\/11283\/revisions"}],"wp:featuredmedia":[{"embeddable":true,"href":"https:\/\/www.slatina.hr\/portal\/wp-json\/wp\/v2\/media\/11285"}],"wp:attachment":[{"href":"https:\/\/www.slatina.hr\/portal\/wp-json\/wp\/v2\/media?parent=11283"}],"wp:term":[{"taxonomy":"category","embeddable":true,"href":"https:\/\/www.slatina.hr\/portal\/wp-json\/wp\/v2\/categories?post=11283"},{"taxonomy":"post_tag","embeddable":true,"href":"https:\/\/www.slatina.hr\/portal\/wp-json\/wp\/v2\/tags?post=11283"}],"curies":[{"name":"wp","href":"https:\/\/api.w.org\/{rel}","templated":true}]}}