{"id":112664,"date":"2022-06-14T10:24:37","date_gmt":"2022-06-14T08:24:37","guid":{"rendered":"https:\/\/www.slatina.hr\/portal\/?p=112664"},"modified":"2022-06-14T10:24:37","modified_gmt":"2022-06-14T08:24:37","slug":"tijekom-gostovanja-na-radio-slatini-gradonacelnik-ostrosic-i-procelnik-kokoric-predstavili-projekte-u-provedbi","status":"publish","type":"post","link":"https:\/\/www.slatina.hr\/portal\/tijekom-gostovanja-na-radio-slatini-gradonacelnik-ostrosic-i-procelnik-kokoric-predstavili-projekte-u-provedbi\/","title":{"rendered":"Tijekom gostovanja na Radio Slatini gradona\u010delnik Ostro\u0161i\u0107 i pro\u010delnik Kokori\u0107 predstavili projekte u provedbi"},"content":{"rendered":"<p>Tijekom gostovanja na Radio Slatini Grada Slatine Denis Ostro\u0161i\u0107 i pro\u010delnik Upravnog odjela za razvoj Grada Marin Kokori\u0107 govorili su o projektima u proteklom jednogodi\u0161njem razdoblju, te su izme\u0111u ostalih predstavili i projekte koji su trenuta\u010dno u provedbi.<\/p>\n<p><em>PROJEKTI U PROVEDBI<\/em><\/p>\n<p><strong>Projekt ulaganja u objekt Dje\u010djeg vrti\u0107a Zeko \u2013 jaslice<\/strong><\/p>\n<p>U 2021. godini zapo\u010deo je projekt dogradnje zgrade jaslica u sklopu Dje\u010djeg vrti\u0107a Zeko u Slatini \u010dime \u0107e se ista pro\u0161iriti i dobiti dva dje\u010dja dnevna boravka za jasli\u010dke skupine s vanjskom terasom i izlazom u vrti\u0107ko dvori\u0161te, dok \u0107e u potkrovlju biti smje\u0161tena dva uredska prostora i jedna vi\u0161enamjenska dvorana.<\/p>\n<p>\u2013 Otvorenje dodatnih prostorija u jaslicama planira se krajem ove godine, a na natje\u010daj iz Nacionalnog plana za oporavak i otpornost planira se prijaviti izgradnja novog dje\u010djeg vrti\u0107a u Slatini kako bi se svoj djeci na podru\u010dju grada osiguralo mjesto u vrti\u0107u, \u2013 istaknuo je gradona\u010delnik Ostro\u0161i\u0107, te dodao kako je spomenuti projekt vrijedan 3 milijuna kuna.<\/p>\n<p>\u2013 436.000 kuna dobili smo od Sredi\u0161njeg ureda za demografiju i mlade, te je nedavno potpisan ugovor o jo\u0161 350.000,00 kuna kojim \u0107e Ministarstvo regionalnog razvoja i fondova Europske unije sufinancirati dogradnju jaslica, \u2013 obrazlo\u017eio je pro\u010delnik Kokori\u0107.<\/p>\n<p><strong>Projekt Do\u017eivjeti stotu<\/strong><\/p>\n<p>Projekt Do\u017eivjeti stotu ukupne vrijednosti 426.320,72 kn u 100% iznosu financiran je sredstvima Europske unije.<br \/>\nUz Grad Slatinu kao prijavitelja, partneri na projektu su Dijabeti\u010dka udruga Slatina i Hrvatski Crveni kri\u017e, Gradsko dru\u0161tvo Crvenog kri\u017ea Slatina. Projektom se \u017eeli gra\u0111ane Slatine informirati o rizi\u010dnim \u010dimbenicima nastanka kardiovaskularnih i malignih bolesti te uklju\u010diti djecu i odrasle u provedbu preventivnih mjera.<\/p>\n<p>U okviru projekta \u201eDo\u017eivjeti stotu\u201c organizirat \u0107e se:<\/p>\n<ul>\n<li>2 tribine s panel raspravom,<\/li>\n<li>Program Dani zdravlja tijekom kojega \u0107e tim od 5 zdravstvenih djelatnika odr\u017eavati trija\u017eu, odnosno akcije kontrole razine \u0161e\u0107era, triglicerida i kolesterola u krvi te vrijednosti krvnog tlaka pri \u010demu \u0107e se svakom sudioniku procijeniti SCORE KV rizik i prisutnost metaboli\u010dkog sindroma. Akcije su ve\u0107 zapo\u010dele i do sada su odr\u017eane u Slatini, Radosavcima i Baki\u0107u. Odaziv stanovnika je bio odli\u010dan te se pozivaju gra\u0111ani da se odazovu akcijama trija\u017ee koje \u0107e se nastaviti nakon ljetne stanke.<\/li>\n<li>Prikupljanje podataka s navedenih aktivnosti, njihova obrada, interpretacija i objava,<\/li>\n<li>Tjelovje\u017ebe u dje\u010djim vrti\u0107ima i radionice nordijskog hodanja,<\/li>\n<li>Edukacije: \u0161kola nepu\u0161enja, edukacija pru\u017eanja prve pomo\u0107i i samopregleda dojki, edukacija o raku dojke.<\/li>\n<li>Tako\u0111er, u okviru projekta sufinancirat \u0107e se tro\u0161kovi pla\u0107e djelatnika Grada Slatine \u2013 voditeljice projekta zadu\u017eene za organizaciju, pra\u0107enje provedbe te izvje\u0161tavanja o istoj.<\/li>\n<\/ul>\n<p><strong>\u201eRekonstrukcija sportsko-rekreacijskog centra Sladojevci\u201c<\/strong><\/p>\n<p><strong>&nbsp;<\/strong>Cilj provedbe projekta je unaprijediti dru\u0161tvenu infrastrukturu i dostupnost osnovnih usluga za lokalno stanovni\u0161tvo na podru\u010dju slatinskog prigradskog naselja Sladojevci kroz ulaganje u rekonstrukciju sportske gra\u0111evine javne namjene kako bi se stvorili uvjeti kvalitetnijeg \u017eivljenja i bavljenja sportom.<\/p>\n<p>\u2013 Postoje\u0107a zgrada s prizemljem i katom ukupne povr\u0161ine 489 m2 izgra\u0111ena je 80-ih godina pro\u0161log stolje\u0107a i zaista je u lo\u0161em stanju. Stolarija je dotrajala, neure\u0111ena su pro\u010delja, te su neadekvatni sanitarni \u010dvorovi bez podnih plo\u010dica, tople vode i sanitarija, \u2013 rekao je pro\u010delnik Kokori\u0107 te najavio o\u010dekivane rezultate projekta kojim \u0107e se u kona\u010dnici ostvariti minimalni higijensko-sanitarni uvjeti za odr\u017eavanje sportsko-rekreacijskih aktivnosti:<\/p>\n<p>Tako \u0107e se obaviti rekonstrukcija 4 svla\u010dioni\u010dka bloka, dva u prizemlju za nogometne timove i dva na katu za mu\u0161ke i \u017eenske nogometne suce, \u0161to uklju\u010duje izgradnju dvokomorne sabirne jame za otpadnu vodu, ugradnju plinskog bojlera i spremnika za potro\u0161nu toplu vodu.<br \/>\nOsim toga pobolj\u0161at \u0107e se energetska svojstava zgrade kroz rekonstrukciju vanjske ovojnice, odnosno ugradnju vanjske stolarije i toplinsku izolaciju pro\u010delja.<br \/>\nProjekt je ukupne vrijednosti 863.600,00 kn, a sufinanciranje EU sredstvima iznosi 730.000,00 kuna.<\/p>\n<p>Nakon provedenog otvorenog postupka javne nabave radova za projekt \u201eRekonstrukcija sportsko-rekreacijskog centra Sladojevci\u201c, kao najpovoljniji ponuditelj odabrana je tvrtka UZOR COLOR d.o.o. iz Virovitice koja \u0107e u narednih 9 mjeseci, po\u010dev\u0161i od 1. lipnja obaviti radove u vrijednosti od 863.600,00 kuna.<\/p>\n<p>Gradona\u010delnik je potom spomenuo jo\u0161 nekoliko projekata u provedbi.<\/p>\n<p><strong>Odr\u017eavanje i razvoj pred\u0161kolske djelatnosti u 2022. godini<\/strong><\/p>\n<p>Projektom se odobrava potpora za odr\u017eavanje i razvoj pred\u0161kolskog odgoja, odnosno sufinanciraju pla\u0107e i materijalni tro\u0161kovi vrti\u0107a. Ugovor je potpisan, a projekt je ukupne vrijednosti od 247.500,00 kuna.<\/p>\n<p><strong>Javni poziv za poticanje razvoja pametnih i odr\u017eivih rje\u0161enja i usluga (EnU-6\/21)<\/strong><\/p>\n<p>Ugovor je potpisan za nabavu platforme koja se odnosi na informiranje i komunikaciju gradskih slu\u017ebi s gra\u0111anima. Projekt je ukupne vrijednosti 248.750,00 kuna, a odobren iznos sufinanciranja je 99.500,00 kuna.<\/p>\n<p><strong>&nbsp;<\/strong><strong>Projekt RECIKLA\u017dNO DVORI\u0160TE NA LOKACIJI U SLATINI<\/strong><\/p>\n<p>Proveden je postupak jednostavne nabave \u201eIzrada Projektno-tehni\u010dke dokumentacije za Recikla\u017eno dvori\u0161te na lokaciji u gradu Slatini\u201c.<br \/>\nKao najpovoljniji odabran je ponuditelj IPZ Uniprojekt TERRA d.o.o. Zagreb, s cijenom ponude u iznosu od 106.250,00 kuna. Ugovor je zaklju\u010den 31. prosinca 2021. godine, a nakon \u0161to je obavljeno kr\u010denje obraslog zemlji\u0161ta na lokaciji budu\u0107eg recikla\u017enog dvori\u0161ta na ulazu u Poduzetni\u010dku zonu Trnova\u010da, na k.\u010d. broj 3806\/5, k.o. P. Slatina, obavljeno je geodetsko snimanje terena i u tijeku je izrada Idejnog rje\u0161enja recikla\u017enog dvori\u0161ta u Slatini.<\/p>\n<p><strong>Projekt REKONSTRUKCIJA JAVNE RASVJETE U GORNJEM GRADU U SLATINI<\/strong><\/p>\n<p>Tijekom prosinca 2021. godine proveden je postupak jednostavne nabave \u201eIzrada projektne dokumentacije za izgradnju javne rasvjete u Gornjem gradu u Slatini \u0161to uklju\u010duje blok ulica Grofa Janka Dra\u0161kovi\u0107a, Jakova Gotovca, Matice hrvatske, Papu\u010dka, Grigora Viteza i Miroslava Kraljevi\u0107a.<br \/>\nKao najpovoljnija odabrana je ponuda tvrtke ARHIS-a d.o.o. iz Slatine u iznosu od 81.250,00 kuna. Ugovor je zaklju\u010den 17. prosinca 2021. godine. Glavni projekt za rekonstrukciju javne rasvjete je izra\u0111en i slijedi podno\u0161enje zahtjeva za gra\u0111evinsku dozvolu.<\/p>\n<p><strong>Projekt SPOJNA CESTA PZ TRNOVA\u010cA \u2013 ULICA N. \u0160. ZRINSKOG, odnosno sjeverni ulaz u PZ Trnova\u010da<\/strong><\/p>\n<p>Na izra\u0111eni Glavni projekt prikupljene su suglasnosti javnopravnih tijela za izvo\u0111enje radova u pojasu pod upravljanjem Hrvatskih cesta i Hrvatskih voda, te je dobivena gra\u0111evinska dozvola.<\/p>\n<p>Nakon predstavljanja projekata u provedbi gradona\u010delnik Ostro\u0161i\u0107 i pro\u010delnik Kokori\u0107 u sljede\u0107em prilogu predstavit \u0107e projekte u pripremi.<br \/>\n(www.radioslatina.hr)<\/p>\n<p><img loading=\"lazy\" decoding=\"async\" class=\"alignnone size-full wp-image-244190\" src=\"https:\/\/www.radioslatina.hr\/wp-content\/uploads\/2022\/06\/IMG-de3b56ba13103a9df7d8a87739565542-V_1024x576-1.jpg\" sizes=\"auto, (max-width: 1024px) 100vw, 1024px\" srcset=\"https:\/\/www.radioslatina.hr\/wp-content\/uploads\/2022\/06\/IMG-de3b56ba13103a9df7d8a87739565542-V_1024x576-1.jpg 1024w, https:\/\/www.radioslatina.hr\/wp-content\/uploads\/2022\/06\/IMG-de3b56ba13103a9df7d8a87739565542-V_1024x576-1-768x432.jpg 768w, https:\/\/www.radioslatina.hr\/wp-content\/uploads\/2022\/06\/IMG-de3b56ba13103a9df7d8a87739565542-V_1024x576-1-390x220.jpg 390w\" alt=\"\" width=\"1024\" height=\"576\"><\/p>\n<figure id=\"attachment_244189\" class=\"wp-caption alignnone\" aria-describedby=\"caption-attachment-244189\"><img loading=\"lazy\" decoding=\"async\" class=\"wp-image-244189 size-full\" src=\"https:\/\/www.radioslatina.hr\/wp-content\/uploads\/2022\/06\/IMG_7126_1024x683.jpg\" sizes=\"auto, (max-width: 1024px) 100vw, 1024px\" srcset=\"https:\/\/www.radioslatina.hr\/wp-content\/uploads\/2022\/06\/IMG_7126_1024x683.jpg 1024w, https:\/\/www.radioslatina.hr\/wp-content\/uploads\/2022\/06\/IMG_7126_1024x683-768x512.jpg 768w\" alt=\"\" width=\"1024\" height=\"683\"><figcaption id=\"caption-attachment-244189\" class=\"wp-caption-text\">Radovi na dogradnji zgrade jaslica u sklopu Dje\u010djeg vrti\u0107a Zeko u Slatini<\/figcaption><\/figure>\n","protected":false},"excerpt":{"rendered":"<p>Tijekom gostovanja na Radio Slatini Grada Slatine Denis Ostro\u0161i\u0107 i pro\u010delnik Upravnog odjela za razvoj Grada Marin Kokori\u0107 govorili su o projektima u proteklom jednogodi\u0161njem<span class=\"excerpt-hellip\"> [\u2026]<\/span><\/p>\n","protected":false},"author":5,"featured_media":112665,"comment_status":"closed","ping_status":"closed","sticky":false,"template":"","format":"standard","meta":{"ngg_post_thumbnail":0,"footnotes":""},"categories":[136,137],"tags":[],"class_list":["post-112664","post","type-post","status-publish","format-standard","has-post-thumbnail","hentry","category-grad-slatina","category-naslovnica"],"_links":{"self":[{"href":"https:\/\/www.slatina.hr\/portal\/wp-json\/wp\/v2\/posts\/112664","targetHints":{"allow":["GET"]}}],"collection":[{"href":"https:\/\/www.slatina.hr\/portal\/wp-json\/wp\/v2\/posts"}],"about":[{"href":"https:\/\/www.slatina.hr\/portal\/wp-json\/wp\/v2\/types\/post"}],"author":[{"embeddable":true,"href":"https:\/\/www.slatina.hr\/portal\/wp-json\/wp\/v2\/users\/5"}],"replies":[{"embeddable":true,"href":"https:\/\/www.slatina.hr\/portal\/wp-json\/wp\/v2\/comments?post=112664"}],"version-history":[{"count":1,"href":"https:\/\/www.slatina.hr\/portal\/wp-json\/wp\/v2\/posts\/112664\/revisions"}],"predecessor-version":[{"id":112666,"href":"https:\/\/www.slatina.hr\/portal\/wp-json\/wp\/v2\/posts\/112664\/revisions\/112666"}],"wp:featuredmedia":[{"embeddable":true,"href":"https:\/\/www.slatina.hr\/portal\/wp-json\/wp\/v2\/media\/112665"}],"wp:attachment":[{"href":"https:\/\/www.slatina.hr\/portal\/wp-json\/wp\/v2\/media?parent=112664"}],"wp:term":[{"taxonomy":"category","embeddable":true,"href":"https:\/\/www.slatina.hr\/portal\/wp-json\/wp\/v2\/categories?post=112664"},{"taxonomy":"post_tag","embeddable":true,"href":"https:\/\/www.slatina.hr\/portal\/wp-json\/wp\/v2\/tags?post=112664"}],"curies":[{"name":"wp","href":"https:\/\/api.w.org\/{rel}","templated":true}]}}