{"id":11265,"date":"2014-07-01T09:35:57","date_gmt":"2014-07-01T08:35:57","guid":{"rendered":"http:\/\/www.slatina.hr\/?p=11265"},"modified":"2014-07-01T09:35:57","modified_gmt":"2014-07-01T08:35:57","slug":"pocela-edukacija-u-sklopu-projekta-slatina-osnazivanje-odraslih-osoba-na-trzistu-rada","status":"publish","type":"post","link":"https:\/\/www.slatina.hr\/portal\/pocela-edukacija-u-sklopu-projekta-slatina-osnazivanje-odraslih-osoba-na-trzistu-rada\/","title":{"rendered":"Po\u010dela edukacija u sklopu projekta \u201eSLATINA &#8211; Osna\u017eivanje odraslih osoba na tr\u017ei\u0161tu rada\u201c"},"content":{"rendered":"<p>U Pu\u010dkom otvorenom u\u010dili\u0161tu Slatina odr\u017ean upis i prvo predavanje za besplatnu edukaciju u sklopu projekta \u201eSLATINA &#8211; Osna\u017eivanje odraslih osoba na tr\u017ei\u0161tu rada\u201c. Za besplatnu edukaciju u trajanju od 160 sati (60 sati teorijske nastave u u\u010dili\u0161tu i 100 sati prakti\u010dne nastave u poduze\u0107u Marinada) Pu\u010dko otvoreno u\u010dili\u0161te Slatina putem oglasa tra\u017eilo je 10 osoba koje \u0107e biti voljne obrazovati se za prehrambene tehnologe. Uvjet za izbor kandidata bila je zavr\u0161ena srednja \u0161kola, a prednost su imali kandidati sa zavr\u0161enom poljoprivrednom ili prehrambeno-tehnolo\u0161kom \u0161kolom, nezaposleni i \u017eene. S obzirom da je za edukaciju bila velika zainteresiranost, a svi su se na razgovoru pokazali kao visoko motivirani, Pu\u010dko otvoreno u\u010dili\u0161te Slatina umjesto 10 educirat \u0107e 20 polaznika. Polaznici \u0107e se u sklopu ove edukacije upoznati s prehrambeno-prera\u0111iva\u010dkom industrijom kroz predavanja o preradi vo\u0107a i povr\u0107a, proizvodnji \u017eestokih pi\u0107a, konditorskim proizvodima, higijeni, za\u0161titi na radu i prve pomo\u0107i kroz e-u\u010denje i interaktivne radionice te prakti\u010dnu nastavu. Ista takva edukacija za 11 osoba odvija i u Po\u017eegi putem Pu\u010dkog otvorenog u\u010dili\u0161ta &#8220;Obris&#8221;. (pou slatina)<\/p>\n<p><!-- default-view.php -->\n<div\n\tclass=\"ngg-galleryoverview default-view\n\t ngg-ajax-pagination-none\t\"\n\tid=\"ngg-gallery-4a3106730a4de961f251d87b3b947c1c-1\"\n\tdata-nextgen-gallery-id=\"572\"\n\tdata-gallery-id=\"572\"\n\t\tdata-gallery-name=\"3-9-2023 sve\u010dana sjednica gv\"\n\t>\n\n\t\t<!-- Thumbnails -->\n\t\t\t\t<div id=\"ngg-image-0\" class=\"ngg-gallery-thumbnail-box\n\t\t\t\t\t\t\t\t\t\t\t\"\n\t\t\t>\n\t\t\t\t\t\t<div class=\"ngg-gallery-thumbnail\">\n\t\t<a href=\"https:\/\/www.slatina.hr\/portal\/wp-content\/gallery\/3-9-2023-svecana-sjednica-gv\/IMG-1725880043a039e851331fe7f2da6acb-V_1024x576.jpg?t=1693703381\"\n\t\t\ttitle=\"\"\n\t\t\tdata-src=\"https:\/\/www.slatina.hr\/portal\/wp-content\/gallery\/3-9-2023-svecana-sjednica-gv\/IMG-1725880043a039e851331fe7f2da6acb-V_1024x576.jpg?t=1693703381\"\n\t\t\tdata-thumbnail=\"https:\/\/www.slatina.hr\/portal\/wp-content\/gallery\/3-9-2023-svecana-sjednica-gv\/thumbs\/thumbs_IMG-1725880043a039e851331fe7f2da6acb-V_1024x576.jpg?t=1693703381\"\n\t\t\tdata-image-id=\"9154\"\n\t\t\tdata-image-name=\"IMG-1725880043a039e851331fe7f2da6acb-V_1024x576.jpg\"\n\t\t\tdata-title=\"IMG-1725880043a039e851331fe7f2da6acb-V_1024x576\"\n\t\t\tdata-description=\"\"\n\t\t\tdata-image-slug=\"img-1725880043a039e851331fe7f2da6acb-v_1024x576\"\n\t\t\t\t\t\t\t\t\t\t\t\t\t\t\t\t\t\t\t\tclass=\"ngg-fancybox\" rel=\"4a3106730a4de961f251d87b3b947c1c\">\n\t\t\t\t\t\t\t\t<img\n\t\t\t\t\ttitle=\"IMG-1725880043a039e851331fe7f2da6acb-V_1024x576\"\n\t\t\t\t\talt=\"IMG-1725880043a039e851331fe7f2da6acb-V_1024x576\"\n\t\t\t\t\tsrc=\"https:\/\/www.slatina.hr\/portal\/wp-content\/gallery\/3-9-2023-svecana-sjednica-gv\/thumbs\/thumbs_IMG-1725880043a039e851331fe7f2da6acb-V_1024x576.jpg?t=1693703381\"\n\t\t\t\t\twidth=\"240\"\n\t\t\t\t\theight=\"160\"\n\t\t\t\t\tstyle=\"max-width:100%;\"\n\t\t\t\t\/>\n\t\t\t<\/a>\n\t\t<\/div>\n\t\t\t\t\t\t\t<\/div>\n\t\t\t\n\t\t\t\t<div id=\"ngg-image-1\" class=\"ngg-gallery-thumbnail-box\n\t\t\t\t\t\t\t\t\t\t\t\"\n\t\t\t>\n\t\t\t\t\t\t<div class=\"ngg-gallery-thumbnail\">\n\t\t<a href=\"https:\/\/www.slatina.hr\/portal\/wp-content\/gallery\/3-9-2023-svecana-sjednica-gv\/IMG-a350fb21258e7442cbfde7f59d7f5fde-V_1024x576.jpg?t=1693703381\"\n\t\t\ttitle=\"\"\n\t\t\tdata-src=\"https:\/\/www.slatina.hr\/portal\/wp-content\/gallery\/3-9-2023-svecana-sjednica-gv\/IMG-a350fb21258e7442cbfde7f59d7f5fde-V_1024x576.jpg?t=1693703381\"\n\t\t\tdata-thumbnail=\"https:\/\/www.slatina.hr\/portal\/wp-content\/gallery\/3-9-2023-svecana-sjednica-gv\/thumbs\/thumbs_IMG-a350fb21258e7442cbfde7f59d7f5fde-V_1024x576.jpg?t=1693703381\"\n\t\t\tdata-image-id=\"9155\"\n\t\t\tdata-image-name=\"IMG-a350fb21258e7442cbfde7f59d7f5fde-V_1024x576.jpg\"\n\t\t\tdata-title=\"IMG-a350fb21258e7442cbfde7f59d7f5fde-V_1024x576\"\n\t\t\tdata-description=\"\"\n\t\t\tdata-image-slug=\"img-a350fb21258e7442cbfde7f59d7f5fde-v_1024x576\"\n\t\t\t\t\t\t\t\t\t\t\t\t\t\t\t\t\t\t\t\tclass=\"ngg-fancybox\" rel=\"4a3106730a4de961f251d87b3b947c1c\">\n\t\t\t\t\t\t\t\t<img\n\t\t\t\t\ttitle=\"IMG-a350fb21258e7442cbfde7f59d7f5fde-V_1024x576\"\n\t\t\t\t\talt=\"IMG-a350fb21258e7442cbfde7f59d7f5fde-V_1024x576\"\n\t\t\t\t\tsrc=\"https:\/\/www.slatina.hr\/portal\/wp-content\/gallery\/3-9-2023-svecana-sjednica-gv\/thumbs\/thumbs_IMG-a350fb21258e7442cbfde7f59d7f5fde-V_1024x576.jpg?t=1693703381\"\n\t\t\t\t\twidth=\"240\"\n\t\t\t\t\theight=\"160\"\n\t\t\t\t\tstyle=\"max-width:100%;\"\n\t\t\t\t\/>\n\t\t\t<\/a>\n\t\t<\/div>\n\t\t\t\t\t\t\t<\/div>\n\t\t\t\n\t\t\t\t<div id=\"ngg-image-2\" class=\"ngg-gallery-thumbnail-box\n\t\t\t\t\t\t\t\t\t\t\t\"\n\t\t\t>\n\t\t\t\t\t\t<div class=\"ngg-gallery-thumbnail\">\n\t\t<a href=\"https:\/\/www.slatina.hr\/portal\/wp-content\/gallery\/3-9-2023-svecana-sjednica-gv\/IMG-aba982120881eb977747d5155c90079d-V_1024x576.jpg?t=1693703381\"\n\t\t\ttitle=\"\"\n\t\t\tdata-src=\"https:\/\/www.slatina.hr\/portal\/wp-content\/gallery\/3-9-2023-svecana-sjednica-gv\/IMG-aba982120881eb977747d5155c90079d-V_1024x576.jpg?t=1693703381\"\n\t\t\tdata-thumbnail=\"https:\/\/www.slatina.hr\/portal\/wp-content\/gallery\/3-9-2023-svecana-sjednica-gv\/thumbs\/thumbs_IMG-aba982120881eb977747d5155c90079d-V_1024x576.jpg?t=1693703381\"\n\t\t\tdata-image-id=\"9156\"\n\t\t\tdata-image-name=\"IMG-aba982120881eb977747d5155c90079d-V_1024x576.jpg\"\n\t\t\tdata-title=\"IMG-aba982120881eb977747d5155c90079d-V_1024x576\"\n\t\t\tdata-description=\"\"\n\t\t\tdata-image-slug=\"img-aba982120881eb977747d5155c90079d-v_1024x576\"\n\t\t\t\t\t\t\t\t\t\t\t\t\t\t\t\t\t\t\t\tclass=\"ngg-fancybox\" rel=\"4a3106730a4de961f251d87b3b947c1c\">\n\t\t\t\t\t\t\t\t<img\n\t\t\t\t\ttitle=\"IMG-aba982120881eb977747d5155c90079d-V_1024x576\"\n\t\t\t\t\talt=\"IMG-aba982120881eb977747d5155c90079d-V_1024x576\"\n\t\t\t\t\tsrc=\"https:\/\/www.slatina.hr\/portal\/wp-content\/gallery\/3-9-2023-svecana-sjednica-gv\/thumbs\/thumbs_IMG-aba982120881eb977747d5155c90079d-V_1024x576.jpg?t=1693703381\"\n\t\t\t\t\twidth=\"240\"\n\t\t\t\t\theight=\"160\"\n\t\t\t\t\tstyle=\"max-width:100%;\"\n\t\t\t\t\/>\n\t\t\t<\/a>\n\t\t<\/div>\n\t\t\t\t\t\t\t<\/div>\n\t\t\t\n\t\t\t\t<div id=\"ngg-image-3\" class=\"ngg-gallery-thumbnail-box\n\t\t\t\t\t\t\t\t\t\t\t\"\n\t\t\t>\n\t\t\t\t\t\t<div class=\"ngg-gallery-thumbnail\">\n\t\t<a href=\"https:\/\/www.slatina.hr\/portal\/wp-content\/gallery\/3-9-2023-svecana-sjednica-gv\/IMG-45b64c4b408094eb1ccadd28ec855051-V_1024x576.jpg?t=1693703382\"\n\t\t\ttitle=\"\"\n\t\t\tdata-src=\"https:\/\/www.slatina.hr\/portal\/wp-content\/gallery\/3-9-2023-svecana-sjednica-gv\/IMG-45b64c4b408094eb1ccadd28ec855051-V_1024x576.jpg?t=1693703382\"\n\t\t\tdata-thumbnail=\"https:\/\/www.slatina.hr\/portal\/wp-content\/gallery\/3-9-2023-svecana-sjednica-gv\/thumbs\/thumbs_IMG-45b64c4b408094eb1ccadd28ec855051-V_1024x576.jpg?t=1693703382\"\n\t\t\tdata-image-id=\"9157\"\n\t\t\tdata-image-name=\"IMG-45b64c4b408094eb1ccadd28ec855051-V_1024x576.jpg\"\n\t\t\tdata-title=\"IMG-45b64c4b408094eb1ccadd28ec855051-V_1024x576\"\n\t\t\tdata-description=\"\"\n\t\t\tdata-image-slug=\"img-45b64c4b408094eb1ccadd28ec855051-v_1024x576\"\n\t\t\t\t\t\t\t\t\t\t\t\t\t\t\t\t\t\t\t\tclass=\"ngg-fancybox\" rel=\"4a3106730a4de961f251d87b3b947c1c\">\n\t\t\t\t\t\t\t\t<img\n\t\t\t\t\ttitle=\"IMG-45b64c4b408094eb1ccadd28ec855051-V_1024x576\"\n\t\t\t\t\talt=\"IMG-45b64c4b408094eb1ccadd28ec855051-V_1024x576\"\n\t\t\t\t\tsrc=\"https:\/\/www.slatina.hr\/portal\/wp-content\/gallery\/3-9-2023-svecana-sjednica-gv\/thumbs\/thumbs_IMG-45b64c4b408094eb1ccadd28ec855051-V_1024x576.jpg?t=1693703382\"\n\t\t\t\t\twidth=\"240\"\n\t\t\t\t\theight=\"160\"\n\t\t\t\t\tstyle=\"max-width:100%;\"\n\t\t\t\t\/>\n\t\t\t<\/a>\n\t\t<\/div>\n\t\t\t\t\t\t\t<\/div>\n\t\t\t\n\t\t\t\t<div id=\"ngg-image-4\" class=\"ngg-gallery-thumbnail-box\n\t\t\t\t\t\t\t\t\t\t\t\"\n\t\t\t>\n\t\t\t\t\t\t<div class=\"ngg-gallery-thumbnail\">\n\t\t<a href=\"https:\/\/www.slatina.hr\/portal\/wp-content\/gallery\/3-9-2023-svecana-sjednica-gv\/IMG-7c7b80e9abc25e9b8915f6588cec8209-V_1024x576.jpg?t=1693703382\"\n\t\t\ttitle=\"\"\n\t\t\tdata-src=\"https:\/\/www.slatina.hr\/portal\/wp-content\/gallery\/3-9-2023-svecana-sjednica-gv\/IMG-7c7b80e9abc25e9b8915f6588cec8209-V_1024x576.jpg?t=1693703382\"\n\t\t\tdata-thumbnail=\"https:\/\/www.slatina.hr\/portal\/wp-content\/gallery\/3-9-2023-svecana-sjednica-gv\/thumbs\/thumbs_IMG-7c7b80e9abc25e9b8915f6588cec8209-V_1024x576.jpg?t=1693703382\"\n\t\t\tdata-image-id=\"9158\"\n\t\t\tdata-image-name=\"IMG-7c7b80e9abc25e9b8915f6588cec8209-V_1024x576.jpg\"\n\t\t\tdata-title=\"IMG-7c7b80e9abc25e9b8915f6588cec8209-V_1024x576\"\n\t\t\tdata-description=\"\"\n\t\t\tdata-image-slug=\"img-7c7b80e9abc25e9b8915f6588cec8209-v_1024x576\"\n\t\t\t\t\t\t\t\t\t\t\t\t\t\t\t\t\t\t\t\tclass=\"ngg-fancybox\" rel=\"4a3106730a4de961f251d87b3b947c1c\">\n\t\t\t\t\t\t\t\t<img\n\t\t\t\t\ttitle=\"IMG-7c7b80e9abc25e9b8915f6588cec8209-V_1024x576\"\n\t\t\t\t\talt=\"IMG-7c7b80e9abc25e9b8915f6588cec8209-V_1024x576\"\n\t\t\t\t\tsrc=\"https:\/\/www.slatina.hr\/portal\/wp-content\/gallery\/3-9-2023-svecana-sjednica-gv\/thumbs\/thumbs_IMG-7c7b80e9abc25e9b8915f6588cec8209-V_1024x576.jpg?t=1693703382\"\n\t\t\t\t\twidth=\"240\"\n\t\t\t\t\theight=\"160\"\n\t\t\t\t\tstyle=\"max-width:100%;\"\n\t\t\t\t\/>\n\t\t\t<\/a>\n\t\t<\/div>\n\t\t\t\t\t\t\t<\/div>\n\t\t\t\n\t\t\t\t<div id=\"ngg-image-5\" class=\"ngg-gallery-thumbnail-box\n\t\t\t\t\t\t\t\t\t\t\t\"\n\t\t\t>\n\t\t\t\t\t\t<div class=\"ngg-gallery-thumbnail\">\n\t\t<a href=\"https:\/\/www.slatina.hr\/portal\/wp-content\/gallery\/3-9-2023-svecana-sjednica-gv\/IMG-b6cf84d976ac0f553e19e605daac3eaa-V_1024x576.jpg?t=1693703382\"\n\t\t\ttitle=\"\"\n\t\t\tdata-src=\"https:\/\/www.slatina.hr\/portal\/wp-content\/gallery\/3-9-2023-svecana-sjednica-gv\/IMG-b6cf84d976ac0f553e19e605daac3eaa-V_1024x576.jpg?t=1693703382\"\n\t\t\tdata-thumbnail=\"https:\/\/www.slatina.hr\/portal\/wp-content\/gallery\/3-9-2023-svecana-sjednica-gv\/thumbs\/thumbs_IMG-b6cf84d976ac0f553e19e605daac3eaa-V_1024x576.jpg?t=1693703382\"\n\t\t\tdata-image-id=\"9159\"\n\t\t\tdata-image-name=\"IMG-b6cf84d976ac0f553e19e605daac3eaa-V_1024x576.jpg\"\n\t\t\tdata-title=\"IMG-b6cf84d976ac0f553e19e605daac3eaa-V_1024x576\"\n\t\t\tdata-description=\"\"\n\t\t\tdata-image-slug=\"img-b6cf84d976ac0f553e19e605daac3eaa-v_1024x576\"\n\t\t\t\t\t\t\t\t\t\t\t\t\t\t\t\t\t\t\t\tclass=\"ngg-fancybox\" rel=\"4a3106730a4de961f251d87b3b947c1c\">\n\t\t\t\t\t\t\t\t<img\n\t\t\t\t\ttitle=\"IMG-b6cf84d976ac0f553e19e605daac3eaa-V_1024x576\"\n\t\t\t\t\talt=\"IMG-b6cf84d976ac0f553e19e605daac3eaa-V_1024x576\"\n\t\t\t\t\tsrc=\"https:\/\/www.slatina.hr\/portal\/wp-content\/gallery\/3-9-2023-svecana-sjednica-gv\/thumbs\/thumbs_IMG-b6cf84d976ac0f553e19e605daac3eaa-V_1024x576.jpg?t=1693703382\"\n\t\t\t\t\twidth=\"240\"\n\t\t\t\t\theight=\"160\"\n\t\t\t\t\tstyle=\"max-width:100%;\"\n\t\t\t\t\/>\n\t\t\t<\/a>\n\t\t<\/div>\n\t\t\t\t\t\t\t<\/div>\n\t\t\t\n\t\t\t\t<div id=\"ngg-image-6\" class=\"ngg-gallery-thumbnail-box\n\t\t\t\t\t\t\t\t\t\t\t\"\n\t\t\t>\n\t\t\t\t\t\t<div class=\"ngg-gallery-thumbnail\">\n\t\t<a href=\"https:\/\/www.slatina.hr\/portal\/wp-content\/gallery\/3-9-2023-svecana-sjednica-gv\/IMG-b8d79f293ac83b76c41d0159deb94730-V_1024x576.jpg?t=1693703383\"\n\t\t\ttitle=\"\"\n\t\t\tdata-src=\"https:\/\/www.slatina.hr\/portal\/wp-content\/gallery\/3-9-2023-svecana-sjednica-gv\/IMG-b8d79f293ac83b76c41d0159deb94730-V_1024x576.jpg?t=1693703383\"\n\t\t\tdata-thumbnail=\"https:\/\/www.slatina.hr\/portal\/wp-content\/gallery\/3-9-2023-svecana-sjednica-gv\/thumbs\/thumbs_IMG-b8d79f293ac83b76c41d0159deb94730-V_1024x576.jpg?t=1693703383\"\n\t\t\tdata-image-id=\"9160\"\n\t\t\tdata-image-name=\"IMG-b8d79f293ac83b76c41d0159deb94730-V_1024x576.jpg\"\n\t\t\tdata-title=\"IMG-b8d79f293ac83b76c41d0159deb94730-V_1024x576\"\n\t\t\tdata-description=\"\"\n\t\t\tdata-image-slug=\"img-b8d79f293ac83b76c41d0159deb94730-v_1024x576\"\n\t\t\t\t\t\t\t\t\t\t\t\t\t\t\t\t\t\t\t\tclass=\"ngg-fancybox\" rel=\"4a3106730a4de961f251d87b3b947c1c\">\n\t\t\t\t\t\t\t\t<img\n\t\t\t\t\ttitle=\"IMG-b8d79f293ac83b76c41d0159deb94730-V_1024x576\"\n\t\t\t\t\talt=\"IMG-b8d79f293ac83b76c41d0159deb94730-V_1024x576\"\n\t\t\t\t\tsrc=\"https:\/\/www.slatina.hr\/portal\/wp-content\/gallery\/3-9-2023-svecana-sjednica-gv\/thumbs\/thumbs_IMG-b8d79f293ac83b76c41d0159deb94730-V_1024x576.jpg?t=1693703383\"\n\t\t\t\t\twidth=\"240\"\n\t\t\t\t\theight=\"160\"\n\t\t\t\t\tstyle=\"max-width:100%;\"\n\t\t\t\t\/>\n\t\t\t<\/a>\n\t\t<\/div>\n\t\t\t\t\t\t\t<\/div>\n\t\t\t\n\t\t\t\t<div id=\"ngg-image-7\" class=\"ngg-gallery-thumbnail-box\n\t\t\t\t\t\t\t\t\t\t\t\"\n\t\t\t>\n\t\t\t\t\t\t<div class=\"ngg-gallery-thumbnail\">\n\t\t<a href=\"https:\/\/www.slatina.hr\/portal\/wp-content\/gallery\/3-9-2023-svecana-sjednica-gv\/IMG-bbaafca82412547e7122768c4cfa45ec-V_1024x576.jpg?t=1693703383\"\n\t\t\ttitle=\"\"\n\t\t\tdata-src=\"https:\/\/www.slatina.hr\/portal\/wp-content\/gallery\/3-9-2023-svecana-sjednica-gv\/IMG-bbaafca82412547e7122768c4cfa45ec-V_1024x576.jpg?t=1693703383\"\n\t\t\tdata-thumbnail=\"https:\/\/www.slatina.hr\/portal\/wp-content\/gallery\/3-9-2023-svecana-sjednica-gv\/thumbs\/thumbs_IMG-bbaafca82412547e7122768c4cfa45ec-V_1024x576.jpg?t=1693703383\"\n\t\t\tdata-image-id=\"9161\"\n\t\t\tdata-image-name=\"IMG-bbaafca82412547e7122768c4cfa45ec-V_1024x576.jpg\"\n\t\t\tdata-title=\"IMG-bbaafca82412547e7122768c4cfa45ec-V_1024x576\"\n\t\t\tdata-description=\"\"\n\t\t\tdata-image-slug=\"img-bbaafca82412547e7122768c4cfa45ec-v_1024x576\"\n\t\t\t\t\t\t\t\t\t\t\t\t\t\t\t\t\t\t\t\tclass=\"ngg-fancybox\" rel=\"4a3106730a4de961f251d87b3b947c1c\">\n\t\t\t\t\t\t\t\t<img\n\t\t\t\t\ttitle=\"IMG-bbaafca82412547e7122768c4cfa45ec-V_1024x576\"\n\t\t\t\t\talt=\"IMG-bbaafca82412547e7122768c4cfa45ec-V_1024x576\"\n\t\t\t\t\tsrc=\"https:\/\/www.slatina.hr\/portal\/wp-content\/gallery\/3-9-2023-svecana-sjednica-gv\/thumbs\/thumbs_IMG-bbaafca82412547e7122768c4cfa45ec-V_1024x576.jpg?t=1693703383\"\n\t\t\t\t\twidth=\"240\"\n\t\t\t\t\theight=\"160\"\n\t\t\t\t\tstyle=\"max-width:100%;\"\n\t\t\t\t\/>\n\t\t\t<\/a>\n\t\t<\/div>\n\t\t\t\t\t\t\t<\/div>\n\t\t\t\n\t\t\t\t<div id=\"ngg-image-8\" class=\"ngg-gallery-thumbnail-box\n\t\t\t\t\t\t\t\t\t\t\t\"\n\t\t\t>\n\t\t\t\t\t\t<div class=\"ngg-gallery-thumbnail\">\n\t\t<a href=\"https:\/\/www.slatina.hr\/portal\/wp-content\/gallery\/3-9-2023-svecana-sjednica-gv\/IMG_9675.JPG?t=1693703384\"\n\t\t\ttitle=\"\"\n\t\t\tdata-src=\"https:\/\/www.slatina.hr\/portal\/wp-content\/gallery\/3-9-2023-svecana-sjednica-gv\/IMG_9675.JPG?t=1693703384\"\n\t\t\tdata-thumbnail=\"https:\/\/www.slatina.hr\/portal\/wp-content\/gallery\/3-9-2023-svecana-sjednica-gv\/thumbs\/thumbs_IMG_9675.JPG?t=1693703384\"\n\t\t\tdata-image-id=\"9162\"\n\t\t\tdata-image-name=\"IMG_9675.JPG\"\n\t\t\tdata-title=\"IMG_9675\"\n\t\t\tdata-description=\"\"\n\t\t\tdata-image-slug=\"img_9675\"\n\t\t\t\t\t\t\t\t\t\t\t\t\t\t\t\t\t\t\t\tclass=\"ngg-fancybox\" rel=\"4a3106730a4de961f251d87b3b947c1c\">\n\t\t\t\t\t\t\t\t<img\n\t\t\t\t\ttitle=\"IMG_9675\"\n\t\t\t\t\talt=\"IMG_9675\"\n\t\t\t\t\tsrc=\"https:\/\/www.slatina.hr\/portal\/wp-content\/gallery\/3-9-2023-svecana-sjednica-gv\/thumbs\/thumbs_IMG_9675.JPG?t=1693703384\"\n\t\t\t\t\twidth=\"240\"\n\t\t\t\t\theight=\"160\"\n\t\t\t\t\tstyle=\"max-width:100%;\"\n\t\t\t\t\/>\n\t\t\t<\/a>\n\t\t<\/div>\n\t\t\t\t\t\t\t<\/div>\n\t\t\t\n\t\t\t\t<div id=\"ngg-image-9\" class=\"ngg-gallery-thumbnail-box\n\t\t\t\t\t\t\t\t\t\t\t\"\n\t\t\t>\n\t\t\t\t\t\t<div class=\"ngg-gallery-thumbnail\">\n\t\t<a href=\"https:\/\/www.slatina.hr\/portal\/wp-content\/gallery\/3-9-2023-svecana-sjednica-gv\/IMG_9677.JPG?t=1693703384\"\n\t\t\ttitle=\"\"\n\t\t\tdata-src=\"https:\/\/www.slatina.hr\/portal\/wp-content\/gallery\/3-9-2023-svecana-sjednica-gv\/IMG_9677.JPG?t=1693703384\"\n\t\t\tdata-thumbnail=\"https:\/\/www.slatina.hr\/portal\/wp-content\/gallery\/3-9-2023-svecana-sjednica-gv\/thumbs\/thumbs_IMG_9677.JPG?t=1693703384\"\n\t\t\tdata-image-id=\"9163\"\n\t\t\tdata-image-name=\"IMG_9677.JPG\"\n\t\t\tdata-title=\"IMG_9677\"\n\t\t\tdata-description=\"\"\n\t\t\tdata-image-slug=\"img_9677\"\n\t\t\t\t\t\t\t\t\t\t\t\t\t\t\t\t\t\t\t\tclass=\"ngg-fancybox\" rel=\"4a3106730a4de961f251d87b3b947c1c\">\n\t\t\t\t\t\t\t\t<img\n\t\t\t\t\ttitle=\"IMG_9677\"\n\t\t\t\t\talt=\"IMG_9677\"\n\t\t\t\t\tsrc=\"https:\/\/www.slatina.hr\/portal\/wp-content\/gallery\/3-9-2023-svecana-sjednica-gv\/thumbs\/thumbs_IMG_9677.JPG?t=1693703384\"\n\t\t\t\t\twidth=\"240\"\n\t\t\t\t\theight=\"160\"\n\t\t\t\t\tstyle=\"max-width:100%;\"\n\t\t\t\t\/>\n\t\t\t<\/a>\n\t\t<\/div>\n\t\t\t\t\t\t\t<\/div>\n\t\t\t\n\t\t\t\t<div id=\"ngg-image-10\" class=\"ngg-gallery-thumbnail-box\n\t\t\t\t\t\t\t\t\t\t\t\"\n\t\t\t>\n\t\t\t\t\t\t<div class=\"ngg-gallery-thumbnail\">\n\t\t<a href=\"https:\/\/www.slatina.hr\/portal\/wp-content\/gallery\/3-9-2023-svecana-sjednica-gv\/IMG_9683.JPG?t=1693703384\"\n\t\t\ttitle=\"\"\n\t\t\tdata-src=\"https:\/\/www.slatina.hr\/portal\/wp-content\/gallery\/3-9-2023-svecana-sjednica-gv\/IMG_9683.JPG?t=1693703384\"\n\t\t\tdata-thumbnail=\"https:\/\/www.slatina.hr\/portal\/wp-content\/gallery\/3-9-2023-svecana-sjednica-gv\/thumbs\/thumbs_IMG_9683.JPG?t=1693703384\"\n\t\t\tdata-image-id=\"9164\"\n\t\t\tdata-image-name=\"IMG_9683.JPG\"\n\t\t\tdata-title=\"IMG_9683\"\n\t\t\tdata-description=\"\"\n\t\t\tdata-image-slug=\"img_9683\"\n\t\t\t\t\t\t\t\t\t\t\t\t\t\t\t\t\t\t\t\tclass=\"ngg-fancybox\" rel=\"4a3106730a4de961f251d87b3b947c1c\">\n\t\t\t\t\t\t\t\t<img\n\t\t\t\t\ttitle=\"IMG_9683\"\n\t\t\t\t\talt=\"IMG_9683\"\n\t\t\t\t\tsrc=\"https:\/\/www.slatina.hr\/portal\/wp-content\/gallery\/3-9-2023-svecana-sjednica-gv\/thumbs\/thumbs_IMG_9683.JPG?t=1693703384\"\n\t\t\t\t\twidth=\"240\"\n\t\t\t\t\theight=\"160\"\n\t\t\t\t\tstyle=\"max-width:100%;\"\n\t\t\t\t\/>\n\t\t\t<\/a>\n\t\t<\/div>\n\t\t\t\t\t\t\t<\/div>\n\t\t\t\n\t\t\t\t<div id=\"ngg-image-11\" class=\"ngg-gallery-thumbnail-box\n\t\t\t\t\t\t\t\t\t\t\t\"\n\t\t\t>\n\t\t\t\t\t\t<div class=\"ngg-gallery-thumbnail\">\n\t\t<a href=\"https:\/\/www.slatina.hr\/portal\/wp-content\/gallery\/3-9-2023-svecana-sjednica-gv\/IMG_9690.JPG?t=1693703384\"\n\t\t\ttitle=\"\"\n\t\t\tdata-src=\"https:\/\/www.slatina.hr\/portal\/wp-content\/gallery\/3-9-2023-svecana-sjednica-gv\/IMG_9690.JPG?t=1693703384\"\n\t\t\tdata-thumbnail=\"https:\/\/www.slatina.hr\/portal\/wp-content\/gallery\/3-9-2023-svecana-sjednica-gv\/thumbs\/thumbs_IMG_9690.JPG?t=1693703384\"\n\t\t\tdata-image-id=\"9165\"\n\t\t\tdata-image-name=\"IMG_9690.JPG\"\n\t\t\tdata-title=\"IMG_9690\"\n\t\t\tdata-description=\"\"\n\t\t\tdata-image-slug=\"img_9690\"\n\t\t\t\t\t\t\t\t\t\t\t\t\t\t\t\t\t\t\t\tclass=\"ngg-fancybox\" rel=\"4a3106730a4de961f251d87b3b947c1c\">\n\t\t\t\t\t\t\t\t<img\n\t\t\t\t\ttitle=\"IMG_9690\"\n\t\t\t\t\talt=\"IMG_9690\"\n\t\t\t\t\tsrc=\"https:\/\/www.slatina.hr\/portal\/wp-content\/gallery\/3-9-2023-svecana-sjednica-gv\/thumbs\/thumbs_IMG_9690.JPG?t=1693703384\"\n\t\t\t\t\twidth=\"240\"\n\t\t\t\t\theight=\"160\"\n\t\t\t\t\tstyle=\"max-width:100%;\"\n\t\t\t\t\/>\n\t\t\t<\/a>\n\t\t<\/div>\n\t\t\t\t\t\t\t<\/div>\n\t\t\t\n\t\t\t\t<div id=\"ngg-image-12\" class=\"ngg-gallery-thumbnail-box\n\t\t\t\t\t\t\t\t\t\t\t\"\n\t\t\t>\n\t\t\t\t\t\t<div class=\"ngg-gallery-thumbnail\">\n\t\t<a href=\"https:\/\/www.slatina.hr\/portal\/wp-content\/gallery\/3-9-2023-svecana-sjednica-gv\/IMG_9693.JPG?t=1693703386\"\n\t\t\ttitle=\"\"\n\t\t\tdata-src=\"https:\/\/www.slatina.hr\/portal\/wp-content\/gallery\/3-9-2023-svecana-sjednica-gv\/IMG_9693.JPG?t=1693703386\"\n\t\t\tdata-thumbnail=\"https:\/\/www.slatina.hr\/portal\/wp-content\/gallery\/3-9-2023-svecana-sjednica-gv\/thumbs\/thumbs_IMG_9693.JPG?t=1693703386\"\n\t\t\tdata-image-id=\"9166\"\n\t\t\tdata-image-name=\"IMG_9693.JPG\"\n\t\t\tdata-title=\"IMG_9693\"\n\t\t\tdata-description=\"\"\n\t\t\tdata-image-slug=\"img_9693\"\n\t\t\t\t\t\t\t\t\t\t\t\t\t\t\t\t\t\t\t\tclass=\"ngg-fancybox\" rel=\"4a3106730a4de961f251d87b3b947c1c\">\n\t\t\t\t\t\t\t\t<img\n\t\t\t\t\ttitle=\"IMG_9693\"\n\t\t\t\t\talt=\"IMG_9693\"\n\t\t\t\t\tsrc=\"https:\/\/www.slatina.hr\/portal\/wp-content\/gallery\/3-9-2023-svecana-sjednica-gv\/thumbs\/thumbs_IMG_9693.JPG?t=1693703386\"\n\t\t\t\t\twidth=\"240\"\n\t\t\t\t\theight=\"160\"\n\t\t\t\t\tstyle=\"max-width:100%;\"\n\t\t\t\t\/>\n\t\t\t<\/a>\n\t\t<\/div>\n\t\t\t\t\t\t\t<\/div>\n\t\t\t\n\t\t\t\t<div id=\"ngg-image-13\" class=\"ngg-gallery-thumbnail-box\n\t\t\t\t\t\t\t\t\t\t\t\"\n\t\t\t>\n\t\t\t\t\t\t<div class=\"ngg-gallery-thumbnail\">\n\t\t<a href=\"https:\/\/www.slatina.hr\/portal\/wp-content\/gallery\/3-9-2023-svecana-sjednica-gv\/IMG_9700.JPG?t=1693703386\"\n\t\t\ttitle=\"\"\n\t\t\tdata-src=\"https:\/\/www.slatina.hr\/portal\/wp-content\/gallery\/3-9-2023-svecana-sjednica-gv\/IMG_9700.JPG?t=1693703386\"\n\t\t\tdata-thumbnail=\"https:\/\/www.slatina.hr\/portal\/wp-content\/gallery\/3-9-2023-svecana-sjednica-gv\/thumbs\/thumbs_IMG_9700.JPG?t=1693703386\"\n\t\t\tdata-image-id=\"9167\"\n\t\t\tdata-image-name=\"IMG_9700.JPG\"\n\t\t\tdata-title=\"IMG_9700\"\n\t\t\tdata-description=\"\"\n\t\t\tdata-image-slug=\"img_9700\"\n\t\t\t\t\t\t\t\t\t\t\t\t\t\t\t\t\t\t\t\tclass=\"ngg-fancybox\" rel=\"4a3106730a4de961f251d87b3b947c1c\">\n\t\t\t\t\t\t\t\t<img\n\t\t\t\t\ttitle=\"IMG_9700\"\n\t\t\t\t\talt=\"IMG_9700\"\n\t\t\t\t\tsrc=\"https:\/\/www.slatina.hr\/portal\/wp-content\/gallery\/3-9-2023-svecana-sjednica-gv\/thumbs\/thumbs_IMG_9700.JPG?t=1693703386\"\n\t\t\t\t\twidth=\"240\"\n\t\t\t\t\theight=\"160\"\n\t\t\t\t\tstyle=\"max-width:100%;\"\n\t\t\t\t\/>\n\t\t\t<\/a>\n\t\t<\/div>\n\t\t\t\t\t\t\t<\/div>\n\t\t\t\n\t\t\t\t<div id=\"ngg-image-14\" class=\"ngg-gallery-thumbnail-box\n\t\t\t\t\t\t\t\t\t\t\t\"\n\t\t\t>\n\t\t\t\t\t\t<div class=\"ngg-gallery-thumbnail\">\n\t\t<a href=\"https:\/\/www.slatina.hr\/portal\/wp-content\/gallery\/3-9-2023-svecana-sjednica-gv\/IMG_9704.JPG?t=1693703386\"\n\t\t\ttitle=\"\"\n\t\t\tdata-src=\"https:\/\/www.slatina.hr\/portal\/wp-content\/gallery\/3-9-2023-svecana-sjednica-gv\/IMG_9704.JPG?t=1693703386\"\n\t\t\tdata-thumbnail=\"https:\/\/www.slatina.hr\/portal\/wp-content\/gallery\/3-9-2023-svecana-sjednica-gv\/thumbs\/thumbs_IMG_9704.JPG?t=1693703386\"\n\t\t\tdata-image-id=\"9168\"\n\t\t\tdata-image-name=\"IMG_9704.JPG\"\n\t\t\tdata-title=\"IMG_9704\"\n\t\t\tdata-description=\"\"\n\t\t\tdata-image-slug=\"img_9704\"\n\t\t\t\t\t\t\t\t\t\t\t\t\t\t\t\t\t\t\t\tclass=\"ngg-fancybox\" rel=\"4a3106730a4de961f251d87b3b947c1c\">\n\t\t\t\t\t\t\t\t<img\n\t\t\t\t\ttitle=\"IMG_9704\"\n\t\t\t\t\talt=\"IMG_9704\"\n\t\t\t\t\tsrc=\"https:\/\/www.slatina.hr\/portal\/wp-content\/gallery\/3-9-2023-svecana-sjednica-gv\/thumbs\/thumbs_IMG_9704.JPG?t=1693703386\"\n\t\t\t\t\twidth=\"240\"\n\t\t\t\t\theight=\"160\"\n\t\t\t\t\tstyle=\"max-width:100%;\"\n\t\t\t\t\/>\n\t\t\t<\/a>\n\t\t<\/div>\n\t\t\t\t\t\t\t<\/div>\n\t\t\t\n\t\t\t\t<div id=\"ngg-image-15\" class=\"ngg-gallery-thumbnail-box\n\t\t\t\t\t\t\t\t\t\t\t\"\n\t\t\t>\n\t\t\t\t\t\t<div class=\"ngg-gallery-thumbnail\">\n\t\t<a href=\"https:\/\/www.slatina.hr\/portal\/wp-content\/gallery\/3-9-2023-svecana-sjednica-gv\/IMG_9707.JPG?t=1693703386\"\n\t\t\ttitle=\"\"\n\t\t\tdata-src=\"https:\/\/www.slatina.hr\/portal\/wp-content\/gallery\/3-9-2023-svecana-sjednica-gv\/IMG_9707.JPG?t=1693703386\"\n\t\t\tdata-thumbnail=\"https:\/\/www.slatina.hr\/portal\/wp-content\/gallery\/3-9-2023-svecana-sjednica-gv\/thumbs\/thumbs_IMG_9707.JPG?t=1693703386\"\n\t\t\tdata-image-id=\"9169\"\n\t\t\tdata-image-name=\"IMG_9707.JPG\"\n\t\t\tdata-title=\"IMG_9707\"\n\t\t\tdata-description=\"\"\n\t\t\tdata-image-slug=\"img_9707\"\n\t\t\t\t\t\t\t\t\t\t\t\t\t\t\t\t\t\t\t\tclass=\"ngg-fancybox\" rel=\"4a3106730a4de961f251d87b3b947c1c\">\n\t\t\t\t\t\t\t\t<img\n\t\t\t\t\ttitle=\"IMG_9707\"\n\t\t\t\t\talt=\"IMG_9707\"\n\t\t\t\t\tsrc=\"https:\/\/www.slatina.hr\/portal\/wp-content\/gallery\/3-9-2023-svecana-sjednica-gv\/thumbs\/thumbs_IMG_9707.JPG?t=1693703386\"\n\t\t\t\t\twidth=\"240\"\n\t\t\t\t\theight=\"160\"\n\t\t\t\t\tstyle=\"max-width:100%;\"\n\t\t\t\t\/>\n\t\t\t<\/a>\n\t\t<\/div>\n\t\t\t\t\t\t\t<\/div>\n\t\t\t\n\t\t\t\t<div id=\"ngg-image-16\" class=\"ngg-gallery-thumbnail-box\n\t\t\t\t\t\t\t\t\t\t\t\"\n\t\t\t>\n\t\t\t\t\t\t<div class=\"ngg-gallery-thumbnail\">\n\t\t<a href=\"https:\/\/www.slatina.hr\/portal\/wp-content\/gallery\/3-9-2023-svecana-sjednica-gv\/IMG_9718.JPG?t=1693703387\"\n\t\t\ttitle=\"\"\n\t\t\tdata-src=\"https:\/\/www.slatina.hr\/portal\/wp-content\/gallery\/3-9-2023-svecana-sjednica-gv\/IMG_9718.JPG?t=1693703387\"\n\t\t\tdata-thumbnail=\"https:\/\/www.slatina.hr\/portal\/wp-content\/gallery\/3-9-2023-svecana-sjednica-gv\/thumbs\/thumbs_IMG_9718.JPG?t=1693703387\"\n\t\t\tdata-image-id=\"9170\"\n\t\t\tdata-image-name=\"IMG_9718.JPG\"\n\t\t\tdata-title=\"IMG_9718\"\n\t\t\tdata-description=\"\"\n\t\t\tdata-image-slug=\"img_9718\"\n\t\t\t\t\t\t\t\t\t\t\t\t\t\t\t\t\t\t\t\tclass=\"ngg-fancybox\" rel=\"4a3106730a4de961f251d87b3b947c1c\">\n\t\t\t\t\t\t\t\t<img\n\t\t\t\t\ttitle=\"IMG_9718\"\n\t\t\t\t\talt=\"IMG_9718\"\n\t\t\t\t\tsrc=\"https:\/\/www.slatina.hr\/portal\/wp-content\/gallery\/3-9-2023-svecana-sjednica-gv\/thumbs\/thumbs_IMG_9718.JPG?t=1693703387\"\n\t\t\t\t\twidth=\"240\"\n\t\t\t\t\theight=\"160\"\n\t\t\t\t\tstyle=\"max-width:100%;\"\n\t\t\t\t\/>\n\t\t\t<\/a>\n\t\t<\/div>\n\t\t\t\t\t\t\t<\/div>\n\t\t\t\n\t\t\t\t<div id=\"ngg-image-17\" class=\"ngg-gallery-thumbnail-box\n\t\t\t\t\t\t\t\t\t\t\t\"\n\t\t\t>\n\t\t\t\t\t\t<div class=\"ngg-gallery-thumbnail\">\n\t\t<a href=\"https:\/\/www.slatina.hr\/portal\/wp-content\/gallery\/3-9-2023-svecana-sjednica-gv\/IMG_9711.JPG?t=1693703387\"\n\t\t\ttitle=\"\"\n\t\t\tdata-src=\"https:\/\/www.slatina.hr\/portal\/wp-content\/gallery\/3-9-2023-svecana-sjednica-gv\/IMG_9711.JPG?t=1693703387\"\n\t\t\tdata-thumbnail=\"https:\/\/www.slatina.hr\/portal\/wp-content\/gallery\/3-9-2023-svecana-sjednica-gv\/thumbs\/thumbs_IMG_9711.JPG?t=1693703387\"\n\t\t\tdata-image-id=\"9171\"\n\t\t\tdata-image-name=\"IMG_9711.JPG\"\n\t\t\tdata-title=\"IMG_9711\"\n\t\t\tdata-description=\"\"\n\t\t\tdata-image-slug=\"img_9711\"\n\t\t\t\t\t\t\t\t\t\t\t\t\t\t\t\t\t\t\t\tclass=\"ngg-fancybox\" rel=\"4a3106730a4de961f251d87b3b947c1c\">\n\t\t\t\t\t\t\t\t<img\n\t\t\t\t\ttitle=\"IMG_9711\"\n\t\t\t\t\talt=\"IMG_9711\"\n\t\t\t\t\tsrc=\"https:\/\/www.slatina.hr\/portal\/wp-content\/gallery\/3-9-2023-svecana-sjednica-gv\/thumbs\/thumbs_IMG_9711.JPG?t=1693703387\"\n\t\t\t\t\twidth=\"240\"\n\t\t\t\t\theight=\"160\"\n\t\t\t\t\tstyle=\"max-width:100%;\"\n\t\t\t\t\/>\n\t\t\t<\/a>\n\t\t<\/div>\n\t\t\t\t\t\t\t<\/div>\n\t\t\t\n\t\t\t\t<div id=\"ngg-image-18\" class=\"ngg-gallery-thumbnail-box\n\t\t\t\t\t\t\t\t\t\t\t\"\n\t\t\t>\n\t\t\t\t\t\t<div class=\"ngg-gallery-thumbnail\">\n\t\t<a href=\"https:\/\/www.slatina.hr\/portal\/wp-content\/gallery\/3-9-2023-svecana-sjednica-gv\/IMG_9722.JPG?t=1693703387\"\n\t\t\ttitle=\"\"\n\t\t\tdata-src=\"https:\/\/www.slatina.hr\/portal\/wp-content\/gallery\/3-9-2023-svecana-sjednica-gv\/IMG_9722.JPG?t=1693703387\"\n\t\t\tdata-thumbnail=\"https:\/\/www.slatina.hr\/portal\/wp-content\/gallery\/3-9-2023-svecana-sjednica-gv\/thumbs\/thumbs_IMG_9722.JPG?t=1693703387\"\n\t\t\tdata-image-id=\"9172\"\n\t\t\tdata-image-name=\"IMG_9722.JPG\"\n\t\t\tdata-title=\"IMG_9722\"\n\t\t\tdata-description=\"\"\n\t\t\tdata-image-slug=\"img_9722\"\n\t\t\t\t\t\t\t\t\t\t\t\t\t\t\t\t\t\t\t\tclass=\"ngg-fancybox\" rel=\"4a3106730a4de961f251d87b3b947c1c\">\n\t\t\t\t\t\t\t\t<img\n\t\t\t\t\ttitle=\"IMG_9722\"\n\t\t\t\t\talt=\"IMG_9722\"\n\t\t\t\t\tsrc=\"https:\/\/www.slatina.hr\/portal\/wp-content\/gallery\/3-9-2023-svecana-sjednica-gv\/thumbs\/thumbs_IMG_9722.JPG?t=1693703387\"\n\t\t\t\t\twidth=\"240\"\n\t\t\t\t\theight=\"160\"\n\t\t\t\t\tstyle=\"max-width:100%;\"\n\t\t\t\t\/>\n\t\t\t<\/a>\n\t\t<\/div>\n\t\t\t\t\t\t\t<\/div>\n\t\t\t\n\t\t\t\t<div id=\"ngg-image-19\" class=\"ngg-gallery-thumbnail-box\n\t\t\t\t\t\t\t\t\t\t\t\"\n\t\t\t>\n\t\t\t\t\t\t<div class=\"ngg-gallery-thumbnail\">\n\t\t<a href=\"https:\/\/www.slatina.hr\/portal\/wp-content\/gallery\/3-9-2023-svecana-sjednica-gv\/IMG_9726.JPG?t=1693703388\"\n\t\t\ttitle=\"\"\n\t\t\tdata-src=\"https:\/\/www.slatina.hr\/portal\/wp-content\/gallery\/3-9-2023-svecana-sjednica-gv\/IMG_9726.JPG?t=1693703388\"\n\t\t\tdata-thumbnail=\"https:\/\/www.slatina.hr\/portal\/wp-content\/gallery\/3-9-2023-svecana-sjednica-gv\/thumbs\/thumbs_IMG_9726.JPG?t=1693703388\"\n\t\t\tdata-image-id=\"9173\"\n\t\t\tdata-image-name=\"IMG_9726.JPG\"\n\t\t\tdata-title=\"IMG_9726\"\n\t\t\tdata-description=\"\"\n\t\t\tdata-image-slug=\"img_9726\"\n\t\t\t\t\t\t\t\t\t\t\t\t\t\t\t\t\t\t\t\tclass=\"ngg-fancybox\" rel=\"4a3106730a4de961f251d87b3b947c1c\">\n\t\t\t\t\t\t\t\t<img\n\t\t\t\t\ttitle=\"IMG_9726\"\n\t\t\t\t\talt=\"IMG_9726\"\n\t\t\t\t\tsrc=\"https:\/\/www.slatina.hr\/portal\/wp-content\/gallery\/3-9-2023-svecana-sjednica-gv\/thumbs\/thumbs_IMG_9726.JPG?t=1693703388\"\n\t\t\t\t\twidth=\"240\"\n\t\t\t\t\theight=\"160\"\n\t\t\t\t\tstyle=\"max-width:100%;\"\n\t\t\t\t\/>\n\t\t\t<\/a>\n\t\t<\/div>\n\t\t\t\t\t\t\t<\/div>\n\t\t\t\n\t\n\t<br style=\"clear: both\" \/>\n\n\t\n\t\t<!-- Pagination -->\n\t\t<div class='ngg-navigation'><span class='current'>1<\/span>\n<a class='page-numbers' data-pageid='2' href='https:\/\/www.slatina.hr\/portal\/pocela-edukacija-u-sklopu-projekta-slatina-osnazivanje-odraslih-osoba-na-trzistu-rada\/nggallery\/page\/2'>2<\/a>\n<a class='prev' href='https:\/\/www.slatina.hr\/portal\/pocela-edukacija-u-sklopu-projekta-slatina-osnazivanje-odraslih-osoba-na-trzistu-rada\/nggallery\/page\/2' data-pageid=\"2\">&#9658;<\/a><\/div>\t<\/div>\n<\/p>\n","protected":false},"excerpt":{"rendered":"<p>U Pu\u010dkom otvorenom u\u010dili\u0161tu Slatina odr\u017ean upis i prvo predavanje za besplatnu edukaciju u sklopu projekta \u201eSLATINA &#8211; Osna\u017eivanje odraslih osoba na tr\u017ei\u0161tu rada\u201c. Za<span class=\"excerpt-hellip\"> [\u2026]<\/span><\/p>\n","protected":false},"author":1,"featured_media":11268,"comment_status":"closed","ping_status":"closed","sticky":false,"template":"","format":"standard","meta":{"ngg_post_thumbnail":0,"footnotes":""},"categories":[136],"tags":[],"class_list":["post-11265","post","type-post","status-publish","format-standard","has-post-thumbnail","hentry","category-grad-slatina"],"_links":{"self":[{"href":"https:\/\/www.slatina.hr\/portal\/wp-json\/wp\/v2\/posts\/11265","targetHints":{"allow":["GET"]}}],"collection":[{"href":"https:\/\/www.slatina.hr\/portal\/wp-json\/wp\/v2\/posts"}],"about":[{"href":"https:\/\/www.slatina.hr\/portal\/wp-json\/wp\/v2\/types\/post"}],"author":[{"embeddable":true,"href":"https:\/\/www.slatina.hr\/portal\/wp-json\/wp\/v2\/users\/1"}],"replies":[{"embeddable":true,"href":"https:\/\/www.slatina.hr\/portal\/wp-json\/wp\/v2\/comments?post=11265"}],"version-history":[{"count":0,"href":"https:\/\/www.slatina.hr\/portal\/wp-json\/wp\/v2\/posts\/11265\/revisions"}],"wp:featuredmedia":[{"embeddable":true,"href":"https:\/\/www.slatina.hr\/portal\/wp-json\/wp\/v2\/media\/11268"}],"wp:attachment":[{"href":"https:\/\/www.slatina.hr\/portal\/wp-json\/wp\/v2\/media?parent=11265"}],"wp:term":[{"taxonomy":"category","embeddable":true,"href":"https:\/\/www.slatina.hr\/portal\/wp-json\/wp\/v2\/categories?post=11265"},{"taxonomy":"post_tag","embeddable":true,"href":"https:\/\/www.slatina.hr\/portal\/wp-json\/wp\/v2\/tags?post=11265"}],"curies":[{"name":"wp","href":"https:\/\/api.w.org\/{rel}","templated":true}]}}