{"id":112435,"date":"2022-05-19T12:17:19","date_gmt":"2022-05-19T10:17:19","guid":{"rendered":"https:\/\/www.slatina.hr\/portal\/?p=112435"},"modified":"2022-05-19T12:17:19","modified_gmt":"2022-05-19T10:17:19","slug":"slatinski-gradonacelnik-s-drzavnom-tajnicom-sredisnjeg-drzavnog-ureda-za-demografiju-i-mlade-potpisao-ugovor-vrijedan-247-50000-kuna-za-odrzavanje-i-razvoj-predskolske-djelatnosti","status":"publish","type":"post","link":"https:\/\/www.slatina.hr\/portal\/slatinski-gradonacelnik-s-drzavnom-tajnicom-sredisnjeg-drzavnog-ureda-za-demografiju-i-mlade-potpisao-ugovor-vrijedan-247-50000-kuna-za-odrzavanje-i-razvoj-predskolske-djelatnosti\/","title":{"rendered":"Slatinski gradona\u010delnik s dr\u017eavnom tajnicom Sredi\u0161njeg dr\u017eavnog ureda za demografiju i mlade potpisao Ugovor vrijedan 247.500,00 kuna za odr\u017eavanje i razvoj pred\u0161kolske djelatnosti"},"content":{"rendered":"<p>Danas je u Zagrebu uprili\u010dena sve\u010danost potpisivanja Ugovora o dodjeli financijskih sredstava gradovima kojima su iz Dr\u017eavnog prora\u010duna putem Sredi\u0161njeg dr\u017eavnog ureda za demografiju i mlade osigurane potpore za odr\u017eavanje i razvoj pred\u0161kolske djelatnosti u 2022. godini.<\/p>\n<p>Grad Slatina je jedan od 25 gradova kojima se dodjeljuje financijska potpora iz Dr\u017eavnog prora\u010duna kako bi se doprinijelo postizanju \u0161to ve\u0107eg institucijskog zbrinjavanja djece pred\u0161kolske dobi u gradovima s potpomognutih podru\u010dja, a posebno manje razvijenih podru\u010dja Republike Hrvatske u kojima nedostaje i\/ili je slabo razvijena institucionalna podr\u0161ka za djecu rane i pred\u0161kolske dobi.<\/p>\n<p>Za provedbu Poziva u Dr\u017eavnom prora\u010dunu Republike Hrvatske za 2022. godinu osiguran je ukupan iznos od 6.100.000,00 kn.<\/p>\n<p>Tim povodom danas je u Zagrebu s dr\u017eavnom tajnicom Sredi\u0161njeg dr\u017eavnog ureda za demografiju i mlade \u017deljkom Josi\u0107 Ugovor vrijedan 247.500,00 kuna potpisao gradona\u010delnik Grada Slatine Denis Ostro\u0161i\u0107.<\/p>\n<p>To je ujedno i najvi\u0161i iznos koji je mogao biti odobren pojedina\u010dnom prijavitelju putem spomenutog Javnog poziva.<br \/>\n(www.radioslatina.hr)<\/p>\nngg_shortcode_0_placeholder\n","protected":false},"excerpt":{"rendered":"<p>Danas je u Zagrebu uprili\u010dena sve\u010danost potpisivanja Ugovora o dodjeli financijskih sredstava gradovima kojima su iz Dr\u017eavnog prora\u010duna putem Sredi\u0161njeg dr\u017eavnog ureda za demografiju i<span class=\"excerpt-hellip\"> [\u2026]<\/span><\/p>\n","protected":false},"author":5,"featured_media":112443,"comment_status":"closed","ping_status":"closed","sticky":false,"template":"","format":"standard","meta":{"ngg_post_thumbnail":0,"footnotes":""},"categories":[136,137],"tags":[],"class_list":["post-112435","post","type-post","status-publish","format-standard","has-post-thumbnail","hentry","category-grad-slatina","category-naslovnica"],"_links":{"self":[{"href":"https:\/\/www.slatina.hr\/portal\/wp-json\/wp\/v2\/posts\/112435","targetHints":{"allow":["GET"]}}],"collection":[{"href":"https:\/\/www.slatina.hr\/portal\/wp-json\/wp\/v2\/posts"}],"about":[{"href":"https:\/\/www.slatina.hr\/portal\/wp-json\/wp\/v2\/types\/post"}],"author":[{"embeddable":true,"href":"https:\/\/www.slatina.hr\/portal\/wp-json\/wp\/v2\/users\/5"}],"replies":[{"embeddable":true,"href":"https:\/\/www.slatina.hr\/portal\/wp-json\/wp\/v2\/comments?post=112435"}],"version-history":[{"count":1,"href":"https:\/\/www.slatina.hr\/portal\/wp-json\/wp\/v2\/posts\/112435\/revisions"}],"predecessor-version":[{"id":112444,"href":"https:\/\/www.slatina.hr\/portal\/wp-json\/wp\/v2\/posts\/112435\/revisions\/112444"}],"wp:featuredmedia":[{"embeddable":true,"href":"https:\/\/www.slatina.hr\/portal\/wp-json\/wp\/v2\/media\/112443"}],"wp:attachment":[{"href":"https:\/\/www.slatina.hr\/portal\/wp-json\/wp\/v2\/media?parent=112435"}],"wp:term":[{"taxonomy":"category","embeddable":true,"href":"https:\/\/www.slatina.hr\/portal\/wp-json\/wp\/v2\/categories?post=112435"},{"taxonomy":"post_tag","embeddable":true,"href":"https:\/\/www.slatina.hr\/portal\/wp-json\/wp\/v2\/tags?post=112435"}],"curies":[{"name":"wp","href":"https:\/\/api.w.org\/{rel}","templated":true}]}}