{"id":112077,"date":"2022-04-22T20:52:36","date_gmt":"2022-04-22T18:52:36","guid":{"rendered":"https:\/\/www.slatina.hr\/portal\/?p=112077"},"modified":"2022-04-22T20:52:36","modified_gmt":"2022-04-22T18:52:36","slug":"posjetiteljsko-interpretacijski-centar-epicentar-sequoia-slatina-svecano-otvorio-vrata-svim-posjetiteljima-s-radom-zapoceli-restoran-i-hostel","status":"publish","type":"post","link":"https:\/\/www.slatina.hr\/portal\/posjetiteljsko-interpretacijski-centar-epicentar-sequoia-slatina-svecano-otvorio-vrata-svim-posjetiteljima-s-radom-zapoceli-restoran-i-hostel\/","title":{"rendered":"Posjetiteljsko-interpretacijski centar \u201eEPIcentar Sequoia Slatina\u201c sve\u010dano otvorio vrata svim posjetiteljima \u2013 S radom zapo\u010deli restoran i hostel"},"content":{"rendered":"<p>Danas je u Slatini sve\u010dano otvoren Posjetiteljsko-interpretacijski centar Sequoia Slatina.<br \/>\nTom je prigodom brojne uzvanike pozdravio voditelj EPIcentra Sequoia Slatina Jurica Culej te ih ukratko upoznao s njegovim sadr\u017eajima i cjelokupnim projektom samog ure\u0111enja ove turisti\u010dke atrakcije u srcu Slatine.<\/p>\n<p><img loading=\"lazy\" decoding=\"async\" class=\"wp-image-238567 alignleft\" src=\"https:\/\/www.radioslatina.hr\/wp-content\/uploads\/2022\/04\/IMG_2557_1024x683.jpg\" sizes=\"auto, (max-width: 300px) 100vw, 300px\" srcset=\"https:\/\/www.radioslatina.hr\/wp-content\/uploads\/2022\/04\/IMG_2557_1024x683.jpg 1024w, https:\/\/www.radioslatina.hr\/wp-content\/uploads\/2022\/04\/IMG_2557_1024x683-768x512.jpg 768w\" alt=\"\" width=\"300\" height=\"200\">\u2013 Iznimna mi je \u010dast sudjelovati u ovom sve\u010danom trenutku kada slu\u017ebeno s radom po\u010dinje na\u0161 Posjetiteljsko-interpretacijski centar \u201eEPIcentar Sequoia Slatina\u201c, jedan od najve\u0107ih projekata u povijesti Grada Slatine sufinanciran sredstvima Europske unije iz Europskog fonda za regionalni razvoj.<\/p>\n<p>Vrijednost ovoga projekta je preko 21 milijun kuna, pripremila ga je Gradska razvojna agencija Slatine, a proveo Grad Slatina u suradnji s partnerima na projektu Turisti\u010dkom zajednicom Grada Slatine i Javnom ustanovom za upravljanje za\u0161ti\u0107enim dijelovima prirode i ekolo\u0161kom mre\u017eom Viroviti\u010dko-podravske \u017eupanije. Na projektu je uz projektni tim Grada Slatine sudjelovao i vanjski suradnik, tvrtka Plavi partner iz Zagreba, \u2013 rekao je Culej zahvaliv\u0161i se svima koji su dali svoj doprinos njegovoj realizaciji. &nbsp;<\/p>\n<p>U sklopu EPIcentra kako je ve\u0107 svima poznato ure\u0111ene su dvije zgrade.<br \/>\nJedna je ure\u0111ena kao posjetiteljski centar s hostelom kapaciteta 30 le\u017eaja, konferencijskim dvoranama, suvenirnicom, restoranom s terasom i modernom kuhinjom, dok je u drugoj smje\u0161ten interpretacijski centar s multimedijalnim prostorom gdje se nalazi stalni postav s promatra\u010dnicom i pri\u010da \u017eivot slatinske Sequoie. U sklopu ove zgrade su i dvije dvorane za edukacije i prezentacije.<\/p>\n<p>Va\u017eno je spomenuti da se cijeli kompleks nalazi podno giganta Sequoie, hrvatskog stabla godine oko kojega je zapravo cijela pri\u010da i slo\u017eena. Slatinski&nbsp; mamutovac jedini je za\u0161ti\u0107eni primjerak ove vrste u Hrvatskoj i sredi\u0161te je za\u0161ti\u0107enog parka kojim se granaju ure\u0111ene pou\u010dne staze sa zanimljivim sadr\u017eajima, odnosno dje\u010djim igrali\u0161tem, sjenicama i pergolama, te pametnim klupama i klupama za odmor, a cijeli je okoli\u0161 dodatno uljep\u0161an cvjetnjacima i raznolikim biljem.<\/p>\n<p>U nastavku sve\u010danost projekt je pozdravio pro\u010delnik Upravnog odjela za gospodarstvo i poljoprivredu Viroviti\u010dko-podravske \u017eupanije Bojan Mijok.<\/p>\n<p><img loading=\"lazy\" decoding=\"async\" class=\"wp-image-238568 alignright\" src=\"https:\/\/www.radioslatina.hr\/wp-content\/uploads\/2022\/04\/IMG_2566_1024x683.jpg\" sizes=\"auto, (max-width: 300px) 100vw, 300px\" srcset=\"https:\/\/www.radioslatina.hr\/wp-content\/uploads\/2022\/04\/IMG_2566_1024x683.jpg 1024w, https:\/\/www.radioslatina.hr\/wp-content\/uploads\/2022\/04\/IMG_2566_1024x683-768x512.jpg 768w\" alt=\"\" width=\"300\" height=\"200\">\u2013 Nama je iznimna \u010dast \u0161to je Grad Slatina priveo kraju ovako jedan predivan projekt, rekao bih mo\u017eda i najvrjedniji projekt Grada Slatine do sada koji je od samoga po\u010detka imao punu podr\u0161ku Viroviti\u010dko-podravske \u017eupanije. Od velikog je zna\u010daja turisti\u010dke namjene za ovaj grad i cijelu \u017eupaniju te se nadam da \u0107e biti samoodr\u017eiv u budu\u0107em razdoblju, \u2013 istaknuo je \u017eupanijski pro\u010delnik Bojan Mijok prenose\u0107i ujedno i \u010destitke na otvorenju ove turisti\u010dke destinacije viroviti\u010dko-podravskog \u017eupana Igora Androvi\u0107a.<\/p>\n<p>Prije svega svima vama hvala, rekao je na po\u010detku svog obra\u0107anja okupljenim uzvanicima, slatinski gradona\u010delnik Denis Ostro\u0161i\u0107, posebno se zahvaliv\u0161i voditelju EPIcentra Jurici Culeju koji je u proteklih nekoliko mjeseci dao sebe kako bi sve ovo u kona\u010dnici za\u017eivjelo onako kako treba. Isto tako zahvalio se i svima onima koji su mu bili pri ruci i uredili ovaj predivan prostor koji su, kako se prisjetio, jo\u0161 dok su trajali radovi zapravo otvorila djeca koriste\u0107i igrala na dje\u010djem igrali\u0161tu.<\/p>\n<p><img loading=\"lazy\" decoding=\"async\" class=\"wp-image-238569 alignleft\" src=\"https:\/\/www.radioslatina.hr\/wp-content\/uploads\/2022\/04\/IMG_2573_1024x683.jpg\" sizes=\"auto, (max-width: 300px) 100vw, 300px\" srcset=\"https:\/\/www.radioslatina.hr\/wp-content\/uploads\/2022\/04\/IMG_2573_1024x683.jpg 1024w, https:\/\/www.radioslatina.hr\/wp-content\/uploads\/2022\/04\/IMG_2573_1024x683-768x512.jpg 768w\" alt=\"\" width=\"300\" height=\"200\">\u2013 Iza nas je nekoliko mukotrpnih godina od idejnog projekta do ovoga trenutka kada \u0107e projekt napokon za\u017eivjeti punim plu\u0107ima tim vi\u0161e \u0161to \u0107emo uz hostel i restoran, u zgradi 2 dobiti i drage susjede jer \u0107e njezine prostore koristiti \u010dlanovi i volonteri slatinske Udruge s intelektualnim te\u0161ko\u0107ama Vretenac, kao i Dru\u0161tva Na\u0161a djeca Slatina.<\/p>\n<p>U samom sredi\u0161tu grada dobili smo jedan vrlo plemenit prostor koji je ve\u0107 za\u017eivio puno ranije odr\u017eavanjem raznih manifestacija. Imali smo kestenijadu i uskr\u0161nju priredbu na kojoj se okupilo preko \u010detiristo mali\u0161ana, njihovih roditelja i ostalih posjetitelja iz Slatine i okolice. Prostor Sequoie bio je doma\u0107in i raznim drugim doga\u0111anjima, edukacijama, radionicama, te se koristi i za odr\u017eavanje nastave studentima Fakulteta za odgojne i obrazovne znanosti.<\/p>\n<p>Ono \u0161to je bitno je da danas otvaramo vrata za sve goste, posjetitelje, putnike namjernike\u2026 koji \u0107e mo\u0107i koristiti sve sadr\u017eaje ovoga komplesa, odnosno prespavati u hostelu, doru\u010dkovati, ru\u010dati i ve\u010derati u restoranu ili do\u0107i samo na kavu. Stoga vjerujem da \u0107e ovoga ljeta EPIcentar Sequoia postati drugi centar grada, \u2013 rekao je gradona\u010delnik te dodao:<\/p>\n<p>\u2013 Doma\u0107i \u0107e tu obitavati svakodnevno no hostel je namijenjen prije svega turistima, a to je i bio cilj da ovih 30 le\u017eajeva poslu\u017ee ljudima koji \u0107e do\u0107i ovdje iz turisti\u010dkih razloga ili na odre\u0111ene manifestacije poput Dana Milka Kelemena. Vjerujem da \u0107e mnogi, kako doma\u0107i tako i svi oni koji \u0107e do\u0107i u Slatinu koristiti ovu destinaciju, zapo\u010deti svoje putovanje, ili ga nastaviti kroz na\u0161u \u017eupaniju, \u2013 zaklju\u010dio je gradona\u010delnik Ostro\u0161i\u0107 te sve\u010danim presijecanjem vrpce, u \u010demu su mu pomogli \u010dlanovi Hrvatskog kulturno-umjetni\u010dkog dru\u0161tva Dika Slatina, otvorio Posjetiteljsko-interpretacijski centar Sequoia Slatina.<br \/>\nPotom je isti posvetio \u017dupnik \u017dupe sv. Josipa i dekan Slatinskog dekanata, pre\u010d. Dragan Hrgi\u0107.<\/p>\n<p>Nakon sve\u010danog otvorenja uslijedio je obilazak prostora EPIcentra Sequoia Slatina i prigodni domjenak uz Suhopoljske tambura\u0161e.<\/p>\n<p><img loading=\"lazy\" decoding=\"async\" class=\"alignnone size-full wp-image-238570\" src=\"https:\/\/www.radioslatina.hr\/wp-content\/uploads\/2022\/04\/IMG_2546_1024x683.jpg\" sizes=\"auto, (max-width: 1024px) 100vw, 1024px\" srcset=\"https:\/\/www.radioslatina.hr\/wp-content\/uploads\/2022\/04\/IMG_2546_1024x683.jpg 1024w, https:\/\/www.radioslatina.hr\/wp-content\/uploads\/2022\/04\/IMG_2546_1024x683-768x512.jpg 768w\" alt=\"\" width=\"1024\" height=\"683\"><\/p>\n<p>Kako smo doznali od voditelja EPIcentra Jurice Culeja Posjetiteljsko-interpretacijski centar \u201eEPIcentar Sequoia Slatina\u201c kojim upravlja gradska tvrtka Slatina plus u skladu sa suglasnostima Ministarstva regionalnog razvoja i fondova EU te Sredi\u0161nje agencije za financiranje i ugovaranje programa i projekata Europske unije, s dana\u0161njim danom pokre\u0107e gospodarsku djelatnost te \u0107e restoran i hostel svim posjetiteljima biti na usluzi u radnom vremenu od 8 do 22 sata.<br \/>\nSve detaljnije informacije bit \u0107e dostupne na slu\u017ebenim web stranicama EPIcentra Sequoia Slatina, kao i u Turisti\u010dkoj zajednici Grada Slatine.<\/p>\n<p>Ponuda restorana bazirana je na doma\u0107oj ponudi jela i isto tako na nabavi doma\u0107ih namirnica od lokalnih OPG-a i proizvo\u0111a\u010da.<br \/>\nUskoro bi trebala biti otvorena i suvenirnica \u0161to \u0107e tako\u0111er otvoriti prostor za suradnju s lokalnim proizvo\u0111a\u010dima i poduzetnicima, \u2013 rekao je Culej te pozvao sve zainteresirane za mogu\u0107u suradnju da se jave u EPIcentar Sequoia Slatina.<br \/>\n(www.radioslatina.hr)<\/p>\n<p>ngg_shortcode_0_placeholderngg_shortcode_1_placeholder<\/p>\n","protected":false},"excerpt":{"rendered":"<p>Danas je u Slatini sve\u010dano otvoren Posjetiteljsko-interpretacijski centar Sequoia Slatina. Tom je prigodom brojne uzvanike pozdravio voditelj EPIcentra Sequoia Slatina Jurica Culej te ih ukratko<span class=\"excerpt-hellip\"> [\u2026]<\/span><\/p>\n","protected":false},"author":5,"featured_media":112120,"comment_status":"closed","ping_status":"closed","sticky":false,"template":"","format":"standard","meta":{"ngg_post_thumbnail":0,"footnotes":""},"categories":[136,137],"tags":[],"class_list":["post-112077","post","type-post","status-publish","format-standard","has-post-thumbnail","hentry","category-grad-slatina","category-naslovnica"],"_links":{"self":[{"href":"https:\/\/www.slatina.hr\/portal\/wp-json\/wp\/v2\/posts\/112077","targetHints":{"allow":["GET"]}}],"collection":[{"href":"https:\/\/www.slatina.hr\/portal\/wp-json\/wp\/v2\/posts"}],"about":[{"href":"https:\/\/www.slatina.hr\/portal\/wp-json\/wp\/v2\/types\/post"}],"author":[{"embeddable":true,"href":"https:\/\/www.slatina.hr\/portal\/wp-json\/wp\/v2\/users\/5"}],"replies":[{"embeddable":true,"href":"https:\/\/www.slatina.hr\/portal\/wp-json\/wp\/v2\/comments?post=112077"}],"version-history":[{"count":1,"href":"https:\/\/www.slatina.hr\/portal\/wp-json\/wp\/v2\/posts\/112077\/revisions"}],"predecessor-version":[{"id":112121,"href":"https:\/\/www.slatina.hr\/portal\/wp-json\/wp\/v2\/posts\/112077\/revisions\/112121"}],"wp:featuredmedia":[{"embeddable":true,"href":"https:\/\/www.slatina.hr\/portal\/wp-json\/wp\/v2\/media\/112120"}],"wp:attachment":[{"href":"https:\/\/www.slatina.hr\/portal\/wp-json\/wp\/v2\/media?parent=112077"}],"wp:term":[{"taxonomy":"category","embeddable":true,"href":"https:\/\/www.slatina.hr\/portal\/wp-json\/wp\/v2\/categories?post=112077"},{"taxonomy":"post_tag","embeddable":true,"href":"https:\/\/www.slatina.hr\/portal\/wp-json\/wp\/v2\/tags?post=112077"}],"curies":[{"name":"wp","href":"https:\/\/api.w.org\/{rel}","templated":true}]}}