{"id":111837,"date":"2022-04-06T11:19:52","date_gmt":"2022-04-06T09:19:52","guid":{"rendered":"https:\/\/www.slatina.hr\/portal\/?p=111837"},"modified":"2022-04-06T11:19:52","modified_gmt":"2022-04-06T09:19:52","slug":"uoci-blagdana-uskrsa-srediste-slatine-ureseno-prigodnim-dekoracijama","status":"publish","type":"post","link":"https:\/\/www.slatina.hr\/portal\/uoci-blagdana-uskrsa-srediste-slatine-ureseno-prigodnim-dekoracijama\/","title":{"rendered":"Uo\u010di blagdana Uskrsa sredi\u0161te Slatine ure\u0161eno prigodnim dekoracijama"},"content":{"rendered":"<p>Uo\u010di najve\u0107eg kr\u0161\u0107anskog blagdana Uskrsa sredi\u0161te Slatine ovih je dana ure\u0161eno prigodnim dekoracijama, a za blagdansko ure\u0111enje zadu\u017eena je tvrtka Slatina kom koja se u suradnji s Gradom Slatinom pobrinula uljep\u0161ati grad i nekim novim uskr\u0161njim dekoracijama.<\/p>\n<p>Tako je uz neizostavne \u201eze\u010di\u0107e\u201c i raznobojne uskr\u0161nje pisanice na zelenim povr\u0161inama u samom sredi\u0161tu grada, ispred zgrade slatinskog Pu\u010dkog otvorenog u\u010dili\u0161ta i Gradske knji\u017enice i \u010ditaonice osvanula uskr\u0161nja etno dekoracija, odnosno velika ko\u0161ara koju su od vinove loze isplele djelatnice tvrtke Slatina kom uz pomo\u0107 Lare Nenadovi\u0107, voditeljice iste zadu\u017eene za ure\u0111enje javnih povr\u0161ina u gradu. Osim \u0161to je i ove godine osmislila dizajn pojedinih dekoracija, pobrinula se da svaki detalj prona\u0111e svoje mjesto kako bi grad bio \u0161to ljep\u0161i i veseliji ovih uskr\u0161njih blagdana.<br \/>\nJedna velika pisanica tako\u0111er ispletena od vinove loze resi sredi\u0161te kru\u017enog toka na Trgu sv. Josipa, a nekoliko je uskr\u0161njih detalja smje\u0161teno oko gradske fontane gdje se svi zainteresirani mogu i fotografirati u sklopu panoa s uskr\u0161njim motivima kako bi im ostala uspomena na ovogodi\u0161nji Uskrs u na\u0161em gradu.<\/p>\n<p>U paviljonu sredi\u0161njeg gradskog parka svoje je gnijezdo ponovno \u201esvio\u201c veliki \u201ezeko\u201c koji je zbog svojih brojnih lampica posebno atraktivan u ve\u010dernjim satima gdje posebnu pozornost plijeni onih najmla\u0111ih.<\/p>\n<p>No ipak ono \u0161to je najzanimljivije mali\u0161anima, ali i na\u0161im mladima je velika uskr\u0161nja ljulja\u010dka ispred zgrade Gradske uprave, mjesto za proljetne radosti, a mo\u017eda i pokoji mladena\u010dki poljubac.&nbsp;<\/p>\n<p>EPI centar Sequoia svu rasko\u0161 u prigodi uskr\u0161njih blagdana do\u010darat \u0107e na sam blagdanski vikend, odnosno 16. travnja kada \u0107e biti uprili\u010dena velika Potraga za uskr\u0161njim jajima.<br \/>\nOrganizator ovoga doga\u0111aja je Slatinski informativni centar, suorganizator Dru\u0161tvo Na\u0161a djeca Slatina, a pokrovitelji Grad Slatina i Turisti\u010dka zajednica Grada Slatine.<\/p>\n<p>Potraga za uskr\u0161njim jajima zapo\u010det \u0107e u 10 sati u parku kod sekvoje, a nastavit \u0107e se razli\u010ditim kreativnim radionicama Dru\u0161tva Na\u0161a djeca Slatina od 10:30.<br \/>\nU 11:15 predvi\u0111ena je predstava \u201eVesele i lude zgode \u2013 vuka, zeca i male rode\u201c u izvedbi kazali\u0161ne skupine \u0160areni svijet, a u vremenu od 10 do 12 sati svoj prodajni \u0161tand s prigodnim uskr\u0161njim ukrasima imat \u0107e slatinska Udruga Vretenac.<br \/>\n(www.radioslatina.hr)<\/p>\n<p><img loading=\"lazy\" decoding=\"async\" class=\"alignnone size-full wp-image-111866\" src=\"https:\/\/www.slatina.hr\/portal\/wp-content\/uploads\/2022\/04\/Uskrsnja-jaja-2022-1500px.jpg\" alt=\"\" width=\"1500\" height=\"848\" srcset=\"https:\/\/www.slatina.hr\/portal\/wp-content\/uploads\/2022\/04\/Uskrsnja-jaja-2022-1500px.jpg 1500w, https:\/\/www.slatina.hr\/portal\/wp-content\/uploads\/2022\/04\/Uskrsnja-jaja-2022-1500px-768x434.jpg 768w, https:\/\/www.slatina.hr\/portal\/wp-content\/uploads\/2022\/04\/Uskrsnja-jaja-2022-1500px-258x146.jpg 258w, https:\/\/www.slatina.hr\/portal\/wp-content\/uploads\/2022\/04\/Uskrsnja-jaja-2022-1500px-50x28.jpg 50w, https:\/\/www.slatina.hr\/portal\/wp-content\/uploads\/2022\/04\/Uskrsnja-jaja-2022-1500px-133x75.jpg 133w, https:\/\/www.slatina.hr\/portal\/wp-content\/uploads\/2022\/04\/Uskrsnja-jaja-2022-1500px-620x351.jpg 620w\" sizes=\"auto, (max-width:767px) 480px, (max-width:1500px) 100vw, 1500px\" \/><\/p>\nngg_shortcode_0_placeholder\n","protected":false},"excerpt":{"rendered":"<p>Uo\u010di najve\u0107eg kr\u0161\u0107anskog blagdana Uskrsa sredi\u0161te Slatine ovih je dana ure\u0161eno prigodnim dekoracijama, a za blagdansko ure\u0111enje zadu\u017eena je tvrtka Slatina kom koja se u<span class=\"excerpt-hellip\"> [\u2026]<\/span><\/p>\n","protected":false},"author":5,"featured_media":111867,"comment_status":"closed","ping_status":"closed","sticky":false,"template":"","format":"standard","meta":{"ngg_post_thumbnail":0,"footnotes":""},"categories":[136,137],"tags":[],"class_list":["post-111837","post","type-post","status-publish","format-standard","has-post-thumbnail","hentry","category-grad-slatina","category-naslovnica"],"_links":{"self":[{"href":"https:\/\/www.slatina.hr\/portal\/wp-json\/wp\/v2\/posts\/111837","targetHints":{"allow":["GET"]}}],"collection":[{"href":"https:\/\/www.slatina.hr\/portal\/wp-json\/wp\/v2\/posts"}],"about":[{"href":"https:\/\/www.slatina.hr\/portal\/wp-json\/wp\/v2\/types\/post"}],"author":[{"embeddable":true,"href":"https:\/\/www.slatina.hr\/portal\/wp-json\/wp\/v2\/users\/5"}],"replies":[{"embeddable":true,"href":"https:\/\/www.slatina.hr\/portal\/wp-json\/wp\/v2\/comments?post=111837"}],"version-history":[{"count":1,"href":"https:\/\/www.slatina.hr\/portal\/wp-json\/wp\/v2\/posts\/111837\/revisions"}],"predecessor-version":[{"id":111868,"href":"https:\/\/www.slatina.hr\/portal\/wp-json\/wp\/v2\/posts\/111837\/revisions\/111868"}],"wp:featuredmedia":[{"embeddable":true,"href":"https:\/\/www.slatina.hr\/portal\/wp-json\/wp\/v2\/media\/111867"}],"wp:attachment":[{"href":"https:\/\/www.slatina.hr\/portal\/wp-json\/wp\/v2\/media?parent=111837"}],"wp:term":[{"taxonomy":"category","embeddable":true,"href":"https:\/\/www.slatina.hr\/portal\/wp-json\/wp\/v2\/categories?post=111837"},{"taxonomy":"post_tag","embeddable":true,"href":"https:\/\/www.slatina.hr\/portal\/wp-json\/wp\/v2\/tags?post=111837"}],"curies":[{"name":"wp","href":"https:\/\/api.w.org\/{rel}","templated":true}]}}