{"id":111713,"date":"2022-04-01T14:10:38","date_gmt":"2022-04-01T12:10:38","guid":{"rendered":"https:\/\/www.slatina.hr\/portal\/?p=111713"},"modified":"2022-04-01T14:11:22","modified_gmt":"2022-04-01T12:11:22","slug":"slatinski-gradonacelnik-obisao-salon-namjestaja-prima-na-novoj-lokaciji-u-slatini","status":"publish","type":"post","link":"https:\/\/www.slatina.hr\/portal\/slatinski-gradonacelnik-obisao-salon-namjestaja-prima-na-novoj-lokaciji-u-slatini\/","title":{"rendered":"Slatinski gradona\u010delnik obi\u0161ao Salon namje\u0161taja Prima na novoj lokaciji u Slatini"},"content":{"rendered":"<p>Slatin\u010danima dobro poznati salon namje\u0161taja Prima od nedavno je preselio na novu lokaciju, te se od 24. o\u017eujka nalazi u Industrijskoj ulici 3a u Slatini.<\/p>\n<p>Tim povodom pozivu se odazvao i slatinski gradona\u010delnik Denis Ostro\u0161i\u0107 te je me\u0111u brojnim posjetiteljima i zainteresiranim kupcima obi\u0161ao novoure\u0111eni Salon namje\u0161taja Prima. Tom je prigodom izrazio zadovoljstvo bogato opremljenim salonom koji na 1200 m2 izlo\u017ebenog prostora Slatin\u010danima nudi sve \u0161to im treba za opremanje njihovih domova.<\/p>\n<p>Dobrodo\u0161licu su mu za\u017eeljeli voditeljica slatinskog Salona namje\u0161taja Prima Ru\u017eica Podboj i regionalni voditelj Goran Dubai\u0107 te ga proveli novim prostorom kako bi se uvjerio u ponudu moderno dizajniranog namje\u0161taja ali i brojnih dekorativnih detalja koji svaku ku\u0107u ili stan mogu pretvoriti u topli dom.<\/p>\n<p>Slatinski salon Prima trenuta\u010dno zapo\u0161ljava tri djelatnika koji su kupcima na raspolaganju radnim danima od 8 do 20, a subotom od 8 do 13 sati, te \u0107e ih odu\u0161eviti svojim savjetima, a klasi\u010dno ili moderno ure\u0111enje interijera u\u010diniti izuzetno lakim.<br \/>\n(www.radioslatina.hr)<\/p>\n<p><img loading=\"lazy\" decoding=\"async\" class=\"alignnone size-full wp-image-111762\" src=\"https:\/\/www.slatina.hr\/portal\/wp-content\/uploads\/2022\/04\/IMG_0067_1024x683.jpg\" alt=\"\" width=\"1024\" height=\"683\" srcset=\"https:\/\/www.slatina.hr\/portal\/wp-content\/uploads\/2022\/04\/IMG_0067_1024x683.jpg 1024w, https:\/\/www.slatina.hr\/portal\/wp-content\/uploads\/2022\/04\/IMG_0067_1024x683-768x512.jpg 768w, https:\/\/www.slatina.hr\/portal\/wp-content\/uploads\/2022\/04\/IMG_0067_1024x683-219x146.jpg 219w, https:\/\/www.slatina.hr\/portal\/wp-content\/uploads\/2022\/04\/IMG_0067_1024x683-50x33.jpg 50w, https:\/\/www.slatina.hr\/portal\/wp-content\/uploads\/2022\/04\/IMG_0067_1024x683-112x75.jpg 112w, https:\/\/www.slatina.hr\/portal\/wp-content\/uploads\/2022\/04\/IMG_0067_1024x683-620x414.jpg 620w\" sizes=\"auto, (max-width:767px) 480px, (max-width:1024px) 100vw, 1024px\" \/><\/p>\n<p><img loading=\"lazy\" decoding=\"async\" class=\"alignnone size-full wp-image-111763\" src=\"https:\/\/www.slatina.hr\/portal\/wp-content\/uploads\/2022\/04\/IMG_0010_1024x683.jpg\" alt=\"\" width=\"1024\" height=\"683\" srcset=\"https:\/\/www.slatina.hr\/portal\/wp-content\/uploads\/2022\/04\/IMG_0010_1024x683.jpg 1024w, https:\/\/www.slatina.hr\/portal\/wp-content\/uploads\/2022\/04\/IMG_0010_1024x683-768x512.jpg 768w, https:\/\/www.slatina.hr\/portal\/wp-content\/uploads\/2022\/04\/IMG_0010_1024x683-219x146.jpg 219w, https:\/\/www.slatina.hr\/portal\/wp-content\/uploads\/2022\/04\/IMG_0010_1024x683-50x33.jpg 50w, https:\/\/www.slatina.hr\/portal\/wp-content\/uploads\/2022\/04\/IMG_0010_1024x683-112x75.jpg 112w, https:\/\/www.slatina.hr\/portal\/wp-content\/uploads\/2022\/04\/IMG_0010_1024x683-620x414.jpg 620w\" sizes=\"auto, (max-width:767px) 480px, (max-width:1024px) 100vw, 1024px\" \/><\/p>\n<p><img loading=\"lazy\" decoding=\"async\" class=\"alignnone size-full wp-image-111764\" src=\"https:\/\/www.slatina.hr\/portal\/wp-content\/uploads\/2022\/04\/IMG_0014_1024x683.jpg\" alt=\"\" width=\"1024\" height=\"683\" srcset=\"https:\/\/www.slatina.hr\/portal\/wp-content\/uploads\/2022\/04\/IMG_0014_1024x683.jpg 1024w, https:\/\/www.slatina.hr\/portal\/wp-content\/uploads\/2022\/04\/IMG_0014_1024x683-768x512.jpg 768w, https:\/\/www.slatina.hr\/portal\/wp-content\/uploads\/2022\/04\/IMG_0014_1024x683-219x146.jpg 219w, https:\/\/www.slatina.hr\/portal\/wp-content\/uploads\/2022\/04\/IMG_0014_1024x683-50x33.jpg 50w, https:\/\/www.slatina.hr\/portal\/wp-content\/uploads\/2022\/04\/IMG_0014_1024x683-112x75.jpg 112w, https:\/\/www.slatina.hr\/portal\/wp-content\/uploads\/2022\/04\/IMG_0014_1024x683-620x414.jpg 620w\" sizes=\"auto, (max-width:767px) 480px, (max-width:1024px) 100vw, 1024px\" \/><\/p>\n","protected":false},"excerpt":{"rendered":"<p>Slatin\u010danima dobro poznati salon namje\u0161taja Prima od nedavno je preselio na novu lokaciju, te se od 24. o\u017eujka nalazi u Industrijskoj ulici 3a u Slatini.<span class=\"excerpt-hellip\"> [\u2026]<\/span><\/p>\n","protected":false},"author":5,"featured_media":111765,"comment_status":"closed","ping_status":"closed","sticky":false,"template":"","format":"standard","meta":{"ngg_post_thumbnail":0,"footnotes":""},"categories":[1,136,137],"tags":[],"class_list":["post-111713","post","type-post","status-publish","format-standard","has-post-thumbnail","hentry","category-uncategorized","category-grad-slatina","category-naslovnica"],"_links":{"self":[{"href":"https:\/\/www.slatina.hr\/portal\/wp-json\/wp\/v2\/posts\/111713","targetHints":{"allow":["GET"]}}],"collection":[{"href":"https:\/\/www.slatina.hr\/portal\/wp-json\/wp\/v2\/posts"}],"about":[{"href":"https:\/\/www.slatina.hr\/portal\/wp-json\/wp\/v2\/types\/post"}],"author":[{"embeddable":true,"href":"https:\/\/www.slatina.hr\/portal\/wp-json\/wp\/v2\/users\/5"}],"replies":[{"embeddable":true,"href":"https:\/\/www.slatina.hr\/portal\/wp-json\/wp\/v2\/comments?post=111713"}],"version-history":[{"count":3,"href":"https:\/\/www.slatina.hr\/portal\/wp-json\/wp\/v2\/posts\/111713\/revisions"}],"predecessor-version":[{"id":111768,"href":"https:\/\/www.slatina.hr\/portal\/wp-json\/wp\/v2\/posts\/111713\/revisions\/111768"}],"wp:featuredmedia":[{"embeddable":true,"href":"https:\/\/www.slatina.hr\/portal\/wp-json\/wp\/v2\/media\/111765"}],"wp:attachment":[{"href":"https:\/\/www.slatina.hr\/portal\/wp-json\/wp\/v2\/media?parent=111713"}],"wp:term":[{"taxonomy":"category","embeddable":true,"href":"https:\/\/www.slatina.hr\/portal\/wp-json\/wp\/v2\/categories?post=111713"},{"taxonomy":"post_tag","embeddable":true,"href":"https:\/\/www.slatina.hr\/portal\/wp-json\/wp\/v2\/tags?post=111713"}],"curies":[{"name":"wp","href":"https:\/\/api.w.org\/{rel}","templated":true}]}}