{"id":111573,"date":"2022-03-22T20:29:48","date_gmt":"2022-03-22T19:29:48","guid":{"rendered":"https:\/\/www.slatina.hr\/portal\/?p=111573"},"modified":"2022-03-22T20:29:48","modified_gmt":"2022-03-22T19:29:48","slug":"sastao-se-festivalski-odbor-medunarodnog-glazbenog-festivala-dani-milka-kelemena-slatina","status":"publish","type":"post","link":"https:\/\/www.slatina.hr\/portal\/sastao-se-festivalski-odbor-medunarodnog-glazbenog-festivala-dani-milka-kelemena-slatina\/","title":{"rendered":"Sastao se Festivalski odbor Me\u0111unarodnog glazbenog festivala \u201eDani Milka Kelemena\u201c Slatina"},"content":{"rendered":"<p>Danas je koncertnoj dvorani Glazbene \u0161kole Milka Kelemena u Slatini odr\u017eana 7. sjednica Festivalskog odbora Me\u0111unarodnog glazbenog festivala \u201eDani Milka Kelemena\u201c kojoj su uz gradona\u010delnika Grada Slatine Denisa Ostro\u0161i\u0107a i ravnatelja slatinske Glazbene \u0161kole Milka Kelemena te predsjednika Festivalskog odbora Antonija Brzice prisustvovali i ostali \u010dlanovi Odbora, pro\u010delnica Upravnog odjela za obrazovanje i demografiju VP\u017d Martina Buni\u0107, ravnateljica Pu\u010dkog otvorenog u\u010dili\u0161ta Danijela Fabric Fabijanac, ravnatelj Zavi\u010dajnog muzeja Slatina Vlado Majhen i kustos Sr\u0111an \u0110uri\u010di\u0107, direktor Turisti\u010dke zajednice Grada Slatine Jurica Bosak i njegov pomo\u0107nik Hrvoje Valpovac, direktor Slatinskog informativnog centra Robert Turkalj, predsjednica Ogranka Matice hrvatske Slatina Zorica Varga, te prof. Goran Kon\u010dar koji je ujedno i u Programskom vije\u0107u Festivala.<\/p>\n<p>Pozdraviv\u0161i sve nazo\u010dne, predsjednik festivalskog odbora DMK Antonio Brzica podnio je izvje\u0161\u0107e o realizaciji 27. me\u0111unarodnog glazbenog festivala DMK koje je nakon kra\u0107e rasprave jednoglasno usvojeno, te je uslijedilo upoznavanje s programom ovogodi\u0161njeg 28. izdanja Festivala koji \u0107e se odr\u017eati od 6.-16. listopada. &nbsp;<br \/>\nTom je prigodom Brzica istaknuo kako \u0107e se javno predstavljanje programa tradicionalno odr\u017eati 30. o\u017eujka u Zavi\u010dajnom muzeju u Slatini, na obljetnicu maestrovog ro\u0111enja.<\/p>\n<p>U nastavku sjednice upravo se razgovaralo o velikim obljetnicama.<br \/>\nTako su \u010dlanovi Festivalskog odbora razgovarali o pripremama obilje\u017eavanja 100. godi\u0161njice ro\u0111enja Milka Kelemena i XXX. festivala DMK koji \u0107e se sve\u010dano obilje\u017eiti 2024. godine.<\/p>\n<p>Nakon izlaganja nekoliko zanimljivih ideja, dogovorene su odre\u0111ene pripremne radnje za nadolaze\u0107u godi\u0161njicu.<br \/>\n(www.radioslatina.hr)<\/p>\nngg_shortcode_0_placeholder\n","protected":false},"excerpt":{"rendered":"<p>Danas je koncertnoj dvorani Glazbene \u0161kole Milka Kelemena u Slatini odr\u017eana 7. sjednica Festivalskog odbora Me\u0111unarodnog glazbenog festivala \u201eDani Milka Kelemena\u201c kojoj su uz gradona\u010delnika<span class=\"excerpt-hellip\"> [\u2026]<\/span><\/p>\n","protected":false},"author":5,"featured_media":111582,"comment_status":"closed","ping_status":"closed","sticky":false,"template":"","format":"standard","meta":{"ngg_post_thumbnail":0,"footnotes":""},"categories":[137,139],"tags":[],"class_list":["post-111573","post","type-post","status-publish","format-standard","has-post-thumbnail","hentry","category-naslovnica","category-sport-kultura-i-udruge"],"_links":{"self":[{"href":"https:\/\/www.slatina.hr\/portal\/wp-json\/wp\/v2\/posts\/111573","targetHints":{"allow":["GET"]}}],"collection":[{"href":"https:\/\/www.slatina.hr\/portal\/wp-json\/wp\/v2\/posts"}],"about":[{"href":"https:\/\/www.slatina.hr\/portal\/wp-json\/wp\/v2\/types\/post"}],"author":[{"embeddable":true,"href":"https:\/\/www.slatina.hr\/portal\/wp-json\/wp\/v2\/users\/5"}],"replies":[{"embeddable":true,"href":"https:\/\/www.slatina.hr\/portal\/wp-json\/wp\/v2\/comments?post=111573"}],"version-history":[{"count":1,"href":"https:\/\/www.slatina.hr\/portal\/wp-json\/wp\/v2\/posts\/111573\/revisions"}],"predecessor-version":[{"id":111583,"href":"https:\/\/www.slatina.hr\/portal\/wp-json\/wp\/v2\/posts\/111573\/revisions\/111583"}],"wp:featuredmedia":[{"embeddable":true,"href":"https:\/\/www.slatina.hr\/portal\/wp-json\/wp\/v2\/media\/111582"}],"wp:attachment":[{"href":"https:\/\/www.slatina.hr\/portal\/wp-json\/wp\/v2\/media?parent=111573"}],"wp:term":[{"taxonomy":"category","embeddable":true,"href":"https:\/\/www.slatina.hr\/portal\/wp-json\/wp\/v2\/categories?post=111573"},{"taxonomy":"post_tag","embeddable":true,"href":"https:\/\/www.slatina.hr\/portal\/wp-json\/wp\/v2\/tags?post=111573"}],"curies":[{"name":"wp","href":"https:\/\/api.w.org\/{rel}","templated":true}]}}