{"id":111569,"date":"2022-03-22T20:25:54","date_gmt":"2022-03-22T19:25:54","guid":{"rendered":"https:\/\/www.slatina.hr\/portal\/?p=111569"},"modified":"2022-03-22T20:25:54","modified_gmt":"2022-03-22T19:25:54","slug":"slatinski-gradonacelnik-razgovarao-s-visim-strucnim-savjetnikom-ministarstva-hrvatskih-branitelja-pj-virovitica-antom-kristom","status":"publish","type":"post","link":"https:\/\/www.slatina.hr\/portal\/slatinski-gradonacelnik-razgovarao-s-visim-strucnim-savjetnikom-ministarstva-hrvatskih-branitelja-pj-virovitica-antom-kristom\/","title":{"rendered":"Slatinski gradona\u010delnik razgovarao s vi\u0161im stru\u010dnim savjetnikom Ministarstva hrvatskih branitelja PJ Virovitica Antom Kri\u0161tom"},"content":{"rendered":"<p>Danas je u Gradskoj upravi Grada Slatine odr\u017ean sastanak na kojemu su gradona\u010delnik Denis Ostro\u0161i\u0107 i njegov zamjenik Ilija Nikoli\u0107 razgovarali s vi\u0161im stru\u010dnim savjetnikom Ministarstva hrvatskih branitelja Podru\u010dne jedinice Virovitica Antom Kri\u0161tom.<\/p>\n<p><img loading=\"lazy\" decoding=\"async\" class=\"wp-image-235336 alignright\" src=\"https:\/\/www.radioslatina.hr\/wp-content\/uploads\/2022\/03\/IMG_9487_1024x683.jpg\" sizes=\"auto, (max-width: 300px) 100vw, 300px\" srcset=\"https:\/\/www.radioslatina.hr\/wp-content\/uploads\/2022\/03\/IMG_9487_1024x683.jpg 1024w, https:\/\/www.radioslatina.hr\/wp-content\/uploads\/2022\/03\/IMG_9487_1024x683-768x512.jpg 768w\" alt=\"\" width=\"300\" height=\"200\">Na sastanku se razgovaralo o pravima hrvatskih branitelja iz Domovinskog rata i \u010dlanova njihovih obitelji kroz provedbu Zakona o hrvatskim braniteljima iz Domovinskog rata i \u010dlanovima njihovih obitelji.<\/p>\n<p>Na tragu dosada\u0161nje suradnje Grada Slatine i Ministarstva hrvatskih branitelja Podru\u010dne jedinice Virovitica, vi\u0161i stru\u010dni savjetnik Anto Kri\u0161to informirao je gradske \u010delnike s izazovima s kojima se susre\u0107u razne institucije koje sudjeluju u provedbi Zakona, s ciljem pove\u0107anja u\u010dinkovitosti njegove provedbe na podru\u010dju Viroviti\u010dko-podravske \u017eupanije, pa tako i grada Slatine.<\/p>\n<p><img loading=\"lazy\" decoding=\"async\" class=\"wp-image-235337 alignleft\" src=\"https:\/\/www.radioslatina.hr\/wp-content\/uploads\/2022\/03\/IMG_9483_1024x683.jpg\" sizes=\"auto, (max-width: 300px) 100vw, 300px\" srcset=\"https:\/\/www.radioslatina.hr\/wp-content\/uploads\/2022\/03\/IMG_9483_1024x683.jpg 1024w, https:\/\/www.radioslatina.hr\/wp-content\/uploads\/2022\/03\/IMG_9483_1024x683-768x512.jpg 768w\" alt=\"\" width=\"300\" height=\"200\">Tako\u0111er ih je upoznao s najsvje\u017eijim informacijama vezanim za mirovine \u2013 od starosnih, obiteljskih, invalidskih do najni\u017ee zajam\u010dene braniteljske mirovine. Istaknuo je i potrebu u\u010destalije koordinacije i komunikacije svih institucija koje sudjeluju u procesu priznavanja prava hrvatskih branitelja kako bi se ubrzala njihova realizacija.<\/p>\n<p>Budu\u0107i da Grad Slatina kontinuirano izdvaja znatna financijska sredstva za rad braniteljskih udruga te brine o braniteljskoj populaciji na \u0161irem slatinskom podru\u010dju jedna od tema bili su i planirani projekti na izgradnji komunalne i druge infrastrukture kojima bi se podigla pristupa\u010dnost gradskih institucija osobama s invaliditetom, a samim tim i pobolj\u0161ala kvaliteta \u017eivota hrvatskih vojnih invalida iz Domovinskog rata.<br \/>\n(www.radioslatina.hr)<\/p>\n<p><img loading=\"lazy\" decoding=\"async\" class=\"alignnone size-full wp-image-111571\" src=\"https:\/\/www.slatina.hr\/portal\/wp-content\/uploads\/2022\/03\/IMG_9474-scaled.jpg\" alt=\"\" width=\"2560\" height=\"1707\" srcset=\"https:\/\/www.slatina.hr\/portal\/wp-content\/uploads\/2022\/03\/IMG_9474-scaled.jpg 2560w, https:\/\/www.slatina.hr\/portal\/wp-content\/uploads\/2022\/03\/IMG_9474-768x512.jpg 768w, https:\/\/www.slatina.hr\/portal\/wp-content\/uploads\/2022\/03\/IMG_9474-1536x1024.jpg 1536w, https:\/\/www.slatina.hr\/portal\/wp-content\/uploads\/2022\/03\/IMG_9474-2048x1365.jpg 2048w, https:\/\/www.slatina.hr\/portal\/wp-content\/uploads\/2022\/03\/IMG_9474-219x146.jpg 219w, https:\/\/www.slatina.hr\/portal\/wp-content\/uploads\/2022\/03\/IMG_9474-50x33.jpg 50w, https:\/\/www.slatina.hr\/portal\/wp-content\/uploads\/2022\/03\/IMG_9474-113x75.jpg 113w, https:\/\/www.slatina.hr\/portal\/wp-content\/uploads\/2022\/03\/IMG_9474-620x413.jpg 620w\" sizes=\"auto, (max-width:767px) 480px, (max-width:2560px) 100vw, 2560px\" \/><\/p>\n","protected":false},"excerpt":{"rendered":"<p>Danas je u Gradskoj upravi Grada Slatine odr\u017ean sastanak na kojemu su gradona\u010delnik Denis Ostro\u0161i\u0107 i njegov zamjenik Ilija Nikoli\u0107 razgovarali s vi\u0161im stru\u010dnim savjetnikom<span class=\"excerpt-hellip\"> [\u2026]<\/span><\/p>\n","protected":false},"author":5,"featured_media":111570,"comment_status":"closed","ping_status":"closed","sticky":false,"template":"","format":"standard","meta":{"ngg_post_thumbnail":0,"footnotes":""},"categories":[136,137],"tags":[],"class_list":["post-111569","post","type-post","status-publish","format-standard","has-post-thumbnail","hentry","category-grad-slatina","category-naslovnica"],"_links":{"self":[{"href":"https:\/\/www.slatina.hr\/portal\/wp-json\/wp\/v2\/posts\/111569","targetHints":{"allow":["GET"]}}],"collection":[{"href":"https:\/\/www.slatina.hr\/portal\/wp-json\/wp\/v2\/posts"}],"about":[{"href":"https:\/\/www.slatina.hr\/portal\/wp-json\/wp\/v2\/types\/post"}],"author":[{"embeddable":true,"href":"https:\/\/www.slatina.hr\/portal\/wp-json\/wp\/v2\/users\/5"}],"replies":[{"embeddable":true,"href":"https:\/\/www.slatina.hr\/portal\/wp-json\/wp\/v2\/comments?post=111569"}],"version-history":[{"count":1,"href":"https:\/\/www.slatina.hr\/portal\/wp-json\/wp\/v2\/posts\/111569\/revisions"}],"predecessor-version":[{"id":111572,"href":"https:\/\/www.slatina.hr\/portal\/wp-json\/wp\/v2\/posts\/111569\/revisions\/111572"}],"wp:featuredmedia":[{"embeddable":true,"href":"https:\/\/www.slatina.hr\/portal\/wp-json\/wp\/v2\/media\/111570"}],"wp:attachment":[{"href":"https:\/\/www.slatina.hr\/portal\/wp-json\/wp\/v2\/media?parent=111569"}],"wp:term":[{"taxonomy":"category","embeddable":true,"href":"https:\/\/www.slatina.hr\/portal\/wp-json\/wp\/v2\/categories?post=111569"},{"taxonomy":"post_tag","embeddable":true,"href":"https:\/\/www.slatina.hr\/portal\/wp-json\/wp\/v2\/tags?post=111569"}],"curies":[{"name":"wp","href":"https:\/\/api.w.org\/{rel}","templated":true}]}}