{"id":111517,"date":"2022-03-18T10:47:09","date_gmt":"2022-03-18T09:47:09","guid":{"rendered":"https:\/\/www.slatina.hr\/portal\/?p=111517"},"modified":"2022-03-18T10:47:09","modified_gmt":"2022-03-18T09:47:09","slug":"josipovski-lunapark-u-slatini","status":"publish","type":"post","link":"https:\/\/www.slatina.hr\/portal\/josipovski-lunapark-u-slatini\/","title":{"rendered":"Josipovski lunapark u Slatini"},"content":{"rendered":"<p>Neizostavan dio proslave blagdana sv. Josipa za\u0161titnika \u017eupe i grada Slatine je lunapark koji se tradicionalno smje\u0161ta na parkirali\u0161te kod Gradske tr\u017enice i ostalim prostorima na Trgu Ru\u0111era Bo\u0161kovi\u0107a.<br \/>\nNakon dvije Covid godine kada je taj zabavni dio iz proslave blagdana sv. Josipa izostao, ove se godine ovaj \u201cvjesnik Josipova\u201d vratio u Slatinu jo\u0161 ve\u0107i i sadr\u017eajima bogatiji.<\/p>\n<p>Tako ve\u0107 nekoliko dana Slatin\u010dani i ostali posjetitelji u\u017eivaju u razli\u010ditim atrakcijama, osobito mali\u0161ani za koje su uz neizostavne auti\u0107e, razli\u010dite ringi\u0161pile, twistere i bungee jumping postavljeni i napuhanci, vlaki\u0107i i brojni drugi sadr\u017eaji.<\/p>\n<p>Kako smo svi \u017eeljni izlaska iz nametnutih nam covid okvira ovakva atrakcija i vi\u0161e je nego dobrodo\u0161la, a kako doznajemo pojedini \u0107e sadr\u017eaji ostati jo\u0161 koji dan u Slatini i nakon sutra\u0161njeg tradicionalnog \u201ekirvaja\u201c kada se o\u010dekuje i najve\u0107a posje\u0107enost lunaparku.&nbsp;<br \/>\n(www.radioslatina.hr)<\/p>\nngg_shortcode_0_placeholder\n","protected":false},"excerpt":{"rendered":"<p>Neizostavan dio proslave blagdana sv. Josipa za\u0161titnika \u017eupe i grada Slatine je lunapark koji se tradicionalno smje\u0161ta na parkirali\u0161te kod Gradske tr\u017enice i ostalim prostorima<span class=\"excerpt-hellip\"> [\u2026]<\/span><\/p>\n","protected":false},"author":5,"featured_media":111537,"comment_status":"closed","ping_status":"closed","sticky":false,"template":"","format":"standard","meta":{"ngg_post_thumbnail":0,"footnotes":""},"categories":[136,137],"tags":[],"class_list":["post-111517","post","type-post","status-publish","format-standard","has-post-thumbnail","hentry","category-grad-slatina","category-naslovnica"],"_links":{"self":[{"href":"https:\/\/www.slatina.hr\/portal\/wp-json\/wp\/v2\/posts\/111517","targetHints":{"allow":["GET"]}}],"collection":[{"href":"https:\/\/www.slatina.hr\/portal\/wp-json\/wp\/v2\/posts"}],"about":[{"href":"https:\/\/www.slatina.hr\/portal\/wp-json\/wp\/v2\/types\/post"}],"author":[{"embeddable":true,"href":"https:\/\/www.slatina.hr\/portal\/wp-json\/wp\/v2\/users\/5"}],"replies":[{"embeddable":true,"href":"https:\/\/www.slatina.hr\/portal\/wp-json\/wp\/v2\/comments?post=111517"}],"version-history":[{"count":1,"href":"https:\/\/www.slatina.hr\/portal\/wp-json\/wp\/v2\/posts\/111517\/revisions"}],"predecessor-version":[{"id":111538,"href":"https:\/\/www.slatina.hr\/portal\/wp-json\/wp\/v2\/posts\/111517\/revisions\/111538"}],"wp:featuredmedia":[{"embeddable":true,"href":"https:\/\/www.slatina.hr\/portal\/wp-json\/wp\/v2\/media\/111537"}],"wp:attachment":[{"href":"https:\/\/www.slatina.hr\/portal\/wp-json\/wp\/v2\/media?parent=111517"}],"wp:term":[{"taxonomy":"category","embeddable":true,"href":"https:\/\/www.slatina.hr\/portal\/wp-json\/wp\/v2\/categories?post=111517"},{"taxonomy":"post_tag","embeddable":true,"href":"https:\/\/www.slatina.hr\/portal\/wp-json\/wp\/v2\/tags?post=111517"}],"curies":[{"name":"wp","href":"https:\/\/api.w.org\/{rel}","templated":true}]}}