{"id":11114,"date":"2014-06-25T10:43:56","date_gmt":"2014-06-25T09:43:56","guid":{"rendered":"http:\/\/www.slatina.hr\/?p=11114"},"modified":"2014-06-25T10:43:56","modified_gmt":"2014-06-25T09:43:56","slug":"u-povodu-dana-drzavnosti-polozeni-vijenci-i-zapaljene-svijece","status":"publish","type":"post","link":"https:\/\/www.slatina.hr\/portal\/u-povodu-dana-drzavnosti-polozeni-vijenci-i-zapaljene-svijece\/","title":{"rendered":"U povodu Dana dr\u017eavnosti polo\u017eeni vijenci i zapaljene svije\u0107e"},"content":{"rendered":"<p>U povodu Dana dr\u017eavnosti Republike Hrvatske polo\u017eeni su vijenci i zapaljene svije\u0107e na Spomen obilje\u017eju hrvatskim braniteljima poginulim u Domovinskom ratu, na Viroviti\u010dkom gradskom groblju. Po\u010dast poginulim, umrlim i nestalim hrvatskim braniteljima odali su izaslanstvo Viroviti\u010dko-podravske \u017eupanije predvo\u0111eno zamjenicima \u017eupana Zdravkom Dijakovi\u0107em i Igorom Pavkovi\u0107em, izaslanstvo grada Virovitice predvo\u0111eno gradona\u010delnikom Ivicom Kirinom, izaslanstva Policijske uprave Viroviti\u010dko-podravske, Ureda dr\u017eavne uprave Viroviti\u010dko-podravske \u017eupanije i mnogobrojnih udruga proiza\u0161lih iz Domovinskog rata\u2026 Rije\u010di molitve za sve poginule, umrle i nestale hrvatske branitelje uputio je \u017eupnik i gvardijan Franjeva\u010dkog samostana u Virovitici, fra Marko Malovi\u0107. (vpz.hr)<\/p>\n<p><!-- default-view.php -->\n<div\n\tclass=\"ngg-galleryoverview default-view\n\t ngg-ajax-pagination-none\t\"\n\tid=\"ngg-gallery-9d113a58637d1d3e6dbf0c71daac4baa-1\"\n\tdata-nextgen-gallery-id=\"568\"\n\tdata-gallery-id=\"568\"\n\t\tdata-gallery-name=\"2-9-2023 vijenci dan grada\"\n\t>\n\n\t\t<!-- Thumbnails -->\n\t\t\t\t<div id=\"ngg-image-0\" class=\"ngg-gallery-thumbnail-box\n\t\t\t\t\t\t\t\t\t\t\t\"\n\t\t\t>\n\t\t\t\t\t\t<div class=\"ngg-gallery-thumbnail\">\n\t\t<a href=\"https:\/\/www.slatina.hr\/portal\/wp-content\/gallery\/2-9-2023-vijenci-dan-grada\/bkp_IMG_9572.JPG?t=1693675207\"\n\t\t\ttitle=\"\"\n\t\t\tdata-src=\"https:\/\/www.slatina.hr\/portal\/wp-content\/gallery\/2-9-2023-vijenci-dan-grada\/bkp_IMG_9572.JPG?t=1693675207\"\n\t\t\tdata-thumbnail=\"https:\/\/www.slatina.hr\/portal\/wp-content\/gallery\/2-9-2023-vijenci-dan-grada\/thumbs\/thumbs_bkp_IMG_9572.JPG?t=1693675207\"\n\t\t\tdata-image-id=\"9057\"\n\t\t\tdata-image-name=\"bkp_IMG_9572.JPG\"\n\t\t\tdata-title=\"bkp_IMG_9572\"\n\t\t\tdata-description=\"\"\n\t\t\tdata-image-slug=\"bkp_img_9572\"\n\t\t\t\t\t\t\t\t\t\t\t\t\t\t\t\t\t\t\t\tclass=\"ngg-fancybox\" rel=\"9d113a58637d1d3e6dbf0c71daac4baa\">\n\t\t\t\t\t\t\t\t<img\n\t\t\t\t\ttitle=\"bkp_IMG_9572\"\n\t\t\t\t\talt=\"bkp_IMG_9572\"\n\t\t\t\t\tsrc=\"https:\/\/www.slatina.hr\/portal\/wp-content\/gallery\/2-9-2023-vijenci-dan-grada\/thumbs\/thumbs_bkp_IMG_9572.JPG?t=1693675207\"\n\t\t\t\t\twidth=\"240\"\n\t\t\t\t\theight=\"160\"\n\t\t\t\t\tstyle=\"max-width:100%;\"\n\t\t\t\t\/>\n\t\t\t<\/a>\n\t\t<\/div>\n\t\t\t\t\t\t\t<\/div>\n\t\t\t\n\t\t\t\t<div id=\"ngg-image-1\" class=\"ngg-gallery-thumbnail-box\n\t\t\t\t\t\t\t\t\t\t\t\"\n\t\t\t>\n\t\t\t\t\t\t<div class=\"ngg-gallery-thumbnail\">\n\t\t<a href=\"https:\/\/www.slatina.hr\/portal\/wp-content\/gallery\/2-9-2023-vijenci-dan-grada\/bkp_IMG_9609.JPG?t=1693675208\"\n\t\t\ttitle=\"\"\n\t\t\tdata-src=\"https:\/\/www.slatina.hr\/portal\/wp-content\/gallery\/2-9-2023-vijenci-dan-grada\/bkp_IMG_9609.JPG?t=1693675208\"\n\t\t\tdata-thumbnail=\"https:\/\/www.slatina.hr\/portal\/wp-content\/gallery\/2-9-2023-vijenci-dan-grada\/thumbs\/thumbs_bkp_IMG_9609.JPG?t=1693675208\"\n\t\t\tdata-image-id=\"9058\"\n\t\t\tdata-image-name=\"bkp_IMG_9609.JPG\"\n\t\t\tdata-title=\"bkp_IMG_9609\"\n\t\t\tdata-description=\"\"\n\t\t\tdata-image-slug=\"bkp_img_9609\"\n\t\t\t\t\t\t\t\t\t\t\t\t\t\t\t\t\t\t\t\tclass=\"ngg-fancybox\" rel=\"9d113a58637d1d3e6dbf0c71daac4baa\">\n\t\t\t\t\t\t\t\t<img\n\t\t\t\t\ttitle=\"bkp_IMG_9609\"\n\t\t\t\t\talt=\"bkp_IMG_9609\"\n\t\t\t\t\tsrc=\"https:\/\/www.slatina.hr\/portal\/wp-content\/gallery\/2-9-2023-vijenci-dan-grada\/thumbs\/thumbs_bkp_IMG_9609.JPG?t=1693675208\"\n\t\t\t\t\twidth=\"240\"\n\t\t\t\t\theight=\"160\"\n\t\t\t\t\tstyle=\"max-width:100%;\"\n\t\t\t\t\/>\n\t\t\t<\/a>\n\t\t<\/div>\n\t\t\t\t\t\t\t<\/div>\n\t\t\t\n\t\t\t\t<div id=\"ngg-image-2\" class=\"ngg-gallery-thumbnail-box\n\t\t\t\t\t\t\t\t\t\t\t\"\n\t\t\t>\n\t\t\t\t\t\t<div class=\"ngg-gallery-thumbnail\">\n\t\t<a href=\"https:\/\/www.slatina.hr\/portal\/wp-content\/gallery\/2-9-2023-vijenci-dan-grada\/bkp_IMG_9583.JPG?t=1693675208\"\n\t\t\ttitle=\"\"\n\t\t\tdata-src=\"https:\/\/www.slatina.hr\/portal\/wp-content\/gallery\/2-9-2023-vijenci-dan-grada\/bkp_IMG_9583.JPG?t=1693675208\"\n\t\t\tdata-thumbnail=\"https:\/\/www.slatina.hr\/portal\/wp-content\/gallery\/2-9-2023-vijenci-dan-grada\/thumbs\/thumbs_bkp_IMG_9583.JPG?t=1693675208\"\n\t\t\tdata-image-id=\"9059\"\n\t\t\tdata-image-name=\"bkp_IMG_9583.JPG\"\n\t\t\tdata-title=\"bkp_IMG_9583\"\n\t\t\tdata-description=\"\"\n\t\t\tdata-image-slug=\"bkp_img_9583\"\n\t\t\t\t\t\t\t\t\t\t\t\t\t\t\t\t\t\t\t\tclass=\"ngg-fancybox\" rel=\"9d113a58637d1d3e6dbf0c71daac4baa\">\n\t\t\t\t\t\t\t\t<img\n\t\t\t\t\ttitle=\"bkp_IMG_9583\"\n\t\t\t\t\talt=\"bkp_IMG_9583\"\n\t\t\t\t\tsrc=\"https:\/\/www.slatina.hr\/portal\/wp-content\/gallery\/2-9-2023-vijenci-dan-grada\/thumbs\/thumbs_bkp_IMG_9583.JPG?t=1693675208\"\n\t\t\t\t\twidth=\"240\"\n\t\t\t\t\theight=\"160\"\n\t\t\t\t\tstyle=\"max-width:100%;\"\n\t\t\t\t\/>\n\t\t\t<\/a>\n\t\t<\/div>\n\t\t\t\t\t\t\t<\/div>\n\t\t\t\n\t\t\t\t<div id=\"ngg-image-3\" class=\"ngg-gallery-thumbnail-box\n\t\t\t\t\t\t\t\t\t\t\t\"\n\t\t\t>\n\t\t\t\t\t\t<div class=\"ngg-gallery-thumbnail\">\n\t\t<a href=\"https:\/\/www.slatina.hr\/portal\/wp-content\/gallery\/2-9-2023-vijenci-dan-grada\/bkp_IMG_9599.JPG?t=1693675208\"\n\t\t\ttitle=\"\"\n\t\t\tdata-src=\"https:\/\/www.slatina.hr\/portal\/wp-content\/gallery\/2-9-2023-vijenci-dan-grada\/bkp_IMG_9599.JPG?t=1693675208\"\n\t\t\tdata-thumbnail=\"https:\/\/www.slatina.hr\/portal\/wp-content\/gallery\/2-9-2023-vijenci-dan-grada\/thumbs\/thumbs_bkp_IMG_9599.JPG?t=1693675208\"\n\t\t\tdata-image-id=\"9060\"\n\t\t\tdata-image-name=\"bkp_IMG_9599.JPG\"\n\t\t\tdata-title=\"bkp_IMG_9599\"\n\t\t\tdata-description=\"\"\n\t\t\tdata-image-slug=\"bkp_img_9599\"\n\t\t\t\t\t\t\t\t\t\t\t\t\t\t\t\t\t\t\t\tclass=\"ngg-fancybox\" rel=\"9d113a58637d1d3e6dbf0c71daac4baa\">\n\t\t\t\t\t\t\t\t<img\n\t\t\t\t\ttitle=\"bkp_IMG_9599\"\n\t\t\t\t\talt=\"bkp_IMG_9599\"\n\t\t\t\t\tsrc=\"https:\/\/www.slatina.hr\/portal\/wp-content\/gallery\/2-9-2023-vijenci-dan-grada\/thumbs\/thumbs_bkp_IMG_9599.JPG?t=1693675208\"\n\t\t\t\t\twidth=\"240\"\n\t\t\t\t\theight=\"160\"\n\t\t\t\t\tstyle=\"max-width:100%;\"\n\t\t\t\t\/>\n\t\t\t<\/a>\n\t\t<\/div>\n\t\t\t\t\t\t\t<\/div>\n\t\t\t\n\t\t\t\t<div id=\"ngg-image-4\" class=\"ngg-gallery-thumbnail-box\n\t\t\t\t\t\t\t\t\t\t\t\"\n\t\t\t>\n\t\t\t\t\t\t<div class=\"ngg-gallery-thumbnail\">\n\t\t<a href=\"https:\/\/www.slatina.hr\/portal\/wp-content\/gallery\/2-9-2023-vijenci-dan-grada\/bkp_IMG_9579.JPG?t=1693675208\"\n\t\t\ttitle=\"\"\n\t\t\tdata-src=\"https:\/\/www.slatina.hr\/portal\/wp-content\/gallery\/2-9-2023-vijenci-dan-grada\/bkp_IMG_9579.JPG?t=1693675208\"\n\t\t\tdata-thumbnail=\"https:\/\/www.slatina.hr\/portal\/wp-content\/gallery\/2-9-2023-vijenci-dan-grada\/thumbs\/thumbs_bkp_IMG_9579.JPG?t=1693675208\"\n\t\t\tdata-image-id=\"9061\"\n\t\t\tdata-image-name=\"bkp_IMG_9579.JPG\"\n\t\t\tdata-title=\"bkp_IMG_9579\"\n\t\t\tdata-description=\"\"\n\t\t\tdata-image-slug=\"bkp_img_9579\"\n\t\t\t\t\t\t\t\t\t\t\t\t\t\t\t\t\t\t\t\tclass=\"ngg-fancybox\" rel=\"9d113a58637d1d3e6dbf0c71daac4baa\">\n\t\t\t\t\t\t\t\t<img\n\t\t\t\t\ttitle=\"bkp_IMG_9579\"\n\t\t\t\t\talt=\"bkp_IMG_9579\"\n\t\t\t\t\tsrc=\"https:\/\/www.slatina.hr\/portal\/wp-content\/gallery\/2-9-2023-vijenci-dan-grada\/thumbs\/thumbs_bkp_IMG_9579.JPG?t=1693675208\"\n\t\t\t\t\twidth=\"240\"\n\t\t\t\t\theight=\"160\"\n\t\t\t\t\tstyle=\"max-width:100%;\"\n\t\t\t\t\/>\n\t\t\t<\/a>\n\t\t<\/div>\n\t\t\t\t\t\t\t<\/div>\n\t\t\t\n\t\t\t\t<div id=\"ngg-image-5\" class=\"ngg-gallery-thumbnail-box\n\t\t\t\t\t\t\t\t\t\t\t\"\n\t\t\t>\n\t\t\t\t\t\t<div class=\"ngg-gallery-thumbnail\">\n\t\t<a href=\"https:\/\/www.slatina.hr\/portal\/wp-content\/gallery\/2-9-2023-vijenci-dan-grada\/bkp_IMG_9616.JPG?t=1693675209\"\n\t\t\ttitle=\"\"\n\t\t\tdata-src=\"https:\/\/www.slatina.hr\/portal\/wp-content\/gallery\/2-9-2023-vijenci-dan-grada\/bkp_IMG_9616.JPG?t=1693675209\"\n\t\t\tdata-thumbnail=\"https:\/\/www.slatina.hr\/portal\/wp-content\/gallery\/2-9-2023-vijenci-dan-grada\/thumbs\/thumbs_bkp_IMG_9616.JPG?t=1693675209\"\n\t\t\tdata-image-id=\"9062\"\n\t\t\tdata-image-name=\"bkp_IMG_9616.JPG\"\n\t\t\tdata-title=\"bkp_IMG_9616\"\n\t\t\tdata-description=\"\"\n\t\t\tdata-image-slug=\"bkp_img_9616\"\n\t\t\t\t\t\t\t\t\t\t\t\t\t\t\t\t\t\t\t\tclass=\"ngg-fancybox\" rel=\"9d113a58637d1d3e6dbf0c71daac4baa\">\n\t\t\t\t\t\t\t\t<img\n\t\t\t\t\ttitle=\"bkp_IMG_9616\"\n\t\t\t\t\talt=\"bkp_IMG_9616\"\n\t\t\t\t\tsrc=\"https:\/\/www.slatina.hr\/portal\/wp-content\/gallery\/2-9-2023-vijenci-dan-grada\/thumbs\/thumbs_bkp_IMG_9616.JPG?t=1693675209\"\n\t\t\t\t\twidth=\"240\"\n\t\t\t\t\theight=\"160\"\n\t\t\t\t\tstyle=\"max-width:100%;\"\n\t\t\t\t\/>\n\t\t\t<\/a>\n\t\t<\/div>\n\t\t\t\t\t\t\t<\/div>\n\t\t\t\n\t\t\t\t<div id=\"ngg-image-6\" class=\"ngg-gallery-thumbnail-box\n\t\t\t\t\t\t\t\t\t\t\t\"\n\t\t\t>\n\t\t\t\t\t\t<div class=\"ngg-gallery-thumbnail\">\n\t\t<a href=\"https:\/\/www.slatina.hr\/portal\/wp-content\/gallery\/2-9-2023-vijenci-dan-grada\/bkp_IMG_9622.JPG?t=1693675210\"\n\t\t\ttitle=\"\"\n\t\t\tdata-src=\"https:\/\/www.slatina.hr\/portal\/wp-content\/gallery\/2-9-2023-vijenci-dan-grada\/bkp_IMG_9622.JPG?t=1693675210\"\n\t\t\tdata-thumbnail=\"https:\/\/www.slatina.hr\/portal\/wp-content\/gallery\/2-9-2023-vijenci-dan-grada\/thumbs\/thumbs_bkp_IMG_9622.JPG?t=1693675210\"\n\t\t\tdata-image-id=\"9063\"\n\t\t\tdata-image-name=\"bkp_IMG_9622.JPG\"\n\t\t\tdata-title=\"bkp_IMG_9622\"\n\t\t\tdata-description=\"\"\n\t\t\tdata-image-slug=\"bkp_img_9622\"\n\t\t\t\t\t\t\t\t\t\t\t\t\t\t\t\t\t\t\t\tclass=\"ngg-fancybox\" rel=\"9d113a58637d1d3e6dbf0c71daac4baa\">\n\t\t\t\t\t\t\t\t<img\n\t\t\t\t\ttitle=\"bkp_IMG_9622\"\n\t\t\t\t\talt=\"bkp_IMG_9622\"\n\t\t\t\t\tsrc=\"https:\/\/www.slatina.hr\/portal\/wp-content\/gallery\/2-9-2023-vijenci-dan-grada\/thumbs\/thumbs_bkp_IMG_9622.JPG?t=1693675210\"\n\t\t\t\t\twidth=\"240\"\n\t\t\t\t\theight=\"160\"\n\t\t\t\t\tstyle=\"max-width:100%;\"\n\t\t\t\t\/>\n\t\t\t<\/a>\n\t\t<\/div>\n\t\t\t\t\t\t\t<\/div>\n\t\t\t\n\t\t\t\t<div id=\"ngg-image-7\" class=\"ngg-gallery-thumbnail-box\n\t\t\t\t\t\t\t\t\t\t\t\"\n\t\t\t>\n\t\t\t\t\t\t<div class=\"ngg-gallery-thumbnail\">\n\t\t<a href=\"https:\/\/www.slatina.hr\/portal\/wp-content\/gallery\/2-9-2023-vijenci-dan-grada\/bkp_IMG_9644.JPG?t=1693675211\"\n\t\t\ttitle=\"\"\n\t\t\tdata-src=\"https:\/\/www.slatina.hr\/portal\/wp-content\/gallery\/2-9-2023-vijenci-dan-grada\/bkp_IMG_9644.JPG?t=1693675211\"\n\t\t\tdata-thumbnail=\"https:\/\/www.slatina.hr\/portal\/wp-content\/gallery\/2-9-2023-vijenci-dan-grada\/thumbs\/thumbs_bkp_IMG_9644.JPG?t=1693675211\"\n\t\t\tdata-image-id=\"9064\"\n\t\t\tdata-image-name=\"bkp_IMG_9644.JPG\"\n\t\t\tdata-title=\"bkp_IMG_9644\"\n\t\t\tdata-description=\"\"\n\t\t\tdata-image-slug=\"bkp_img_9644\"\n\t\t\t\t\t\t\t\t\t\t\t\t\t\t\t\t\t\t\t\tclass=\"ngg-fancybox\" rel=\"9d113a58637d1d3e6dbf0c71daac4baa\">\n\t\t\t\t\t\t\t\t<img\n\t\t\t\t\ttitle=\"bkp_IMG_9644\"\n\t\t\t\t\talt=\"bkp_IMG_9644\"\n\t\t\t\t\tsrc=\"https:\/\/www.slatina.hr\/portal\/wp-content\/gallery\/2-9-2023-vijenci-dan-grada\/thumbs\/thumbs_bkp_IMG_9644.JPG?t=1693675211\"\n\t\t\t\t\twidth=\"240\"\n\t\t\t\t\theight=\"160\"\n\t\t\t\t\tstyle=\"max-width:100%;\"\n\t\t\t\t\/>\n\t\t\t<\/a>\n\t\t<\/div>\n\t\t\t\t\t\t\t<\/div>\n\t\t\t\n\t\t\t\t<div id=\"ngg-image-8\" class=\"ngg-gallery-thumbnail-box\n\t\t\t\t\t\t\t\t\t\t\t\"\n\t\t\t>\n\t\t\t\t\t\t<div class=\"ngg-gallery-thumbnail\">\n\t\t<a href=\"https:\/\/www.slatina.hr\/portal\/wp-content\/gallery\/2-9-2023-vijenci-dan-grada\/bkp_IMG_9638.JPG?t=1693675212\"\n\t\t\ttitle=\"\"\n\t\t\tdata-src=\"https:\/\/www.slatina.hr\/portal\/wp-content\/gallery\/2-9-2023-vijenci-dan-grada\/bkp_IMG_9638.JPG?t=1693675212\"\n\t\t\tdata-thumbnail=\"https:\/\/www.slatina.hr\/portal\/wp-content\/gallery\/2-9-2023-vijenci-dan-grada\/thumbs\/thumbs_bkp_IMG_9638.JPG?t=1693675212\"\n\t\t\tdata-image-id=\"9065\"\n\t\t\tdata-image-name=\"bkp_IMG_9638.JPG\"\n\t\t\tdata-title=\"bkp_IMG_9638\"\n\t\t\tdata-description=\"\"\n\t\t\tdata-image-slug=\"bkp_img_9638\"\n\t\t\t\t\t\t\t\t\t\t\t\t\t\t\t\t\t\t\t\tclass=\"ngg-fancybox\" rel=\"9d113a58637d1d3e6dbf0c71daac4baa\">\n\t\t\t\t\t\t\t\t<img\n\t\t\t\t\ttitle=\"bkp_IMG_9638\"\n\t\t\t\t\talt=\"bkp_IMG_9638\"\n\t\t\t\t\tsrc=\"https:\/\/www.slatina.hr\/portal\/wp-content\/gallery\/2-9-2023-vijenci-dan-grada\/thumbs\/thumbs_bkp_IMG_9638.JPG?t=1693675212\"\n\t\t\t\t\twidth=\"240\"\n\t\t\t\t\theight=\"160\"\n\t\t\t\t\tstyle=\"max-width:100%;\"\n\t\t\t\t\/>\n\t\t\t<\/a>\n\t\t<\/div>\n\t\t\t\t\t\t\t<\/div>\n\t\t\t\n\t\t\t\t<div id=\"ngg-image-9\" class=\"ngg-gallery-thumbnail-box\n\t\t\t\t\t\t\t\t\t\t\t\"\n\t\t\t>\n\t\t\t\t\t\t<div class=\"ngg-gallery-thumbnail\">\n\t\t<a href=\"https:\/\/www.slatina.hr\/portal\/wp-content\/gallery\/2-9-2023-vijenci-dan-grada\/bkp_IMG_9651.JPG?t=1693675214\"\n\t\t\ttitle=\"\"\n\t\t\tdata-src=\"https:\/\/www.slatina.hr\/portal\/wp-content\/gallery\/2-9-2023-vijenci-dan-grada\/bkp_IMG_9651.JPG?t=1693675214\"\n\t\t\tdata-thumbnail=\"https:\/\/www.slatina.hr\/portal\/wp-content\/gallery\/2-9-2023-vijenci-dan-grada\/thumbs\/thumbs_bkp_IMG_9651.JPG?t=1693675214\"\n\t\t\tdata-image-id=\"9066\"\n\t\t\tdata-image-name=\"bkp_IMG_9651.JPG\"\n\t\t\tdata-title=\"bkp_IMG_9651\"\n\t\t\tdata-description=\"\"\n\t\t\tdata-image-slug=\"bkp_img_9651\"\n\t\t\t\t\t\t\t\t\t\t\t\t\t\t\t\t\t\t\t\tclass=\"ngg-fancybox\" rel=\"9d113a58637d1d3e6dbf0c71daac4baa\">\n\t\t\t\t\t\t\t\t<img\n\t\t\t\t\ttitle=\"bkp_IMG_9651\"\n\t\t\t\t\talt=\"bkp_IMG_9651\"\n\t\t\t\t\tsrc=\"https:\/\/www.slatina.hr\/portal\/wp-content\/gallery\/2-9-2023-vijenci-dan-grada\/thumbs\/thumbs_bkp_IMG_9651.JPG?t=1693675214\"\n\t\t\t\t\twidth=\"240\"\n\t\t\t\t\theight=\"160\"\n\t\t\t\t\tstyle=\"max-width:100%;\"\n\t\t\t\t\/>\n\t\t\t<\/a>\n\t\t<\/div>\n\t\t\t\t\t\t\t<\/div>\n\t\t\t\n\t\t\t\t<div id=\"ngg-image-10\" class=\"ngg-gallery-thumbnail-box\n\t\t\t\t\t\t\t\t\t\t\t\"\n\t\t\t>\n\t\t\t\t\t\t<div class=\"ngg-gallery-thumbnail\">\n\t\t<a href=\"https:\/\/www.slatina.hr\/portal\/wp-content\/gallery\/2-9-2023-vijenci-dan-grada\/bkp_IMG_9474.JPG?t=1693675214\"\n\t\t\ttitle=\"\"\n\t\t\tdata-src=\"https:\/\/www.slatina.hr\/portal\/wp-content\/gallery\/2-9-2023-vijenci-dan-grada\/bkp_IMG_9474.JPG?t=1693675214\"\n\t\t\tdata-thumbnail=\"https:\/\/www.slatina.hr\/portal\/wp-content\/gallery\/2-9-2023-vijenci-dan-grada\/thumbs\/thumbs_bkp_IMG_9474.JPG?t=1693675214\"\n\t\t\tdata-image-id=\"9067\"\n\t\t\tdata-image-name=\"bkp_IMG_9474.JPG\"\n\t\t\tdata-title=\"bkp_IMG_9474\"\n\t\t\tdata-description=\"\"\n\t\t\tdata-image-slug=\"bkp_img_9474\"\n\t\t\t\t\t\t\t\t\t\t\t\t\t\t\t\t\t\t\t\tclass=\"ngg-fancybox\" rel=\"9d113a58637d1d3e6dbf0c71daac4baa\">\n\t\t\t\t\t\t\t\t<img\n\t\t\t\t\ttitle=\"bkp_IMG_9474\"\n\t\t\t\t\talt=\"bkp_IMG_9474\"\n\t\t\t\t\tsrc=\"https:\/\/www.slatina.hr\/portal\/wp-content\/gallery\/2-9-2023-vijenci-dan-grada\/thumbs\/thumbs_bkp_IMG_9474.JPG?t=1693675214\"\n\t\t\t\t\twidth=\"240\"\n\t\t\t\t\theight=\"160\"\n\t\t\t\t\tstyle=\"max-width:100%;\"\n\t\t\t\t\/>\n\t\t\t<\/a>\n\t\t<\/div>\n\t\t\t\t\t\t\t<\/div>\n\t\t\t\n\t\t\t\t<div id=\"ngg-image-11\" class=\"ngg-gallery-thumbnail-box\n\t\t\t\t\t\t\t\t\t\t\t\"\n\t\t\t>\n\t\t\t\t\t\t<div class=\"ngg-gallery-thumbnail\">\n\t\t<a href=\"https:\/\/www.slatina.hr\/portal\/wp-content\/gallery\/2-9-2023-vijenci-dan-grada\/bkp_IMG_9661.JPG?t=1693675215\"\n\t\t\ttitle=\"\"\n\t\t\tdata-src=\"https:\/\/www.slatina.hr\/portal\/wp-content\/gallery\/2-9-2023-vijenci-dan-grada\/bkp_IMG_9661.JPG?t=1693675215\"\n\t\t\tdata-thumbnail=\"https:\/\/www.slatina.hr\/portal\/wp-content\/gallery\/2-9-2023-vijenci-dan-grada\/thumbs\/thumbs_bkp_IMG_9661.JPG?t=1693675215\"\n\t\t\tdata-image-id=\"9068\"\n\t\t\tdata-image-name=\"bkp_IMG_9661.JPG\"\n\t\t\tdata-title=\"bkp_IMG_9661\"\n\t\t\tdata-description=\"\"\n\t\t\tdata-image-slug=\"bkp_img_9661\"\n\t\t\t\t\t\t\t\t\t\t\t\t\t\t\t\t\t\t\t\tclass=\"ngg-fancybox\" rel=\"9d113a58637d1d3e6dbf0c71daac4baa\">\n\t\t\t\t\t\t\t\t<img\n\t\t\t\t\ttitle=\"bkp_IMG_9661\"\n\t\t\t\t\talt=\"bkp_IMG_9661\"\n\t\t\t\t\tsrc=\"https:\/\/www.slatina.hr\/portal\/wp-content\/gallery\/2-9-2023-vijenci-dan-grada\/thumbs\/thumbs_bkp_IMG_9661.JPG?t=1693675215\"\n\t\t\t\t\twidth=\"240\"\n\t\t\t\t\theight=\"160\"\n\t\t\t\t\tstyle=\"max-width:100%;\"\n\t\t\t\t\/>\n\t\t\t<\/a>\n\t\t<\/div>\n\t\t\t\t\t\t\t<\/div>\n\t\t\t\n\t\t\t\t<div id=\"ngg-image-12\" class=\"ngg-gallery-thumbnail-box\n\t\t\t\t\t\t\t\t\t\t\t\"\n\t\t\t>\n\t\t\t\t\t\t<div class=\"ngg-gallery-thumbnail\">\n\t\t<a href=\"https:\/\/www.slatina.hr\/portal\/wp-content\/gallery\/2-9-2023-vijenci-dan-grada\/bkp_IMG_9482.JPG?t=1693675215\"\n\t\t\ttitle=\"\"\n\t\t\tdata-src=\"https:\/\/www.slatina.hr\/portal\/wp-content\/gallery\/2-9-2023-vijenci-dan-grada\/bkp_IMG_9482.JPG?t=1693675215\"\n\t\t\tdata-thumbnail=\"https:\/\/www.slatina.hr\/portal\/wp-content\/gallery\/2-9-2023-vijenci-dan-grada\/thumbs\/thumbs_bkp_IMG_9482.JPG?t=1693675215\"\n\t\t\tdata-image-id=\"9069\"\n\t\t\tdata-image-name=\"bkp_IMG_9482.JPG\"\n\t\t\tdata-title=\"bkp_IMG_9482\"\n\t\t\tdata-description=\"\"\n\t\t\tdata-image-slug=\"bkp_img_9482\"\n\t\t\t\t\t\t\t\t\t\t\t\t\t\t\t\t\t\t\t\tclass=\"ngg-fancybox\" rel=\"9d113a58637d1d3e6dbf0c71daac4baa\">\n\t\t\t\t\t\t\t\t<img\n\t\t\t\t\ttitle=\"bkp_IMG_9482\"\n\t\t\t\t\talt=\"bkp_IMG_9482\"\n\t\t\t\t\tsrc=\"https:\/\/www.slatina.hr\/portal\/wp-content\/gallery\/2-9-2023-vijenci-dan-grada\/thumbs\/thumbs_bkp_IMG_9482.JPG?t=1693675215\"\n\t\t\t\t\twidth=\"240\"\n\t\t\t\t\theight=\"160\"\n\t\t\t\t\tstyle=\"max-width:100%;\"\n\t\t\t\t\/>\n\t\t\t<\/a>\n\t\t<\/div>\n\t\t\t\t\t\t\t<\/div>\n\t\t\t\n\t\t\t\t<div id=\"ngg-image-13\" class=\"ngg-gallery-thumbnail-box\n\t\t\t\t\t\t\t\t\t\t\t\"\n\t\t\t>\n\t\t\t\t\t\t<div class=\"ngg-gallery-thumbnail\">\n\t\t<a href=\"https:\/\/www.slatina.hr\/portal\/wp-content\/gallery\/2-9-2023-vijenci-dan-grada\/bkp_IMG_9486.JPG?t=1693675215\"\n\t\t\ttitle=\"\"\n\t\t\tdata-src=\"https:\/\/www.slatina.hr\/portal\/wp-content\/gallery\/2-9-2023-vijenci-dan-grada\/bkp_IMG_9486.JPG?t=1693675215\"\n\t\t\tdata-thumbnail=\"https:\/\/www.slatina.hr\/portal\/wp-content\/gallery\/2-9-2023-vijenci-dan-grada\/thumbs\/thumbs_bkp_IMG_9486.JPG?t=1693675215\"\n\t\t\tdata-image-id=\"9070\"\n\t\t\tdata-image-name=\"bkp_IMG_9486.JPG\"\n\t\t\tdata-title=\"bkp_IMG_9486\"\n\t\t\tdata-description=\"\"\n\t\t\tdata-image-slug=\"bkp_img_9486\"\n\t\t\t\t\t\t\t\t\t\t\t\t\t\t\t\t\t\t\t\tclass=\"ngg-fancybox\" rel=\"9d113a58637d1d3e6dbf0c71daac4baa\">\n\t\t\t\t\t\t\t\t<img\n\t\t\t\t\ttitle=\"bkp_IMG_9486\"\n\t\t\t\t\talt=\"bkp_IMG_9486\"\n\t\t\t\t\tsrc=\"https:\/\/www.slatina.hr\/portal\/wp-content\/gallery\/2-9-2023-vijenci-dan-grada\/thumbs\/thumbs_bkp_IMG_9486.JPG?t=1693675215\"\n\t\t\t\t\twidth=\"240\"\n\t\t\t\t\theight=\"160\"\n\t\t\t\t\tstyle=\"max-width:100%;\"\n\t\t\t\t\/>\n\t\t\t<\/a>\n\t\t<\/div>\n\t\t\t\t\t\t\t<\/div>\n\t\t\t\n\t\t\t\t<div id=\"ngg-image-14\" class=\"ngg-gallery-thumbnail-box\n\t\t\t\t\t\t\t\t\t\t\t\"\n\t\t\t>\n\t\t\t\t\t\t<div class=\"ngg-gallery-thumbnail\">\n\t\t<a href=\"https:\/\/www.slatina.hr\/portal\/wp-content\/gallery\/2-9-2023-vijenci-dan-grada\/bkp_IMG_9487.JPG?t=1693675216\"\n\t\t\ttitle=\"\"\n\t\t\tdata-src=\"https:\/\/www.slatina.hr\/portal\/wp-content\/gallery\/2-9-2023-vijenci-dan-grada\/bkp_IMG_9487.JPG?t=1693675216\"\n\t\t\tdata-thumbnail=\"https:\/\/www.slatina.hr\/portal\/wp-content\/gallery\/2-9-2023-vijenci-dan-grada\/thumbs\/thumbs_bkp_IMG_9487.JPG?t=1693675216\"\n\t\t\tdata-image-id=\"9071\"\n\t\t\tdata-image-name=\"bkp_IMG_9487.JPG\"\n\t\t\tdata-title=\"bkp_IMG_9487\"\n\t\t\tdata-description=\"\"\n\t\t\tdata-image-slug=\"bkp_img_9487\"\n\t\t\t\t\t\t\t\t\t\t\t\t\t\t\t\t\t\t\t\tclass=\"ngg-fancybox\" rel=\"9d113a58637d1d3e6dbf0c71daac4baa\">\n\t\t\t\t\t\t\t\t<img\n\t\t\t\t\ttitle=\"bkp_IMG_9487\"\n\t\t\t\t\talt=\"bkp_IMG_9487\"\n\t\t\t\t\tsrc=\"https:\/\/www.slatina.hr\/portal\/wp-content\/gallery\/2-9-2023-vijenci-dan-grada\/thumbs\/thumbs_bkp_IMG_9487.JPG?t=1693675216\"\n\t\t\t\t\twidth=\"240\"\n\t\t\t\t\theight=\"160\"\n\t\t\t\t\tstyle=\"max-width:100%;\"\n\t\t\t\t\/>\n\t\t\t<\/a>\n\t\t<\/div>\n\t\t\t\t\t\t\t<\/div>\n\t\t\t\n\t\t\t\t<div id=\"ngg-image-15\" class=\"ngg-gallery-thumbnail-box\n\t\t\t\t\t\t\t\t\t\t\t\"\n\t\t\t>\n\t\t\t\t\t\t<div class=\"ngg-gallery-thumbnail\">\n\t\t<a href=\"https:\/\/www.slatina.hr\/portal\/wp-content\/gallery\/2-9-2023-vijenci-dan-grada\/bkp_IMG_9511.JPG?t=1693675219\"\n\t\t\ttitle=\"\"\n\t\t\tdata-src=\"https:\/\/www.slatina.hr\/portal\/wp-content\/gallery\/2-9-2023-vijenci-dan-grada\/bkp_IMG_9511.JPG?t=1693675219\"\n\t\t\tdata-thumbnail=\"https:\/\/www.slatina.hr\/portal\/wp-content\/gallery\/2-9-2023-vijenci-dan-grada\/thumbs\/thumbs_bkp_IMG_9511.JPG?t=1693675219\"\n\t\t\tdata-image-id=\"9072\"\n\t\t\tdata-image-name=\"bkp_IMG_9511.JPG\"\n\t\t\tdata-title=\"bkp_IMG_9511\"\n\t\t\tdata-description=\"\"\n\t\t\tdata-image-slug=\"bkp_img_9511\"\n\t\t\t\t\t\t\t\t\t\t\t\t\t\t\t\t\t\t\t\tclass=\"ngg-fancybox\" rel=\"9d113a58637d1d3e6dbf0c71daac4baa\">\n\t\t\t\t\t\t\t\t<img\n\t\t\t\t\ttitle=\"bkp_IMG_9511\"\n\t\t\t\t\talt=\"bkp_IMG_9511\"\n\t\t\t\t\tsrc=\"https:\/\/www.slatina.hr\/portal\/wp-content\/gallery\/2-9-2023-vijenci-dan-grada\/thumbs\/thumbs_bkp_IMG_9511.JPG?t=1693675219\"\n\t\t\t\t\twidth=\"240\"\n\t\t\t\t\theight=\"160\"\n\t\t\t\t\tstyle=\"max-width:100%;\"\n\t\t\t\t\/>\n\t\t\t<\/a>\n\t\t<\/div>\n\t\t\t\t\t\t\t<\/div>\n\t\t\t\n\t\t\t\t<div id=\"ngg-image-16\" class=\"ngg-gallery-thumbnail-box\n\t\t\t\t\t\t\t\t\t\t\t\"\n\t\t\t>\n\t\t\t\t\t\t<div class=\"ngg-gallery-thumbnail\">\n\t\t<a href=\"https:\/\/www.slatina.hr\/portal\/wp-content\/gallery\/2-9-2023-vijenci-dan-grada\/bkp_IMG_9507.JPG?t=1693675220\"\n\t\t\ttitle=\"\"\n\t\t\tdata-src=\"https:\/\/www.slatina.hr\/portal\/wp-content\/gallery\/2-9-2023-vijenci-dan-grada\/bkp_IMG_9507.JPG?t=1693675220\"\n\t\t\tdata-thumbnail=\"https:\/\/www.slatina.hr\/portal\/wp-content\/gallery\/2-9-2023-vijenci-dan-grada\/thumbs\/thumbs_bkp_IMG_9507.JPG?t=1693675220\"\n\t\t\tdata-image-id=\"9073\"\n\t\t\tdata-image-name=\"bkp_IMG_9507.JPG\"\n\t\t\tdata-title=\"bkp_IMG_9507\"\n\t\t\tdata-description=\"\"\n\t\t\tdata-image-slug=\"bkp_img_9507\"\n\t\t\t\t\t\t\t\t\t\t\t\t\t\t\t\t\t\t\t\tclass=\"ngg-fancybox\" rel=\"9d113a58637d1d3e6dbf0c71daac4baa\">\n\t\t\t\t\t\t\t\t<img\n\t\t\t\t\ttitle=\"bkp_IMG_9507\"\n\t\t\t\t\talt=\"bkp_IMG_9507\"\n\t\t\t\t\tsrc=\"https:\/\/www.slatina.hr\/portal\/wp-content\/gallery\/2-9-2023-vijenci-dan-grada\/thumbs\/thumbs_bkp_IMG_9507.JPG?t=1693675220\"\n\t\t\t\t\twidth=\"240\"\n\t\t\t\t\theight=\"160\"\n\t\t\t\t\tstyle=\"max-width:100%;\"\n\t\t\t\t\/>\n\t\t\t<\/a>\n\t\t<\/div>\n\t\t\t\t\t\t\t<\/div>\n\t\t\t\n\t\t\t\t<div id=\"ngg-image-17\" class=\"ngg-gallery-thumbnail-box\n\t\t\t\t\t\t\t\t\t\t\t\"\n\t\t\t>\n\t\t\t\t\t\t<div class=\"ngg-gallery-thumbnail\">\n\t\t<a href=\"https:\/\/www.slatina.hr\/portal\/wp-content\/gallery\/2-9-2023-vijenci-dan-grada\/bkp_IMG_9524.JPG?t=1693675220\"\n\t\t\ttitle=\"\"\n\t\t\tdata-src=\"https:\/\/www.slatina.hr\/portal\/wp-content\/gallery\/2-9-2023-vijenci-dan-grada\/bkp_IMG_9524.JPG?t=1693675220\"\n\t\t\tdata-thumbnail=\"https:\/\/www.slatina.hr\/portal\/wp-content\/gallery\/2-9-2023-vijenci-dan-grada\/thumbs\/thumbs_bkp_IMG_9524.JPG?t=1693675220\"\n\t\t\tdata-image-id=\"9074\"\n\t\t\tdata-image-name=\"bkp_IMG_9524.JPG\"\n\t\t\tdata-title=\"bkp_IMG_9524\"\n\t\t\tdata-description=\"\"\n\t\t\tdata-image-slug=\"bkp_img_9524\"\n\t\t\t\t\t\t\t\t\t\t\t\t\t\t\t\t\t\t\t\tclass=\"ngg-fancybox\" rel=\"9d113a58637d1d3e6dbf0c71daac4baa\">\n\t\t\t\t\t\t\t\t<img\n\t\t\t\t\ttitle=\"bkp_IMG_9524\"\n\t\t\t\t\talt=\"bkp_IMG_9524\"\n\t\t\t\t\tsrc=\"https:\/\/www.slatina.hr\/portal\/wp-content\/gallery\/2-9-2023-vijenci-dan-grada\/thumbs\/thumbs_bkp_IMG_9524.JPG?t=1693675220\"\n\t\t\t\t\twidth=\"240\"\n\t\t\t\t\theight=\"160\"\n\t\t\t\t\tstyle=\"max-width:100%;\"\n\t\t\t\t\/>\n\t\t\t<\/a>\n\t\t<\/div>\n\t\t\t\t\t\t\t<\/div>\n\t\t\t\n\t\t\t\t<div id=\"ngg-image-18\" class=\"ngg-gallery-thumbnail-box\n\t\t\t\t\t\t\t\t\t\t\t\"\n\t\t\t>\n\t\t\t\t\t\t<div class=\"ngg-gallery-thumbnail\">\n\t\t<a href=\"https:\/\/www.slatina.hr\/portal\/wp-content\/gallery\/2-9-2023-vijenci-dan-grada\/bkp_IMG_9536.JPG?t=1693675221\"\n\t\t\ttitle=\"\"\n\t\t\tdata-src=\"https:\/\/www.slatina.hr\/portal\/wp-content\/gallery\/2-9-2023-vijenci-dan-grada\/bkp_IMG_9536.JPG?t=1693675221\"\n\t\t\tdata-thumbnail=\"https:\/\/www.slatina.hr\/portal\/wp-content\/gallery\/2-9-2023-vijenci-dan-grada\/thumbs\/thumbs_bkp_IMG_9536.JPG?t=1693675221\"\n\t\t\tdata-image-id=\"9075\"\n\t\t\tdata-image-name=\"bkp_IMG_9536.JPG\"\n\t\t\tdata-title=\"bkp_IMG_9536\"\n\t\t\tdata-description=\"\"\n\t\t\tdata-image-slug=\"bkp_img_9536\"\n\t\t\t\t\t\t\t\t\t\t\t\t\t\t\t\t\t\t\t\tclass=\"ngg-fancybox\" rel=\"9d113a58637d1d3e6dbf0c71daac4baa\">\n\t\t\t\t\t\t\t\t<img\n\t\t\t\t\ttitle=\"bkp_IMG_9536\"\n\t\t\t\t\talt=\"bkp_IMG_9536\"\n\t\t\t\t\tsrc=\"https:\/\/www.slatina.hr\/portal\/wp-content\/gallery\/2-9-2023-vijenci-dan-grada\/thumbs\/thumbs_bkp_IMG_9536.JPG?t=1693675221\"\n\t\t\t\t\twidth=\"240\"\n\t\t\t\t\theight=\"160\"\n\t\t\t\t\tstyle=\"max-width:100%;\"\n\t\t\t\t\/>\n\t\t\t<\/a>\n\t\t<\/div>\n\t\t\t\t\t\t\t<\/div>\n\t\t\t\n\t\t\t\t<div id=\"ngg-image-19\" class=\"ngg-gallery-thumbnail-box\n\t\t\t\t\t\t\t\t\t\t\t\"\n\t\t\t>\n\t\t\t\t\t\t<div class=\"ngg-gallery-thumbnail\">\n\t\t<a href=\"https:\/\/www.slatina.hr\/portal\/wp-content\/gallery\/2-9-2023-vijenci-dan-grada\/bkp_IMG_9556.JPG?t=1693675221\"\n\t\t\ttitle=\"\"\n\t\t\tdata-src=\"https:\/\/www.slatina.hr\/portal\/wp-content\/gallery\/2-9-2023-vijenci-dan-grada\/bkp_IMG_9556.JPG?t=1693675221\"\n\t\t\tdata-thumbnail=\"https:\/\/www.slatina.hr\/portal\/wp-content\/gallery\/2-9-2023-vijenci-dan-grada\/thumbs\/thumbs_bkp_IMG_9556.JPG?t=1693675221\"\n\t\t\tdata-image-id=\"9076\"\n\t\t\tdata-image-name=\"bkp_IMG_9556.JPG\"\n\t\t\tdata-title=\"bkp_IMG_9556\"\n\t\t\tdata-description=\"\"\n\t\t\tdata-image-slug=\"bkp_img_9556\"\n\t\t\t\t\t\t\t\t\t\t\t\t\t\t\t\t\t\t\t\tclass=\"ngg-fancybox\" rel=\"9d113a58637d1d3e6dbf0c71daac4baa\">\n\t\t\t\t\t\t\t\t<img\n\t\t\t\t\ttitle=\"bkp_IMG_9556\"\n\t\t\t\t\talt=\"bkp_IMG_9556\"\n\t\t\t\t\tsrc=\"https:\/\/www.slatina.hr\/portal\/wp-content\/gallery\/2-9-2023-vijenci-dan-grada\/thumbs\/thumbs_bkp_IMG_9556.JPG?t=1693675221\"\n\t\t\t\t\twidth=\"240\"\n\t\t\t\t\theight=\"160\"\n\t\t\t\t\tstyle=\"max-width:100%;\"\n\t\t\t\t\/>\n\t\t\t<\/a>\n\t\t<\/div>\n\t\t\t\t\t\t\t<\/div>\n\t\t\t\n\t\n\t<br style=\"clear: both\" \/>\n\n\t\n\t\t<!-- Pagination -->\n\t\t<div class='ngg-navigation'><span class='current'>1<\/span>\n<a class='page-numbers' data-pageid='2' href='https:\/\/www.slatina.hr\/portal\/u-povodu-dana-drzavnosti-polozeni-vijenci-i-zapaljene-svijece\/nggallery\/page\/2'>2<\/a>\n<a class='prev' href='https:\/\/www.slatina.hr\/portal\/u-povodu-dana-drzavnosti-polozeni-vijenci-i-zapaljene-svijece\/nggallery\/page\/2' data-pageid=\"2\">&#9658;<\/a><\/div>\t<\/div>\n<\/p>\n","protected":false},"excerpt":{"rendered":"<p>U povodu Dana dr\u017eavnosti Republike Hrvatske polo\u017eeni su vijenci i zapaljene svije\u0107e na Spomen obilje\u017eju hrvatskim braniteljima poginulim u Domovinskom ratu, na Viroviti\u010dkom gradskom groblju.<span class=\"excerpt-hellip\"> [\u2026]<\/span><\/p>\n","protected":false},"author":1,"featured_media":11132,"comment_status":"closed","ping_status":"closed","sticky":false,"template":"","format":"standard","meta":{"ngg_post_thumbnail":0,"footnotes":""},"categories":[138],"tags":[],"class_list":["post-11114","post","type-post","status-publish","format-standard","has-post-thumbnail","hentry","category-zupanija-i-opcine"],"_links":{"self":[{"href":"https:\/\/www.slatina.hr\/portal\/wp-json\/wp\/v2\/posts\/11114","targetHints":{"allow":["GET"]}}],"collection":[{"href":"https:\/\/www.slatina.hr\/portal\/wp-json\/wp\/v2\/posts"}],"about":[{"href":"https:\/\/www.slatina.hr\/portal\/wp-json\/wp\/v2\/types\/post"}],"author":[{"embeddable":true,"href":"https:\/\/www.slatina.hr\/portal\/wp-json\/wp\/v2\/users\/1"}],"replies":[{"embeddable":true,"href":"https:\/\/www.slatina.hr\/portal\/wp-json\/wp\/v2\/comments?post=11114"}],"version-history":[{"count":0,"href":"https:\/\/www.slatina.hr\/portal\/wp-json\/wp\/v2\/posts\/11114\/revisions"}],"wp:featuredmedia":[{"embeddable":true,"href":"https:\/\/www.slatina.hr\/portal\/wp-json\/wp\/v2\/media\/11132"}],"wp:attachment":[{"href":"https:\/\/www.slatina.hr\/portal\/wp-json\/wp\/v2\/media?parent=11114"}],"wp:term":[{"taxonomy":"category","embeddable":true,"href":"https:\/\/www.slatina.hr\/portal\/wp-json\/wp\/v2\/categories?post=11114"},{"taxonomy":"post_tag","embeddable":true,"href":"https:\/\/www.slatina.hr\/portal\/wp-json\/wp\/v2\/tags?post=11114"}],"curies":[{"name":"wp","href":"https:\/\/api.w.org\/{rel}","templated":true}]}}