{"id":110973,"date":"2022-02-02T08:35:30","date_gmt":"2022-02-02T07:35:30","guid":{"rendered":"https:\/\/www.slatina.hr\/portal\/?p=110973"},"modified":"2022-02-02T08:35:30","modified_gmt":"2022-02-02T07:35:30","slug":"odrzana-5-sjednica-gradskog-vijeca-grada-slatine","status":"publish","type":"post","link":"https:\/\/www.slatina.hr\/portal\/odrzana-5-sjednica-gradskog-vijeca-grada-slatine\/","title":{"rendered":"Odr\u017eana 5. sjednica Gradskog vije\u0107a Grada Slatine"},"content":{"rendered":"<p>Ju\u010der je u Hrvatskom domu u Slatini odr\u017eana 5. sjednica Gradskog vije\u0107a Grada Slatine koja je pod predsjedanjem predsjednika Damira Jak\u0161i\u0107a zapo\u010dela izmjenama i dopunama Dnevnog reda koji je s prvotnih 13 u kona\u010dnici usvojen sa 17 to\u010daka, a o kojima je raspravljalo 13 prisutnih vije\u0107nika u nazo\u010dnosti gradona\u010delnika Grada Slatine Denisa Ostro\u0161i\u0107a i njegovog zamjenika Ilije Nikoli\u0107a te ravnatelja i direktora gradskih institucija i tvrtki.<\/p>\n<p>Nakon usvajanja izvoda iz zapisnika s prethodne sjednice uslijedio je aktualni sat na kojemu su se vije\u0107nici iz Kluba vije\u0107nika HDZ-HSLS zanimali za odr\u017eavanje izbora za \u010dlanove vije\u0107a mjesnih odbora, na \u0161to je predsjednik GV Damir Jak\u0161i\u0107 istaknuo kako je plan iste provesti u prvom tromjese\u010dju ove godine.<br \/>\nUslijedio je niz pitanja vezanih uz odr\u017eavanje makadamskih puteva na slatinskom podru\u010dju, postupak uklanjanja ru\u0161evnih ku\u0107a, odvoz biootpada i zakup poljoprivrednog zemlji\u0161ta u vlasni\u0161tvu Grada, a osvrnuli su se i na novi Zakon o sprje\u010davanju sukoba interesa.<br \/>\nGradska vije\u0107nica s liste SDP-a Sanja Mrzljak Jovani\u0107 zanimala se za energetsku obnovu stambenih zgrada i rad Dje\u010djeg gradskog vije\u0107a.<br \/>\nNjihova pitanja kao i ono Fokusove gradske vije\u0107nice Martine Tepe\u0161 vezano uz rad Dje\u010djeg vrti\u0107a Zeko u Slatini, odnosno popunjenih kapaciteta vrti\u0107a, osobito za djecu jasli\u010dkog uzrasta \u0161to je uzrok velikih lista \u010dekanja, te za sanaciju o\u0161te\u0107enja u vrti\u0107koj dvorani, s aktualnog sata preba\u010dena su pod to\u010dku 13. budu\u0107i da je pod tom to\u010dkom dnevnog reda bilo predvi\u0111eno Razmatranje Godi\u0161njeg Izvje\u0161\u0107a o radu Dje\u010djeg vrti\u0107a Zeko za pedago\u0161ku 2020.\/2021. godinu.<\/p>\n<p>Odgovore su ponudili zamjenica pro\u010delnika za projekte Upravnog odjela za razvoj grada Slatine Anita Rastija, direktor Slatina koma Sanjin Hmelik, gradona\u010delnik Denis Ostro\u0161i\u0107 i ravnateljica DV Zeko Sanela Valpovac Maurer koja je naglasila da je u vrti\u0107 upisano 252 djece i da na \u017ealost mjesta vi\u0161e nema. Na listi \u010dekanja je 50-ero djece od \u010dega \u010dak 30 jasli\u010dke dobi. Doznali smo kako se zavr\u0161etak dogradnje zgrade jaslica o\u010dekuje i ranije iako je krajnji rok u studenom ove godine tijekom koje \u0107e se, kako je rekao gradona\u010delnik Ostro\u0161i\u0107 pripremiti i sva potrebna dokumentacija za sanaciju vrti\u0107ke sportske dvorane. Naglasio je kako se u proteklih pet godina ulo\u017eilo jako puno u ovaj vrti\u0107 u kojemu je izme\u0111u ostaloga obavljena rekonstrukcija toaleta, uveden je internet u sve prostore, ure\u0111eno je dje\u010dje igrali\u0161te i sam okoli\u0161 vrti\u0107a s ugradnjom novih ograda koje su dodatno poja\u010dale sigurnost boravka djece, a ure\u0111en je i logopedski kabinet sa suvremenom opremom, te \u0107e se ulaganja u pobolj\u0161anje uvjeta nastaviti i dalje.&nbsp;<\/p>\n<p>Nakon aktualnog sata uslijedio je izbor predsjednika i \u010dlanova nekoliko odbora i povjerenstava za koje je prijedloge iznio predsjednik Komisije za izbor i imenovanja Tomo Tomi\u0107.<br \/>\nTako je za predsjednicu Odbora za predstavke i pritu\u017ebe imenovana Tamara Pal\u010di\u0107 dok su \u010dlanovi Martina Tepe\u0161, Svjetlana Cari\u0107, Izabela Jela\u010di\u0107 i Tomo Tomi\u0107.<br \/>\nNova predsjednica Odbora za razmatranje problematike ostvarivanja prava nacionalnih manjina je Ksenija Plantak, a \u010dlanovi su Dario Vrbaslija, Jovana Prpi\u0107, Dragana Uvali\u0107 i Ljubinka Pavlovi\u0107.<br \/>\nNa \u010delo Povjerenstva za procjenu \u0161teta od elementarnih nepogoda izabran je Davor \u017dubrini\u0107, dok su \u010dlanovi istoga Perica Medvedovi\u0107, Tomislav Vukovski i Dalibor Medved, te predsjednik mjesnog odbora podru\u010dja zahva\u0107enog elementarnom nepogodom.<br \/>\nZa predsjednika Povjerenstva za utvr\u0111ivanje prijedloga imena ulica i trgova izabran je Denis Ostro\u0161i\u0107, dok su \u010dlanovi Damir Jak\u0161i\u0107, Ksenija Plantak, Dario Vrbaslija, Igor Fazeka\u0161, Sr\u0111an \u0110uri\u010di\u0107 i Zorica Varga.&nbsp;<\/p>\n<p>U nastavku sjednice gradski su vije\u0107nici tako\u0111er jednoglasno razmotrili i prihvatili niz informacija i izvje\u0161\u0107a te donijeli nekoliko odluka, osim Odluke o stavljanju izvan snage Detaljnog plana ure\u0111enja \u201eCentar\u201c Slatina, o kojemu je poja\u0161njenje ponudila voditeljica Odsjeka za prostorno ure\u0111enje pri Upravnom odjelu za razvoj Grada Vesna Klement, te su se nakon kra\u0107e rasprave vije\u0107nici iz Kluba vije\u0107nika HDZ-HSLS po toj to\u010dci dnevnog reda izjasnili suzdr\u017eanim glasom.<\/p>\n<p>Tako su izme\u0111u ostaloga, uz prihva\u0107eni amandman od strane gradona\u010delnika Ostro\u0161i\u0107a, usvojili Odluku o dono\u0161enju III. izmjena i dopuna Urbanisti\u010dkog plana ure\u0111enja grada Slatine, kao i Odluku o dono\u0161enju Urbanisti\u010dkog plana ure\u0111enja \u201eCentar\u201c Slatina.<\/p>\n<p>Prihvatili su informaciju o izvr\u0161enju Programa rada Gradskog vije\u0107a Grada Slatine u razdoblju od 1. sije\u010dnja do 31. prosinca 2021. godine, kao i prijedlog Programa rada Gradskog vije\u0107a Grada Slatine za 2022. godinu.<\/p>\n<p>Razmotrili su i Izvje\u0161\u0107e o stanju provedbe Godi\u0161njeg provedbenog plana unapre\u0111enja za\u0161tite od po\u017eara za podru\u010dje Grada Slatine za 2021. godinu, te usvojili isti za 2022. godinu.<\/p>\n<p>Izme\u0111u ostaloga gradski su vije\u0107nici razmotrili i Informaciju o stanju sigurnosti na podru\u010dju Grada Slatine koju je iznio na\u010delnik Policijske postaje Slatina Krunoslav Serti\u0107, a sve to mogli su pratiti svi zainteresirani gra\u0111ani tijekom izravnog prijenosa 5. sjednice Gradskog vije\u0107a Grada Slatine u programu Radio Slatine.<br \/>\n(www.radioslatina.hr)<\/p>\nngg_shortcode_0_placeholder\n","protected":false},"excerpt":{"rendered":"<p>Ju\u010der je u Hrvatskom domu u Slatini odr\u017eana 5. sjednica Gradskog vije\u0107a Grada Slatine koja je pod predsjedanjem predsjednika Damira Jak\u0161i\u0107a zapo\u010dela izmjenama i dopunama<span class=\"excerpt-hellip\"> [\u2026]<\/span><\/p>\n","protected":false},"author":5,"featured_media":111011,"comment_status":"closed","ping_status":"closed","sticky":false,"template":"","format":"standard","meta":{"ngg_post_thumbnail":0,"footnotes":""},"categories":[136,11,137],"tags":[],"class_list":["post-110973","post","type-post","status-publish","format-standard","has-post-thumbnail","hentry","category-grad-slatina","category-gradskovijece","category-naslovnica"],"_links":{"self":[{"href":"https:\/\/www.slatina.hr\/portal\/wp-json\/wp\/v2\/posts\/110973","targetHints":{"allow":["GET"]}}],"collection":[{"href":"https:\/\/www.slatina.hr\/portal\/wp-json\/wp\/v2\/posts"}],"about":[{"href":"https:\/\/www.slatina.hr\/portal\/wp-json\/wp\/v2\/types\/post"}],"author":[{"embeddable":true,"href":"https:\/\/www.slatina.hr\/portal\/wp-json\/wp\/v2\/users\/5"}],"replies":[{"embeddable":true,"href":"https:\/\/www.slatina.hr\/portal\/wp-json\/wp\/v2\/comments?post=110973"}],"version-history":[{"count":1,"href":"https:\/\/www.slatina.hr\/portal\/wp-json\/wp\/v2\/posts\/110973\/revisions"}],"predecessor-version":[{"id":111012,"href":"https:\/\/www.slatina.hr\/portal\/wp-json\/wp\/v2\/posts\/110973\/revisions\/111012"}],"wp:featuredmedia":[{"embeddable":true,"href":"https:\/\/www.slatina.hr\/portal\/wp-json\/wp\/v2\/media\/111011"}],"wp:attachment":[{"href":"https:\/\/www.slatina.hr\/portal\/wp-json\/wp\/v2\/media?parent=110973"}],"wp:term":[{"taxonomy":"category","embeddable":true,"href":"https:\/\/www.slatina.hr\/portal\/wp-json\/wp\/v2\/categories?post=110973"},{"taxonomy":"post_tag","embeddable":true,"href":"https:\/\/www.slatina.hr\/portal\/wp-json\/wp\/v2\/tags?post=110973"}],"curies":[{"name":"wp","href":"https:\/\/api.w.org\/{rel}","templated":true}]}}