{"id":110970,"date":"2022-02-01T08:57:52","date_gmt":"2022-02-01T07:57:52","guid":{"rendered":"https:\/\/www.slatina.hr\/portal\/?p=110970"},"modified":"2022-02-01T08:57:52","modified_gmt":"2022-02-01T07:57:52","slug":"grad-slatina-i-hrvatska-matica-iseljenika-pripremaju-obiljezavanje-30-obljetnice-task-force-a","status":"publish","type":"post","link":"https:\/\/www.slatina.hr\/portal\/grad-slatina-i-hrvatska-matica-iseljenika-pripremaju-obiljezavanje-30-obljetnice-task-force-a\/","title":{"rendered":"Grad Slatina i Hrvatska matica iseljenika pripremaju obilje\u017eavanje 30. obljetnice TASK FORCE-a"},"content":{"rendered":"<p>Na inicijativu slatinskog gradona\u010delnika Denisa Ostro\u0161i\u0107a u Gradskoj upravi Grada Slatine odr\u017ean je sastanak na kojemu se sastala radna skupina, a \u010diji su sudionici razmotrili i isplanirali obilje\u017eavanje 30. obljetnice TASK FORCE-a.<br \/>\nNa tu ideju do\u0161lo se iz razloga \u0161to je prvi Task Force odr\u017ean 1992. godine u Vo\u0107inu nedaleko Slatine, a nekolicina sudionika bili su i mladi iz Slatine.<\/p>\n<p>Projekt TASK FORCE pokrenula je mlade\u017e iz Kanade koja je okupila mlade iz svijeta i domovine, jo\u0161 u vrijeme ratnih zbivanja, kako bi pomogli ratom poru\u0161enom Vo\u0107inu, a potom i drugim mjestima diljem Hrvatske.<\/p>\n<p>Tako je u sklopu volonterskog programa \u201eTASK FORCE 1992.\u201c u organizaciji tada\u0161njih ministarstava RH (Iseljeni\u0161tva, Obnove i Obrane) te Povjereni\u0161tva Op\u0107ine Podravska Slatina i Mjesne zajednice Vo\u0107in organizirana prva akcija obnove pod nazivom \u201e\u017duljevi za Hrvatsku\u201c, a koju je u te\u0161ko stradalom Vo\u0107inu tijekom Domovinskog rata predvodio direktor projekta obnove Nik Vidak iz Kanade.<br \/>\nU akciji koja je trajala mjesec dana tijekom srpnja i kolovoza 1992. godine, sudjelovalo je \u010detrdesetak mladi\u0107a i djevojaka iz iseljene Hrvatske (Kanade, Australije, SAD-a, \u0160vicarske i drugih zemalja) koji su se pridru\u017eili hrvatskoj mlade\u017ei slatinskog kraja te zajedno radili na \u010di\u0161\u0107enju mjesta, kr\u010denju ru\u0161evina, ure\u0111enju uglavnom javnih objekata, ali i razru\u0161enih obiteljskih domova kako bi vratili \u017eivot u ovo mjesto podno Papuka i pomogli obnovu Hrvatske.<\/p>\n<p><img loading=\"lazy\" decoding=\"async\" class=\"alignnone size-full wp-image-231266\" src=\"https:\/\/www.radioslatina.hr\/wp-content\/uploads\/2022\/02\/20220201_084803_1024x768.jpg\" sizes=\"auto, (max-width: 1024px) 100vw, 1024px\" srcset=\"https:\/\/www.radioslatina.hr\/wp-content\/uploads\/2022\/02\/20220201_084803_1024x768.jpg 1024w, https:\/\/www.radioslatina.hr\/wp-content\/uploads\/2022\/02\/20220201_084803_1024x768-768x576.jpg 768w\" alt=\"\" width=\"1024\" height=\"768\"><\/p>\n<p>\u017delja ovih mladih ljudi bila je upoznati se s tada\u0161njim zbivanjima u Hrvatskoj i \u201eiz prve ruke\u201c osjetiti \u0161to su sve pre\u017eivjeli stanovnici ovoga podru\u010dja jer im je nezamislivo bilo onakvo zvjerstvo nad 45 nevinih \u017ertava koje su \u010detnici ostavili iza sebe u gotovo potpuno razru\u0161enom Vo\u0107inu.<\/p>\n<p>Bilo je to mjesec dana mukotrpnog rada, ali i upoznavanja i dru\u017eenja mladih u vo\u0107inskom kampu gdje su za njih organizirana razna predavanja, glazbene ve\u010deri, projekcije filmova, kazali\u0161ne predstave i sportski susreti te putovanja kroz koje su se mogli upoznati sa Slavonijom i Hrvatskom, na\u0161om kulturom i tradicijom.<\/p>\n<p><img loading=\"lazy\" decoding=\"async\" class=\"wp-image-231265 alignleft\" src=\"https:\/\/www.radioslatina.hr\/wp-content\/uploads\/2022\/02\/20220201_084853_1024x768-rotated.jpg\" alt=\"\" width=\"300\" height=\"400\">Sve to s \u201elica mjesta\u201c pratila je novinarska ekipa tada\u0161njeg Hrvatskog radija Radio stanice Podravska Slatina, te su se svakodnevnim izvje\u0161\u0107ima javljali Oliver Juki\u0107 i Igor Fazeka\u0161, a na kraju je izdan i TASK FORCE BILTEN \u010diji je urednik bio Denis Ostro\u0161i\u0107, a glavna i odgovorna urednica Jadranka Srdo\u010d.<\/p>\n<p>Hrvatska matica iseljenika od 1995. godine tradicionalno organizira volonterski program TASK FORCE u kojem mladi iz domovinske i iseljeni\u010dke zajednice sve do danas rade na o\u010duvanju okoli\u0161a, preure\u0111ivanju zapu\u0161tenih dijelova hrvatske prirodne ba\u0161tine, spomenika, kulturno-povijesnih zanimljivosti, \u0161to je dovelo do transformacije projekta u TASK FORCE ECO HERITAGE.<\/p>\n<p>\u2013 Uklju\u010divanje mladih je prirodna nu\u017enost, jer oni potje\u010du iz Hrvatske i nastojat \u0107e pridonijeti o\u010duvanju prirodnog okoli\u0161a i bogatstva te ga bolje upoznati, \u2013 istaknula je voditeljica projekta TASK FORCE Nives Antoljak iz Hrvatske matice iseljenika s kojom su na radnom sastanku u Slatini uz ve\u0107 spomenute, Denisa Ostro\u0161i\u0107a i Olivera Juki\u0107a razgovarali i, tako\u0111er tada\u0161nji sudionici akcije \u201e\u017duljevi za Hrvatsku\u201c, Ivona Bali\u0107 i Vladimir Jelen\u010di\u0107.<\/p>\n<p>Tijekom sastanka dogovorena je mogu\u0107nost obilje\u017eavanja 30 godina projekta u Slatini i Vo\u0107inu, s ciljem da se NE zaboravi, da se podsjeti doma\u0107a i javnost diljem svijeta na po\u017ertvovnost i anga\u017eman mladih u onim ratnim i poratnim vremenima te zbivanjima u proteklom mirnodopskom razdoblju i njihovu aktivnost koja i nadalje poma\u017ee obnovu Hrvatske.<\/p>\n<p>\u2013 Na taj na\u010din bismo se zahvalili na\u0161im mladima diljem svijeta koji su do sada bili uklju\u010deni u ovaj projekt i okupili ih ponovno u mjestu gdje je sve zapo\u010delo. Vjerujem da bi im bilo drago vidjeti kako je sve sada obnovljeno, \u2013 istaknuo je gradona\u010delnik Denis Ostro\u0161i\u0107 te naglasio kako bi poziv za sudjelovanje u programu obilje\u017eavanja 30. obljetnice bio upu\u0107en akterima od prije 30 godina, ali i svima onima koji su se uklju\u010dili u razne druge akcije u sklopu Task Force-a sve do danas.<\/p>\n<p>Na sastanku je predlo\u017eeno odr\u017eavanje obljetnice u lipnju ove godine kroz trodnevni program od 24. do 26. lipnja.&nbsp;<\/p>\n<p>Prvoga dana predvi\u0111eno je okupljanje te sve\u010dano obilje\u017eavanje obljetnice uz prezentaciju sa\u010duvanih materijala i prezentaciju presjeka Eco Heritage Task Force-a kad je ona bila u organizaciji Hrvatske matice iseljenika, te podjelu Zahvalnica.<\/p>\n<p>Sljede\u0107eg dana planirano je par sati volonterskog rada za sudionike, a potom i odlazak u Vo\u0107in uz dru\u017eenje, razgledavanje i zajedni\u010dki ru\u010dak u organizaciji Op\u0107ine Vo\u0107in dok je u nedjelju, posljednjeg dana programa, predvi\u0111eno sudjelovanje na svetoj misi u crkvi sv. Josipa u Slatini.<br \/>\n(www.radioslatina.hr)<\/p>\n<p><img loading=\"lazy\" decoding=\"async\" class=\"alignnone size-full wp-image-231262\" src=\"https:\/\/www.radioslatina.hr\/wp-content\/uploads\/2022\/02\/271757224_1006505949950142_2491955990378127482_n_1024x768.jpg\" sizes=\"auto, (max-width: 1024px) 100vw, 1024px\" srcset=\"https:\/\/www.radioslatina.hr\/wp-content\/uploads\/2022\/02\/271757224_1006505949950142_2491955990378127482_n_1024x768.jpg 1024w, https:\/\/www.radioslatina.hr\/wp-content\/uploads\/2022\/02\/271757224_1006505949950142_2491955990378127482_n_1024x768-768x576.jpg 768w\" alt=\"\" width=\"1024\" height=\"768\"><\/p>\n","protected":false},"excerpt":{"rendered":"<p>Na inicijativu slatinskog gradona\u010delnika Denisa Ostro\u0161i\u0107a u Gradskoj upravi Grada Slatine odr\u017ean je sastanak na kojemu se sastala radna skupina, a \u010diji su sudionici razmotrili<span class=\"excerpt-hellip\"> [\u2026]<\/span><\/p>\n","protected":false},"author":5,"featured_media":110971,"comment_status":"closed","ping_status":"closed","sticky":false,"template":"","format":"standard","meta":{"ngg_post_thumbnail":0,"footnotes":""},"categories":[136,137],"tags":[],"class_list":["post-110970","post","type-post","status-publish","format-standard","has-post-thumbnail","hentry","category-grad-slatina","category-naslovnica"],"_links":{"self":[{"href":"https:\/\/www.slatina.hr\/portal\/wp-json\/wp\/v2\/posts\/110970","targetHints":{"allow":["GET"]}}],"collection":[{"href":"https:\/\/www.slatina.hr\/portal\/wp-json\/wp\/v2\/posts"}],"about":[{"href":"https:\/\/www.slatina.hr\/portal\/wp-json\/wp\/v2\/types\/post"}],"author":[{"embeddable":true,"href":"https:\/\/www.slatina.hr\/portal\/wp-json\/wp\/v2\/users\/5"}],"replies":[{"embeddable":true,"href":"https:\/\/www.slatina.hr\/portal\/wp-json\/wp\/v2\/comments?post=110970"}],"version-history":[{"count":1,"href":"https:\/\/www.slatina.hr\/portal\/wp-json\/wp\/v2\/posts\/110970\/revisions"}],"predecessor-version":[{"id":110972,"href":"https:\/\/www.slatina.hr\/portal\/wp-json\/wp\/v2\/posts\/110970\/revisions\/110972"}],"wp:featuredmedia":[{"embeddable":true,"href":"https:\/\/www.slatina.hr\/portal\/wp-json\/wp\/v2\/media\/110971"}],"wp:attachment":[{"href":"https:\/\/www.slatina.hr\/portal\/wp-json\/wp\/v2\/media?parent=110970"}],"wp:term":[{"taxonomy":"category","embeddable":true,"href":"https:\/\/www.slatina.hr\/portal\/wp-json\/wp\/v2\/categories?post=110970"},{"taxonomy":"post_tag","embeddable":true,"href":"https:\/\/www.slatina.hr\/portal\/wp-json\/wp\/v2\/tags?post=110970"}],"curies":[{"name":"wp","href":"https:\/\/api.w.org\/{rel}","templated":true}]}}