{"id":110780,"date":"2022-01-15T18:36:24","date_gmt":"2022-01-15T17:36:24","guid":{"rendered":"https:\/\/www.slatina.hr\/portal\/?p=110780"},"modified":"2022-01-15T18:36:24","modified_gmt":"2022-01-15T17:36:24","slug":"gradonacelnik-i-dogradonacelnik-obisli-roditelje-poginulih-branitelja","status":"publish","type":"post","link":"https:\/\/www.slatina.hr\/portal\/gradonacelnik-i-dogradonacelnik-obisli-roditelje-poginulih-branitelja\/","title":{"rendered":"Gradona\u010delnik i dogradona\u010delnik obi\u0161li roditelje poginulih branitelja"},"content":{"rendered":"<p>Ju\u010der su u posjeti \u010dlanovima Udruge roditelja poginulih branitelja Domovinskog rata Slatina bili gradona\u010delnik Denis Ostro\u0161i\u0107 i njegov zamjenik ujedno i predsjednik slatinske Hvidre Ilija Nikoli\u0107.<\/p>\n<p>Susret je protekao u prijateljskom tonu, a u tom neobaveznom dru\u017eenju pretresene su brojne dru\u0161tvene teme. Naravno da je bilo rije\u010di i o aktivnostima udruge, ali i o problemima&nbsp; s kojima se \u010dlanovi susre\u0107u u svom radu. Naj\u010de\u0161\u0107e roditelji svoje susrete, kako je rekao predsjednik udruge Tomo Grahovac, uprili\u010duju na dane pogibije svoje djece i to na mjestima gdje su izgubila svoje \u017eivote. Obi\u010dno&nbsp; je to kod podignutih spomenika koji se nalaze ne ba\u0161 blizu prometnica na prili\u010dno, ukoliko se na vrijeme ne odr\u017eavaju, nepristupa\u010dnim mjestima. Iako sami odrade dosta tih poslova oko ure\u0111enja i ko\u0161nje puteva koji vode do tih mjesta, puno puta primorani su zatra\u017eiti i pomo\u0107 braniteljskih udruga oko tih poslova. I sami spomenici ne odolijevaju zubu vremena pa su i na tom polju u zadnje vrijeme potrebne&nbsp; \u010deste intervencije. No ono \u0161to mo\u017eda najvi\u0161e ti\u0161ti ovu tihu ponosnu skupinu ljudi je \u010dinjenica da se ve\u0107 godinama, rekao je Grahovac, odr\u017eavaju brojni memorijali za samo neke poginule branitelje. Tu svi \u010dlanovi udruge osje\u0107aju veliku nepravdu jer i oni bi voljeli kada bi netko na taj na\u010din obilje\u017eio sje\u0107anje, ne samo na njihovu djecu, ve\u0107 i na sve ostale sinove i k\u0107eri koji su dali svoj \u017eivot za voljenu zemlju. I gradona\u010delnik i njegov zamjenik znaju za taj problem, a njihova je zajedni\u010dka \u017eelja kada bi se za sve poginule branitelje organizirao jedan veliki objedinjeni memorijal. No i kako su sami rekli, ne mo\u017ee se nikome zabraniti da samoinicijativno organizira takvu vrst manifestacije, taj problem jedino mogu rije\u0161iti same braniteljske udruge koje bi trebale zajedno sjesti i poku\u0161ati prona\u0107i po svemu sude\u0107i nimalo lako, ali nasu\u0161no potrebno rje\u0161enje.<br \/>\n(www.radioslatina.hr)<\/p>\nngg_shortcode_0_placeholder\n","protected":false},"excerpt":{"rendered":"<p>Ju\u010der su u posjeti \u010dlanovima Udruge roditelja poginulih branitelja Domovinskog rata Slatina bili gradona\u010delnik Denis Ostro\u0161i\u0107 i njegov zamjenik ujedno i predsjednik slatinske Hvidre Ilija<span class=\"excerpt-hellip\"> [\u2026]<\/span><\/p>\n","protected":false},"author":5,"featured_media":110805,"comment_status":"closed","ping_status":"closed","sticky":false,"template":"","format":"standard","meta":{"ngg_post_thumbnail":0,"footnotes":""},"categories":[136,137],"tags":[],"class_list":["post-110780","post","type-post","status-publish","format-standard","has-post-thumbnail","hentry","category-grad-slatina","category-naslovnica"],"_links":{"self":[{"href":"https:\/\/www.slatina.hr\/portal\/wp-json\/wp\/v2\/posts\/110780","targetHints":{"allow":["GET"]}}],"collection":[{"href":"https:\/\/www.slatina.hr\/portal\/wp-json\/wp\/v2\/posts"}],"about":[{"href":"https:\/\/www.slatina.hr\/portal\/wp-json\/wp\/v2\/types\/post"}],"author":[{"embeddable":true,"href":"https:\/\/www.slatina.hr\/portal\/wp-json\/wp\/v2\/users\/5"}],"replies":[{"embeddable":true,"href":"https:\/\/www.slatina.hr\/portal\/wp-json\/wp\/v2\/comments?post=110780"}],"version-history":[{"count":1,"href":"https:\/\/www.slatina.hr\/portal\/wp-json\/wp\/v2\/posts\/110780\/revisions"}],"predecessor-version":[{"id":110806,"href":"https:\/\/www.slatina.hr\/portal\/wp-json\/wp\/v2\/posts\/110780\/revisions\/110806"}],"wp:featuredmedia":[{"embeddable":true,"href":"https:\/\/www.slatina.hr\/portal\/wp-json\/wp\/v2\/media\/110805"}],"wp:attachment":[{"href":"https:\/\/www.slatina.hr\/portal\/wp-json\/wp\/v2\/media?parent=110780"}],"wp:term":[{"taxonomy":"category","embeddable":true,"href":"https:\/\/www.slatina.hr\/portal\/wp-json\/wp\/v2\/categories?post=110780"},{"taxonomy":"post_tag","embeddable":true,"href":"https:\/\/www.slatina.hr\/portal\/wp-json\/wp\/v2\/tags?post=110780"}],"curies":[{"name":"wp","href":"https:\/\/api.w.org\/{rel}","templated":true}]}}