{"id":110711,"date":"2022-01-07T20:25:21","date_gmt":"2022-01-07T19:25:21","guid":{"rendered":"https:\/\/www.slatina.hr\/portal\/?p=110711"},"modified":"2022-01-07T20:25:21","modified_gmt":"2022-01-07T19:25:21","slug":"zasadi-stablo-ne-budi-panj-zahvala-gradu-slatini-za-sudjelovanje-u-nacionalnoj-kampanji-sadnje-stabala","status":"publish","type":"post","link":"https:\/\/www.slatina.hr\/portal\/zasadi-stablo-ne-budi-panj-zahvala-gradu-slatini-za-sudjelovanje-u-nacionalnoj-kampanji-sadnje-stabala\/","title":{"rendered":"\u201eZasadi stablo, ne budi panj\u201c \u2013 Zahvala Gradu Slatini za sudjelovanje u nacionalnoj kampanji sadnje stabala"},"content":{"rendered":"<p>Grad Slatina se u suradnji s Upravom \u0161uma Slatina, kao i pro\u0161lih godina, tijekom mjeseca studenog priklju\u010dio nacionalnoj kampanji sadnje stabala u Hrvatskoj pod nazivom \u201eZasadi stablo, ne budi panj\u201c koja se u organizaciji Udruge za za\u0161titu prirode i okoli\u0161a provodi ve\u0107 niz godina.<\/p>\n<p>Tom je prigodom Tehni\u010dka \u0161kola Virovitica Gradu Slatini donirala sadnice Oskoru\u0161a koje su u sklopu spomenute kampanje posa\u0111ene na Trgu Ru\u0111era Bo\u0161kovi\u0107a uz nogostup u blizini crkve bl. Ivana Merza. Tako je Slatina u tom dijelu grada dobila novi polukru\u017eni drvored \u0161to je samo nastavak hortikulturnog ure\u0111enja grada u sklopu kojega su posa\u0111ene brojne sadnice stabala i drugih biljnih vrsta na raznim lokacijama u gradu.<\/p>\n<p>Ovih je dana na gradsku adresu stigla zahvala Gradu Slatini za sudjelovanje u nacionalnoj kampanji sadnje stabala \u010dime je doprinio smanjenju utjecaja klimatskih promjena, te mu je potvr\u0111ena dru\u0161tvena i ekolo\u0161ka svijest u svrhu odgovornog ispunjavanja strategija ubla\u017eavanja i prilagodbe na klimatske promjene, a time se ujedno osigurava ve\u0107a otpornost pojedinca i budu\u0107ih generacija.<br \/>\n(mf\/Foto: Mihaela Feldi)<\/p>\n<p><img loading=\"lazy\" decoding=\"async\" class=\"alignnone  wp-image-230378\" src=\"https:\/\/www.radioslatina.hr\/wp-content\/uploads\/2022\/01\/Gradska-uprava-Grada-Slatine_zahvL_543x768.jpg\" alt=\"\" width=\"354\" height=\"501\">&nbsp;<img loading=\"lazy\" decoding=\"async\" class=\"alignnone  wp-image-230379\" src=\"https:\/\/www.radioslatina.hr\/wp-content\/uploads\/2022\/01\/Gradska-uprava-Grada-Slatine_543x768.jpg\" alt=\"\" width=\"351\" height=\"497\"><\/p>\n<p><img loading=\"lazy\" decoding=\"async\" class=\"alignnone size-full wp-image-230380\" src=\"https:\/\/www.radioslatina.hr\/wp-content\/uploads\/2022\/01\/20211123_124848_1024x768.jpg\" sizes=\"auto, (max-width: 1024px) 100vw, 1024px\" srcset=\"https:\/\/www.radioslatina.hr\/wp-content\/uploads\/2022\/01\/20211123_124848_1024x768.jpg 1024w, https:\/\/www.radioslatina.hr\/wp-content\/uploads\/2022\/01\/20211123_124848_1024x768-768x576.jpg 768w\" alt=\"\" width=\"1024\" height=\"768\"><\/p>\n","protected":false},"excerpt":{"rendered":"<p>Grad Slatina se u suradnji s Upravom \u0161uma Slatina, kao i pro\u0161lih godina, tijekom mjeseca studenog priklju\u010dio nacionalnoj kampanji sadnje stabala u Hrvatskoj pod nazivom<span class=\"excerpt-hellip\"> [\u2026]<\/span><\/p>\n","protected":false},"author":5,"featured_media":110712,"comment_status":"closed","ping_status":"closed","sticky":false,"template":"","format":"standard","meta":{"ngg_post_thumbnail":0,"footnotes":""},"categories":[136,137],"tags":[],"class_list":["post-110711","post","type-post","status-publish","format-standard","has-post-thumbnail","hentry","category-grad-slatina","category-naslovnica"],"_links":{"self":[{"href":"https:\/\/www.slatina.hr\/portal\/wp-json\/wp\/v2\/posts\/110711","targetHints":{"allow":["GET"]}}],"collection":[{"href":"https:\/\/www.slatina.hr\/portal\/wp-json\/wp\/v2\/posts"}],"about":[{"href":"https:\/\/www.slatina.hr\/portal\/wp-json\/wp\/v2\/types\/post"}],"author":[{"embeddable":true,"href":"https:\/\/www.slatina.hr\/portal\/wp-json\/wp\/v2\/users\/5"}],"replies":[{"embeddable":true,"href":"https:\/\/www.slatina.hr\/portal\/wp-json\/wp\/v2\/comments?post=110711"}],"version-history":[{"count":1,"href":"https:\/\/www.slatina.hr\/portal\/wp-json\/wp\/v2\/posts\/110711\/revisions"}],"predecessor-version":[{"id":110713,"href":"https:\/\/www.slatina.hr\/portal\/wp-json\/wp\/v2\/posts\/110711\/revisions\/110713"}],"wp:featuredmedia":[{"embeddable":true,"href":"https:\/\/www.slatina.hr\/portal\/wp-json\/wp\/v2\/media\/110712"}],"wp:attachment":[{"href":"https:\/\/www.slatina.hr\/portal\/wp-json\/wp\/v2\/media?parent=110711"}],"wp:term":[{"taxonomy":"category","embeddable":true,"href":"https:\/\/www.slatina.hr\/portal\/wp-json\/wp\/v2\/categories?post=110711"},{"taxonomy":"post_tag","embeddable":true,"href":"https:\/\/www.slatina.hr\/portal\/wp-json\/wp\/v2\/tags?post=110711"}],"curies":[{"name":"wp","href":"https:\/\/api.w.org\/{rel}","templated":true}]}}