{"id":110708,"date":"2022-01-06T21:17:47","date_gmt":"2022-01-06T20:17:47","guid":{"rendered":"https:\/\/www.slatina.hr\/portal\/?p=110708"},"modified":"2022-01-06T21:17:47","modified_gmt":"2022-01-06T20:17:47","slug":"bozicna-cestitka-gradonacelnika-ostrosica-povodom-bozica-prema-julijanskom-kalendaru-2","status":"publish","type":"post","link":"https:\/\/www.slatina.hr\/portal\/bozicna-cestitka-gradonacelnika-ostrosica-povodom-bozica-prema-julijanskom-kalendaru-2\/","title":{"rendered":"Bo\u017ei\u0107na \u010destitka gradona\u010delnika Ostro\u0161i\u0107a povodom Bo\u017ei\u0107a prema julijanskom kalendaru"},"content":{"rendered":"<p>Gradona\u010delnik Grada Slatine Denis Ostro\u0161i\u0107 uputio je sljede\u0107u bo\u017ei\u0107nu \u010destitku vjernicima koji Bo\u017ei\u0107 slave po julijanskom kalendaru:<\/p>\n<p>\u201eU ovo blagdansko vrijeme radosti i darivanja, svim gra\u0111anima Grada Slatine i prigradskih naselja koji Bo\u017ei\u0107 slave po julijanskom kalendaru \u017eelim sretan Bo\u017ei\u0107.<\/p>\n<p>Sa \u017eeljom da Bo\u017ei\u0107 provedete u miru i veselju u okru\u017eenju svojih najmilijih, neka vam Kristovo ro\u0111enje podari obilje radosti i Bo\u017ejeg blagoslova, u ime Grada Slatine, svog zamjenika, suradnika i u svoje osobno ime, \u017eelim vam blagoslovljen Bo\u017ei\u0107 uz obilje zdravlja i zadovoljstva, te puno sre\u0107e i poslovnog uspjeha u 2022. godini!<\/p>\n<p>Mir Bo\u017eji, Hristos se rodi!\u201c<\/p>\n<p>&nbsp; &nbsp; &nbsp; &nbsp; &nbsp; &nbsp; &nbsp; &nbsp; &nbsp; &nbsp; &nbsp; &nbsp; &nbsp; &nbsp; &nbsp; &nbsp; &nbsp; &nbsp; &nbsp; &nbsp; &nbsp; &nbsp; &nbsp; &nbsp; &nbsp; &nbsp; &nbsp; &nbsp; &nbsp; &nbsp; &nbsp; &nbsp; &nbsp; &nbsp; &nbsp; &nbsp;Va\u0161 gradona\u010delnik<br \/>\n&nbsp;&nbsp;&nbsp;&nbsp;&nbsp;&nbsp;&nbsp;&nbsp;&nbsp;&nbsp;&nbsp;&nbsp;&nbsp;&nbsp;&nbsp;&nbsp;&nbsp;&nbsp;&nbsp;&nbsp;&nbsp;&nbsp;&nbsp;&nbsp;&nbsp;&nbsp;&nbsp;&nbsp;&nbsp;&nbsp;&nbsp;&nbsp;&nbsp;&nbsp;&nbsp;&nbsp;&nbsp;&nbsp;&nbsp;&nbsp;&nbsp;&nbsp;&nbsp;&nbsp;&nbsp;&nbsp;&nbsp;&nbsp;&nbsp;&nbsp;&nbsp;&nbsp;&nbsp;&nbsp;&nbsp;&nbsp;&nbsp;&nbsp;&nbsp;&nbsp;&nbsp;&nbsp;&nbsp;&nbsp;&nbsp;&nbsp;&nbsp;&nbsp;&nbsp;&nbsp;&nbsp;&nbsp;&nbsp; Denis Ostro\u0161i\u0107<\/p>\n","protected":false},"excerpt":{"rendered":"<p>Gradona\u010delnik Grada Slatine Denis Ostro\u0161i\u0107 uputio je sljede\u0107u bo\u017ei\u0107nu \u010destitku vjernicima koji Bo\u017ei\u0107 slave po julijanskom kalendaru: \u201eU ovo blagdansko vrijeme radosti i darivanja, svim<span class=\"excerpt-hellip\"> [\u2026]<\/span><\/p>\n","protected":false},"author":5,"featured_media":110709,"comment_status":"closed","ping_status":"closed","sticky":false,"template":"","format":"standard","meta":{"ngg_post_thumbnail":0,"footnotes":""},"categories":[136,137],"tags":[],"class_list":["post-110708","post","type-post","status-publish","format-standard","has-post-thumbnail","hentry","category-grad-slatina","category-naslovnica"],"_links":{"self":[{"href":"https:\/\/www.slatina.hr\/portal\/wp-json\/wp\/v2\/posts\/110708","targetHints":{"allow":["GET"]}}],"collection":[{"href":"https:\/\/www.slatina.hr\/portal\/wp-json\/wp\/v2\/posts"}],"about":[{"href":"https:\/\/www.slatina.hr\/portal\/wp-json\/wp\/v2\/types\/post"}],"author":[{"embeddable":true,"href":"https:\/\/www.slatina.hr\/portal\/wp-json\/wp\/v2\/users\/5"}],"replies":[{"embeddable":true,"href":"https:\/\/www.slatina.hr\/portal\/wp-json\/wp\/v2\/comments?post=110708"}],"version-history":[{"count":1,"href":"https:\/\/www.slatina.hr\/portal\/wp-json\/wp\/v2\/posts\/110708\/revisions"}],"predecessor-version":[{"id":110710,"href":"https:\/\/www.slatina.hr\/portal\/wp-json\/wp\/v2\/posts\/110708\/revisions\/110710"}],"wp:featuredmedia":[{"embeddable":true,"href":"https:\/\/www.slatina.hr\/portal\/wp-json\/wp\/v2\/media\/110709"}],"wp:attachment":[{"href":"https:\/\/www.slatina.hr\/portal\/wp-json\/wp\/v2\/media?parent=110708"}],"wp:term":[{"taxonomy":"category","embeddable":true,"href":"https:\/\/www.slatina.hr\/portal\/wp-json\/wp\/v2\/categories?post=110708"},{"taxonomy":"post_tag","embeddable":true,"href":"https:\/\/www.slatina.hr\/portal\/wp-json\/wp\/v2\/tags?post=110708"}],"curies":[{"name":"wp","href":"https:\/\/api.w.org\/{rel}","templated":true}]}}