{"id":110600,"date":"2021-12-24T09:56:51","date_gmt":"2021-12-24T08:56:51","guid":{"rendered":"https:\/\/www.slatina.hr\/portal\/?p=110600"},"modified":"2021-12-24T09:56:51","modified_gmt":"2021-12-24T08:56:51","slug":"bozicno-novogodisnja-cestitka-gradonacelnika-grada-slatine-denisa-ostrosica","status":"publish","type":"post","link":"https:\/\/www.slatina.hr\/portal\/bozicno-novogodisnja-cestitka-gradonacelnika-grada-slatine-denisa-ostrosica\/","title":{"rendered":"Bo\u017ei\u0107no-novogodi\u0161nja \u010destitka gradona\u010delnika Grada Slatine Denisa Ostro\u0161i\u0107a"},"content":{"rendered":"<p>Drage Slatin\u010danke i Slatin\u010dani, dragi mje\u0161tani prigradskih naselja!<\/p>\n<p>Bo\u017ei\u0107ni su dani najljep\u0161i dani u godini, dani kada slavimo radost Isusovog ro\u0111enja, radost blagostanja i nade, mira i veselja.<\/p>\n<p>Svima vama \u017eelim puno zdravlja, obilje radosti i Bo\u017ejeg blagoslova da sa\u010duvate sebe i svoje bli\u017enje te blagdane provedete u obiteljskoj sre\u0107i.<\/p>\n<p>Vjerujem da \u0107emo do\u010dekati dan kada \u0107emo mo\u0107i slobodno, bez straha pru\u017eiti ruku jedni drugima i zahvaliti na daru \u017eivota u zdravlju i zajedni\u0161tvu koje \u0107emo tada znati vi\u0161e cijeniti.<\/p>\n<p>\u010cuvajmo jedni druge, te uz radost Bo\u017ei\u0107a i s bo\u017ei\u0107nom porukom koja nas upu\u0107uje na skromnost i dobrotu, unesimo u dane koji dolaze da\u0161ak vjere i optimizma, \u0161irimo pozitivnu energiju i pobudimo ljudske vrijednosti.<br \/>\nNeka nam Bo\u017ei\u0107 svojim svjetlom obasja put, a srca ispuni ljubavlju, mirom, nadom i vjerom.<\/p>\n<p>Grad Slatina je do sada, a i ubudu\u0107e \u0107e se truditi stvarati jo\u0161 bolje uvjete za \u017eivot na\u0161ih poduzetnika, obrtnika, gospodarstvenika, poljoprivrednika, kako bi svi zajedno omogu\u0107ili bolje sutra na\u0161oj djeci.<\/p>\n<p>Svim gra\u0111anima na\u0161ega grada te svim ljudima dobre volje, u ime Grada Slatine, svog zamjenika, suradnika i u svoje osobno ime, \u017eelim blagoslovljen Bo\u017ei\u0107 i puno sre\u0107e i uspjeha u Novoj 2022. godini!<\/p>\n<p>&nbsp; &nbsp; &nbsp; &nbsp; &nbsp; &nbsp; &nbsp; &nbsp; &nbsp; &nbsp; &nbsp; &nbsp; &nbsp; &nbsp; &nbsp; &nbsp; &nbsp; &nbsp; &nbsp; &nbsp; &nbsp; &nbsp; &nbsp; &nbsp; &nbsp; &nbsp; &nbsp; &nbsp; &nbsp; &nbsp; &nbsp; &nbsp; &nbsp; &nbsp; &nbsp; &nbsp; &nbsp; &nbsp; &nbsp; &nbsp; &nbsp; &nbsp; &nbsp; &nbsp; &nbsp; &nbsp; &nbsp; &nbsp; &nbsp; &nbsp; &nbsp; Va\u0161 gradona\u010delnik<br \/>\n&nbsp; &nbsp; &nbsp; &nbsp; &nbsp; &nbsp; &nbsp; &nbsp; &nbsp; &nbsp; &nbsp; &nbsp; &nbsp; &nbsp; &nbsp; &nbsp; &nbsp; &nbsp; &nbsp; &nbsp; &nbsp; &nbsp; &nbsp; &nbsp; &nbsp; &nbsp; &nbsp; &nbsp; &nbsp; &nbsp; &nbsp; &nbsp; &nbsp; &nbsp; &nbsp; &nbsp; &nbsp; &nbsp; &nbsp; &nbsp; &nbsp; &nbsp; &nbsp; &nbsp; &nbsp; &nbsp; &nbsp; &nbsp; &nbsp; &nbsp; &nbsp; &nbsp; &nbsp;Denis Ostro\u0161i\u0107<\/p>\n<p><img loading=\"lazy\" decoding=\"async\" class=\"alignnone size-full wp-image-110602\" src=\"https:\/\/www.slatina.hr\/portal\/wp-content\/uploads\/2021\/12\/A1DC84B826F94443B701646D2AC53545.jpg\" alt=\"\" width=\"1019\" height=\"682\" srcset=\"https:\/\/www.slatina.hr\/portal\/wp-content\/uploads\/2021\/12\/A1DC84B826F94443B701646D2AC53545.jpg 1019w, https:\/\/www.slatina.hr\/portal\/wp-content\/uploads\/2021\/12\/A1DC84B826F94443B701646D2AC53545-768x514.jpg 768w, https:\/\/www.slatina.hr\/portal\/wp-content\/uploads\/2021\/12\/A1DC84B826F94443B701646D2AC53545-218x146.jpg 218w, https:\/\/www.slatina.hr\/portal\/wp-content\/uploads\/2021\/12\/A1DC84B826F94443B701646D2AC53545-50x33.jpg 50w, https:\/\/www.slatina.hr\/portal\/wp-content\/uploads\/2021\/12\/A1DC84B826F94443B701646D2AC53545-112x75.jpg 112w, https:\/\/www.slatina.hr\/portal\/wp-content\/uploads\/2021\/12\/A1DC84B826F94443B701646D2AC53545-620x415.jpg 620w\" sizes=\"auto, (max-width:767px) 480px, (max-width:1019px) 100vw, 1019px\" \/><\/p>\n","protected":false},"excerpt":{"rendered":"<p>Drage Slatin\u010danke i Slatin\u010dani, dragi mje\u0161tani prigradskih naselja! Bo\u017ei\u0107ni su dani najljep\u0161i dani u godini, dani kada slavimo radost Isusovog ro\u0111enja, radost blagostanja i nade,<span class=\"excerpt-hellip\"> [\u2026]<\/span><\/p>\n","protected":false},"author":5,"featured_media":110603,"comment_status":"closed","ping_status":"closed","sticky":false,"template":"","format":"standard","meta":{"ngg_post_thumbnail":0,"footnotes":""},"categories":[136,137],"tags":[],"class_list":["post-110600","post","type-post","status-publish","format-standard","has-post-thumbnail","hentry","category-grad-slatina","category-naslovnica"],"_links":{"self":[{"href":"https:\/\/www.slatina.hr\/portal\/wp-json\/wp\/v2\/posts\/110600","targetHints":{"allow":["GET"]}}],"collection":[{"href":"https:\/\/www.slatina.hr\/portal\/wp-json\/wp\/v2\/posts"}],"about":[{"href":"https:\/\/www.slatina.hr\/portal\/wp-json\/wp\/v2\/types\/post"}],"author":[{"embeddable":true,"href":"https:\/\/www.slatina.hr\/portal\/wp-json\/wp\/v2\/users\/5"}],"replies":[{"embeddable":true,"href":"https:\/\/www.slatina.hr\/portal\/wp-json\/wp\/v2\/comments?post=110600"}],"version-history":[{"count":1,"href":"https:\/\/www.slatina.hr\/portal\/wp-json\/wp\/v2\/posts\/110600\/revisions"}],"predecessor-version":[{"id":110604,"href":"https:\/\/www.slatina.hr\/portal\/wp-json\/wp\/v2\/posts\/110600\/revisions\/110604"}],"wp:featuredmedia":[{"embeddable":true,"href":"https:\/\/www.slatina.hr\/portal\/wp-json\/wp\/v2\/media\/110603"}],"wp:attachment":[{"href":"https:\/\/www.slatina.hr\/portal\/wp-json\/wp\/v2\/media?parent=110600"}],"wp:term":[{"taxonomy":"category","embeddable":true,"href":"https:\/\/www.slatina.hr\/portal\/wp-json\/wp\/v2\/categories?post=110600"},{"taxonomy":"post_tag","embeddable":true,"href":"https:\/\/www.slatina.hr\/portal\/wp-json\/wp\/v2\/tags?post=110600"}],"curies":[{"name":"wp","href":"https:\/\/api.w.org\/{rel}","templated":true}]}}