{"id":110597,"date":"2021-12-24T09:54:41","date_gmt":"2021-12-24T08:54:41","guid":{"rendered":"https:\/\/www.slatina.hr\/portal\/?p=110597"},"modified":"2021-12-24T09:54:41","modified_gmt":"2021-12-24T08:54:41","slug":"bozicno-novogodisnja-cestitka-predsjednika-gradskog-vijeca-grada-slatine-damira-jaksica","status":"publish","type":"post","link":"https:\/\/www.slatina.hr\/portal\/bozicno-novogodisnja-cestitka-predsjednika-gradskog-vijeca-grada-slatine-damira-jaksica\/","title":{"rendered":"Bo\u017ei\u0107no-novogodi\u0161nja \u010destitka predsjednika Gradskog vije\u0107a Grada Slatine Damira Jak\u0161i\u0107a"},"content":{"rendered":"<p>Po\u0161tovane sugra\u0111anke i sugra\u0111ani,<\/p>\n<p>Bo\u017ei\u0107 je zasigurno najljep\u0161i kr\u0161\u0107anski blagdan, vrijeme kada slavimo radosnu vijest Bo\u017ejeg dolaska me\u0111u ljude.<\/p>\n<p>Bo\u017ei\u0107, simbol radosti i \u017eivota neka nas podsjeti na one istinske vrijednosti te bude poticaj za zajedni\u0161tvo, razumijevanje, solidarnost i povjerenje. Na \u017ealost, zajedni\u0161tvo je pojam koji danas u ljudskim \u017eivotima ima sve manju va\u017enost.<\/p>\n<p>Blagdanski dani pred nama stoga su prilika da otvorimo svoja srca i pru\u017eimo ruku onima koji trebaju na\u0161u ljubav i pomo\u0107. Ljubav i mir neka ispune sva srca, u\u0111u u na\u0161e domove i ostanu trajno svjetlo, ohrabrenje i nada prigodom svakog obiteljskog okupljanja i prijateljskog susreta.<\/p>\n<p>Dragi sugra\u0111ani, u vjeri i nadi da \u0107e nam nadolaze\u0107i dani donijeti obilje Bo\u017ejeg blagoslova te u nama oja\u010dati osje\u0107aj zajedni\u0161tva, u ime gradskih vije\u0107nika i svoje osobno ime svima Vama i Va\u0161im obiteljima, \u017eelim sretan i blagoslovljen Bo\u017ei\u0107, te sretnu i uspje\u0161nu 2022. godinu.<\/p>\n<p>&nbsp; &nbsp; &nbsp; &nbsp; &nbsp; &nbsp; &nbsp; &nbsp; &nbsp; &nbsp; &nbsp; &nbsp; &nbsp; &nbsp; &nbsp; &nbsp; &nbsp; &nbsp; &nbsp; &nbsp; &nbsp; &nbsp; &nbsp; &nbsp; &nbsp; &nbsp; &nbsp; &nbsp; &nbsp; &nbsp; &nbsp; &nbsp; &nbsp; &nbsp; &nbsp; &nbsp; &nbsp; &nbsp; &nbsp; &nbsp;Predsjednik Gradskog vije\u0107a Grada Slatine&nbsp; &nbsp; &nbsp; &nbsp; &nbsp; &nbsp; &nbsp; &nbsp; &nbsp; &nbsp; &nbsp; &nbsp; &nbsp; &nbsp; &nbsp; &nbsp; &nbsp; &nbsp; &nbsp; &nbsp; &nbsp; &nbsp; &nbsp; &nbsp; &nbsp; &nbsp; &nbsp; &nbsp; &nbsp; &nbsp; &nbsp; &nbsp; &nbsp; &nbsp; &nbsp; &nbsp; &nbsp; &nbsp; &nbsp; &nbsp; &nbsp; &nbsp; &nbsp; &nbsp; &nbsp; &nbsp; &nbsp; &nbsp; &nbsp; &nbsp; &nbsp; &nbsp; &nbsp; &nbsp; &nbsp; &nbsp; &nbsp; &nbsp; &nbsp; &nbsp; &nbsp; &nbsp; &nbsp; &nbsp; &nbsp; &nbsp; &nbsp; &nbsp; &nbsp; &nbsp; &nbsp; &nbsp; &nbsp; &nbsp; &nbsp; &nbsp; &nbsp; &nbsp; &nbsp; &nbsp; &nbsp; &nbsp; &nbsp; &nbsp; &nbsp; &nbsp; &nbsp; &nbsp; &nbsp; &nbsp; &nbsp; &nbsp; &nbsp; &nbsp; &nbsp; &nbsp; &nbsp; &nbsp; &nbsp; &nbsp; &nbsp; &nbsp; &nbsp; &nbsp; &nbsp; &nbsp; &nbsp; Damir Jak\u0161i\u0107<\/p>\n<p><img loading=\"lazy\" decoding=\"async\" class=\"alignnone size-full wp-image-229879\" src=\"https:\/\/www.radioslatina.hr\/wp-content\/uploads\/2021\/12\/0EA12010BBDF4472AE898A919E9370CB.jpg\" sizes=\"auto, (max-width: 1019px) 100vw, 1019px\" srcset=\"https:\/\/www.radioslatina.hr\/wp-content\/uploads\/2021\/12\/0EA12010BBDF4472AE898A919E9370CB.jpg 1019w, https:\/\/www.radioslatina.hr\/wp-content\/uploads\/2021\/12\/0EA12010BBDF4472AE898A919E9370CB-768x512.jpg 768w\" alt=\"\" width=\"1019\" height=\"679\"><\/p>\n","protected":false},"excerpt":{"rendered":"<p>Po\u0161tovane sugra\u0111anke i sugra\u0111ani, Bo\u017ei\u0107 je zasigurno najljep\u0161i kr\u0161\u0107anski blagdan, vrijeme kada slavimo radosnu vijest Bo\u017ejeg dolaska me\u0111u ljude. Bo\u017ei\u0107, simbol radosti i \u017eivota neka<span class=\"excerpt-hellip\"> [\u2026]<\/span><\/p>\n","protected":false},"author":5,"featured_media":110598,"comment_status":"closed","ping_status":"closed","sticky":false,"template":"","format":"standard","meta":{"ngg_post_thumbnail":0,"footnotes":""},"categories":[136,137],"tags":[],"class_list":["post-110597","post","type-post","status-publish","format-standard","has-post-thumbnail","hentry","category-grad-slatina","category-naslovnica"],"_links":{"self":[{"href":"https:\/\/www.slatina.hr\/portal\/wp-json\/wp\/v2\/posts\/110597","targetHints":{"allow":["GET"]}}],"collection":[{"href":"https:\/\/www.slatina.hr\/portal\/wp-json\/wp\/v2\/posts"}],"about":[{"href":"https:\/\/www.slatina.hr\/portal\/wp-json\/wp\/v2\/types\/post"}],"author":[{"embeddable":true,"href":"https:\/\/www.slatina.hr\/portal\/wp-json\/wp\/v2\/users\/5"}],"replies":[{"embeddable":true,"href":"https:\/\/www.slatina.hr\/portal\/wp-json\/wp\/v2\/comments?post=110597"}],"version-history":[{"count":1,"href":"https:\/\/www.slatina.hr\/portal\/wp-json\/wp\/v2\/posts\/110597\/revisions"}],"predecessor-version":[{"id":110599,"href":"https:\/\/www.slatina.hr\/portal\/wp-json\/wp\/v2\/posts\/110597\/revisions\/110599"}],"wp:featuredmedia":[{"embeddable":true,"href":"https:\/\/www.slatina.hr\/portal\/wp-json\/wp\/v2\/media\/110598"}],"wp:attachment":[{"href":"https:\/\/www.slatina.hr\/portal\/wp-json\/wp\/v2\/media?parent=110597"}],"wp:term":[{"taxonomy":"category","embeddable":true,"href":"https:\/\/www.slatina.hr\/portal\/wp-json\/wp\/v2\/categories?post=110597"},{"taxonomy":"post_tag","embeddable":true,"href":"https:\/\/www.slatina.hr\/portal\/wp-json\/wp\/v2\/tags?post=110597"}],"curies":[{"name":"wp","href":"https:\/\/api.w.org\/{rel}","templated":true}]}}