{"id":110594,"date":"2021-12-23T11:36:50","date_gmt":"2021-12-23T10:36:50","guid":{"rendered":"https:\/\/www.slatina.hr\/portal\/?p=110594"},"modified":"2021-12-23T11:36:50","modified_gmt":"2021-12-23T10:36:50","slug":"u-slatinskoj-gradskoj-upravi-odrzan-tradicionalni-blagdanski-prijem-za-svecenike","status":"publish","type":"post","link":"https:\/\/www.slatina.hr\/portal\/u-slatinskoj-gradskoj-upravi-odrzan-tradicionalni-blagdanski-prijem-za-svecenike\/","title":{"rendered":"U slatinskoj Gradskoj upravi odr\u017ean tradicionalni blagdanski prijem za sve\u0107enike"},"content":{"rendered":"<p>Gradona\u010delnik Grada Slatine Denis Ostro\u0161i\u0107 danas je u prigodi nadolaze\u0107eg blagdana Bo\u017ei\u0107a ve\u0107 tradicionalno organizirao prijem za sve\u0107enike \u017eupa Slatinskog dekanata kojemu su prisustvovali \u017eupnici slatinskih \u017eupa sv. Josipa, pre\u010d. Dragan Hrgi\u0107 i bl. Ivana Merza, pre\u010d. Niklola Ju\u0161i\u0107, te \u017eupnik \u017dupe sv. Barbare u Sladojevcima, vl\u010d. Darijo \u0160imi\u0107.<\/p>\n<p>Gradona\u010delnik je ovom prigodom, u nazo\u010dnosti svog zamjenika Ilije Nikoli\u0107a i pro\u010delnika Stru\u010dne slu\u017ebe Krunoslava \u0160araboka, \u017eupnicima prije svega za\u017eelio obilje zdravlja i bo\u017ejeg blagoslova, a oni su slatinskom gradona\u010delniku uzvratili na isti na\u010din i pritom zahvalili na pozivu.<\/p>\n<p>U srda\u010dnom razgovoru dotakli su se mnogih tema va\u017enih za cjelokupnu zajednicu. Tom su prigodom \u017eupnici izvijestili gradona\u010delnika o radu svojih \u017eupa i razvoju njima trenuta\u010dno najva\u017enijih projekata.<\/p>\n<p><img loading=\"lazy\" decoding=\"async\" class=\"wp-image-229640 alignleft\" src=\"https:\/\/www.radioslatina.hr\/wp-content\/uploads\/2021\/12\/IMG_4606_1024x683.jpg\" sizes=\"auto, (max-width: 300px) 100vw, 300px\" srcset=\"https:\/\/www.radioslatina.hr\/wp-content\/uploads\/2021\/12\/IMG_4606_1024x683.jpg 1024w, https:\/\/www.radioslatina.hr\/wp-content\/uploads\/2021\/12\/IMG_4606_1024x683-768x512.jpg 768w\" alt=\"\" width=\"300\" height=\"200\">\u017dupnik Ju\u0161i\u0107 istaknuo je kako se u idu\u0107oj godini planira po\u010detak projekta izgradnje \u017eupnog stana u neposrednoj blizini crkve bl. Ivana Merza.<\/p>\n<p><img loading=\"lazy\" decoding=\"async\" class=\" wp-image-229641 alignright\" src=\"https:\/\/www.radioslatina.hr\/wp-content\/uploads\/2021\/12\/IMG_4612_1024x683.jpg\" sizes=\"auto, (max-width: 300px) 100vw, 300px\" srcset=\"https:\/\/www.radioslatina.hr\/wp-content\/uploads\/2021\/12\/IMG_4612_1024x683.jpg 1024w, https:\/\/www.radioslatina.hr\/wp-content\/uploads\/2021\/12\/IMG_4612_1024x683-768x512.jpg 768w\" alt=\"\" width=\"300\" height=\"200\">\u017dupnik \u0160imi\u0107 izrazio je zadovoljstvo realizacijom projekta izgradnje \u017eupnog stana u Sladojevcima koji bi trebao biti zavr\u0161en i prije planiranih rokova, dok se po\u017ealio na pote\u0161ko\u0107e oko radova na izgradnji kapele u Donjim Meljanima zbog dijela nepotpune dokumentacije.<\/p>\n<p><img loading=\"lazy\" decoding=\"async\" class=\"wp-image-229642 alignleft\" src=\"https:\/\/www.radioslatina.hr\/wp-content\/uploads\/2021\/12\/IMG_4602_1024x683.jpg\" sizes=\"auto, (max-width: 300px) 100vw, 300px\" srcset=\"https:\/\/www.radioslatina.hr\/wp-content\/uploads\/2021\/12\/IMG_4602_1024x683.jpg 1024w, https:\/\/www.radioslatina.hr\/wp-content\/uploads\/2021\/12\/IMG_4602_1024x683-768x512.jpg 768w\" alt=\"\" width=\"300\" height=\"200\">\u017dupnik Hrgi\u0107 govorio je o jo\u0161 uvijek aktualnoj restauraciji \u017eupne crkve sv. Josipa u kojoj su se vjernici navikli na neobi\u010dni ambijent uz postavljene skele, a budu\u0107i da se radi o opse\u017enoj obnovi i rekonstrukciji crkve to \u0107e potrajati jo\u0161 neko vrijeme. Isto tako podsjetio je da \u017dupa sv. Josipa u suradnji s vinarijom Kufner sutra, na Badnjak priprema tradicionalno dru\u017eenje vjernika uz \u010daj i kuhano vino nakon mise zornice.<\/p>\n<p>Gradona\u010delnik je pohvalio dosada\u0161nju suradnju sa \u017eupnim uredima i s Po\u017ee\u0161kom biskupijom te naglasio va\u017enost zajedni\u0161tva i bogatstvo duha koje u ovo vrijeme treba i mora biti prisutno. Izraziv\u0161i daljnju potporu Grada Slatine \u017eupama na slatinskom podru\u010dju, istaknuo je kako \u0107e i nadalje zahvaljuju\u0107i slozi i razumijevanju realizirati mnoge zajedni\u010dke projekte na zadovoljstvo svih \u017eupljana triju \u017eupa s podru\u010dja Grada Slatine.<br \/>\n(www.radioslatina.hr)<\/p>\n<p><img loading=\"lazy\" decoding=\"async\" class=\"alignnone size-full wp-image-229643\" src=\"https:\/\/www.radioslatina.hr\/wp-content\/uploads\/2021\/12\/IMG_4610_1024x683.jpg\" sizes=\"auto, (max-width: 1024px) 100vw, 1024px\" srcset=\"https:\/\/www.radioslatina.hr\/wp-content\/uploads\/2021\/12\/IMG_4610_1024x683.jpg 1024w, https:\/\/www.radioslatina.hr\/wp-content\/uploads\/2021\/12\/IMG_4610_1024x683-768x512.jpg 768w\" alt=\"\" width=\"1024\" height=\"683\"><\/p>\n<p>&nbsp;<\/p>\n","protected":false},"excerpt":{"rendered":"<p>Gradona\u010delnik Grada Slatine Denis Ostro\u0161i\u0107 danas je u prigodi nadolaze\u0107eg blagdana Bo\u017ei\u0107a ve\u0107 tradicionalno organizirao prijem za sve\u0107enike \u017eupa Slatinskog dekanata kojemu su prisustvovali \u017eupnici<span class=\"excerpt-hellip\"> [\u2026]<\/span><\/p>\n","protected":false},"author":5,"featured_media":110595,"comment_status":"closed","ping_status":"closed","sticky":false,"template":"","format":"standard","meta":{"ngg_post_thumbnail":0,"footnotes":""},"categories":[136,137],"tags":[],"class_list":["post-110594","post","type-post","status-publish","format-standard","has-post-thumbnail","hentry","category-grad-slatina","category-naslovnica"],"_links":{"self":[{"href":"https:\/\/www.slatina.hr\/portal\/wp-json\/wp\/v2\/posts\/110594","targetHints":{"allow":["GET"]}}],"collection":[{"href":"https:\/\/www.slatina.hr\/portal\/wp-json\/wp\/v2\/posts"}],"about":[{"href":"https:\/\/www.slatina.hr\/portal\/wp-json\/wp\/v2\/types\/post"}],"author":[{"embeddable":true,"href":"https:\/\/www.slatina.hr\/portal\/wp-json\/wp\/v2\/users\/5"}],"replies":[{"embeddable":true,"href":"https:\/\/www.slatina.hr\/portal\/wp-json\/wp\/v2\/comments?post=110594"}],"version-history":[{"count":1,"href":"https:\/\/www.slatina.hr\/portal\/wp-json\/wp\/v2\/posts\/110594\/revisions"}],"predecessor-version":[{"id":110596,"href":"https:\/\/www.slatina.hr\/portal\/wp-json\/wp\/v2\/posts\/110594\/revisions\/110596"}],"wp:featuredmedia":[{"embeddable":true,"href":"https:\/\/www.slatina.hr\/portal\/wp-json\/wp\/v2\/media\/110595"}],"wp:attachment":[{"href":"https:\/\/www.slatina.hr\/portal\/wp-json\/wp\/v2\/media?parent=110594"}],"wp:term":[{"taxonomy":"category","embeddable":true,"href":"https:\/\/www.slatina.hr\/portal\/wp-json\/wp\/v2\/categories?post=110594"},{"taxonomy":"post_tag","embeddable":true,"href":"https:\/\/www.slatina.hr\/portal\/wp-json\/wp\/v2\/tags?post=110594"}],"curies":[{"name":"wp","href":"https:\/\/api.w.org\/{rel}","templated":true}]}}