{"id":110553,"date":"2021-12-23T09:37:19","date_gmt":"2021-12-23T08:37:19","guid":{"rendered":"https:\/\/www.slatina.hr\/portal\/?p=110553"},"modified":"2021-12-23T09:56:36","modified_gmt":"2021-12-23T08:56:36","slug":"gradski-vijecnici-izglasali-proracun-grada-slatine-za-2022-godinu-tezak-123-798-17775-kuna","status":"publish","type":"post","link":"https:\/\/www.slatina.hr\/portal\/gradski-vijecnici-izglasali-proracun-grada-slatine-za-2022-godinu-tezak-123-798-17775-kuna\/","title":{"rendered":"Gradski vije\u0107nici izglasali Prora\u010dun Grada Slatine za 2022. godinu \u201ete\u017eak\u201c 123.798.177,75 kuna"},"content":{"rendered":"<p>Ju\u010der je u Hrvatskom domu u Slatini odr\u017eana 4. sjednica Gradskog vije\u0107a Grada Slatine koja je pod predsjedanjem predsjednika Damira Jak\u0161i\u0107a zapo\u010dela uobi\u010dajenim ritmom u nazo\u010dnosti svih vije\u0107nika.<\/p>\n<p>Nakon usvajanja dnevnog reda, izvje\u0161\u0107a s prethodne sjednice i informacije o radu gradona\u010delnika i Gradske uprave u razdoblju od 8. lipnja do 15. prosinca ove godine, a koje je iznio sam gradona\u010delnik Denis Ostro\u0161i\u0107, te aktualnog sata koji je bio upotpunjen s \u010dak 26 vije\u0107ni\u010dkih pitanja, prvih dvanaest to\u010daka usvojeno je jednoglasno.<\/p>\n<p>Ono \u0161to je ovu sjednicu u\u010dinilo posebnom odnosilo se na preostale to\u010dke dnevnog reda koje su se uglavnom odnosile na Prora\u010dun Grada Slatine, a koje nisu podr\u017eali vije\u0107nici Kluba vije\u0107nika HDZ-HSLS.<\/p>\n<p>Obrazlo\u017eenje tomu iznio je predsjednik spomenutog Kluba vije\u0107nika Igor Fazeka\u0161 koji je cijelu proceduru vezanu za prijedlog Prora\u010duna Grada Slatine za 2022. godinu i Projekcije prora\u010duna za 2023. i 2024. godinu ocijenio nezakonitom potkrijepiv\u0161i svoju tvrdnju izme\u0111u ostaloga izostankom izvje\u0161\u0107a o poslovanju za 2020. Na \u0161to je pro\u010delnik Stru\u010dne slu\u017ebe Krunoslav \u0160arabok ustvrdio kako su u skladu sa Zakonom o prora\u010dunu podnesena sva potrebna izvje\u0161\u0107a nadle\u017enim institucijama te da nema zapreka izglasavanju prora\u010duna.<br \/>\nFazeka\u0161 je na kraju svog izlaganja iskoristio prigodu za\u017eeljeti svim gra\u0111anima puno zdravlja, ljubavi, mira i sre\u0107e u idu\u0107oj godini u nadi neke bolje vlasti, te su vije\u0107nici Kluba vije\u0107nika HDZ-HSLS nakon glasovanja po ovoj to\u010dki dnevnog reda napustili sjednicu.<\/p>\n<p>Na taj su na\u010din sa 8 glasova za i 7 protiv, gradski vije\u0107nici izme\u0111u ostalih usvojili spomenuti Prora\u010dun Grada Slatine za 2022. godinu i Projekcije prora\u010duna za 2023. i 2024. godinu.<br \/>\nGlasovanju je isto tako prethodila rasprava tijekom koje je ulo\u017eeno pet amandmana koji su od strane gradona\u010delnika Grada Slatine Denisa Ostro\u0161i\u0107a i prihva\u0107eni.<\/p>\n<p>U ime Fokusa Dario Vrbaslija je predlo\u017eio da se pozicija Prora\u010duna Kapitalni projekt Revitalizacija gradskih parkova za koji je bilo predvi\u0111eno 3.890.000,00 kuna umanji za iznos od milijun kuna te da se ta sredstva preraspodijele za sufinanciranje ku\u0107nih priklju\u010daka za vodovod i odvodnju otpadnih voda u sklopu projekta Aglomeracija, \u010dime bi se izravno pomoglo 2071-om ku\u0107anstvu, te \u0107e uz ve\u0107 planirana sredstva za Kapitalni projekt Izgradnja i rekonstrukcija odvodnje sada biti osigurano 2.600.175,00 kuna.<\/p>\n<p>U ime Kluba vije\u0107nika SDP-a vije\u0107nica Sanja Mrzljak Jovani\u0107 iznijela je dva amandmana, te je predlo\u017eila da se smanji iznos pozicije Prora\u010duna Revitalizacije gradskih parkova s 3.890.000,00 na 1,890.000,00&nbsp;&nbsp;&nbsp;&nbsp;&nbsp;&nbsp;&nbsp;&nbsp; kuna, te da se umanjenih 2.000.000,00 kuna prenamijeni u iznosu od 500.000,00 kuna za Javne potrebe u podru\u010dju demografije, socijalne skrbi i zdravstva, odnosno za sufinanciranje specijalisti\u010dkih pregleda u Domu zdravlja u Slatini za \u0161to \u0107e sada u gradskom Prora\u010dunu biti ukupno 890.000,00 kuna, te da se prvotno planiranom iznosu od 240.000,00 doda 1.500.000,00 kuna za Izgradnju vatrogasnog centra Slatina.<\/p>\n<p>U nastavku rasprave dva amandmana ulo\u017eila je i vije\u0107nica Ksenija Plantak u ime Gradskog odbora SDP-a Slatina. Prvi se prijedlog odnosio na Program gra\u0111enja komunalne infrastrukture na podru\u010dju Grada Slatine u 2022.g. gdje bi se za 300.000,00 kuna umanjila planirana sredstva za Ure\u0111enje ceste i parkirali\u0161ta na Trgu Sv. Josipa, iza zgrade Gradske uprave, te bi se ista prenamijenila za Izgradnju ceste u Ulici Mirna 1 \u2013 prva faza (izgradnja potpornih zidova), dok bi se dio planiranih sredstva za Rekonstrukciju javnih povr\u0161ina i urbane opreme na Trgu Sv. Josipa (oko fontane) umanjila za 150.000.00 kuna te bi se taj iznos prenamijenio za projektiranje nogostupa u slatinskom prigradskom naselju Bistrica, s planom izgradnje istoga u 2023. godini.<\/p>\n<p>Unato\u010d spomenutim izmjenama ukupna planirana sredstva u Prora\u010dunu Grada Slatine za 2022. godinu nisu izmijenjena te je izglasan Prora\u010dun u iznosu od 123.798.177,75 kuna.<\/p>\n<p>Spomenimo da su se me\u0111u to\u010dkama dnevnog reda oko kojih su se vije\u0107nici slo\u017eili jednoglasno na\u0161li Plan djelovanja Grada Slatine u podru\u010dju prirodnih nepogoda za 2022. godinu, Analiza stanja sustava civilne za\u0161tite za 2021. godinu, Godi\u0161nji plan razvoja sustava civilne za\u0161tite s financijskim u\u010dincima za trogodi\u0161nje razdoblje 2022. \u2013 2024. godina, te Procjena rizika od velikih nesre\u0107a za podru\u010dje Grada Slatine i Smjernice za organizaciju i razvoj sustava civilne za\u0161tite koje im je obrazlo\u017eio dipl. krim. Ivan No\u017eina iz tvrtke In Konzalting d.o.o.<\/p>\n<p>Va\u017eno je napomenuti da su gradski vije\u0107nici prihvatili Rje\u0161enje o imenovanju ravnateljice Gradske knji\u017enice i \u010ditaonice Slatina, te da \u0107e tu du\u017enost, po\u010dev\u0161i od 1. sije\u010dnja 2022. godine, u narednom \u010detverogodi\u0161njem razdoblju obna\u0161ati prof. Neda Ma\u0111arac.<\/p>\n<p>Pod posljednjom to\u010dkom dnevnog reda vije\u0107nik Dario Vrbaslija iznio je prijedlog da se sufinanciranje kupovine prve nekretnine za mlade obitelji povisi na 15.000,00 kuna, a gradona\u010delnik Ostro\u0161i\u0107 pozdravio je trend rasta ove gradske potpore koja je ranije iznosila samo 7.500,00 kuna, te se pove\u0107anjem na trenuta\u010dnih 10.000,00 kuna gotovo u\u010detverostru\u010dio broj zahtjeva \u0161to zna\u010di da mlade obitelji ovdje rade, grade i ostaju. Sve to je potkrijepio i informacijom o smanjenju nezaposlenosti u proteklom \u010detverogodi\u0161njem razdoblju, zahvaliv\u0161i se svima koji su doprinijeli razvoju i boljitku \u017eivljenja na slatinskom podru\u010dju. &nbsp;<\/p>\n<p>Na kraju su uz gradona\u010delnika Denisa Ostro\u0161i\u0107a i predsjednika Gradskog vije\u0107a Damira Jak\u0161i\u0107a predstavnici svih klubova vije\u0107nika, gradskim vije\u0107nicima i svim gra\u0111anima Slatine i prigradskih naselja koji su prijenos sjednice mogli pratiti putem Radio Slatine, za\u017eeljeli blagoslovljen Bo\u017ei\u0107 te sretnu, uspje\u0161nu i zdravljem ispunjenu Novu 2022. godinu.<br \/>\n(www.radioslatina.hr)<\/p>\nngg_shortcode_0_placeholder\n","protected":false},"excerpt":{"rendered":"<p>Ju\u010der je u Hrvatskom domu u Slatini odr\u017eana 4. sjednica Gradskog vije\u0107a Grada Slatine koja je pod predsjedanjem predsjednika Damira Jak\u0161i\u0107a zapo\u010dela uobi\u010dajenim ritmom u<span class=\"excerpt-hellip\"> [\u2026]<\/span><\/p>\n","protected":false},"author":5,"featured_media":110554,"comment_status":"closed","ping_status":"closed","sticky":false,"template":"","format":"standard","meta":{"ngg_post_thumbnail":0,"footnotes":""},"categories":[136,137],"tags":[],"class_list":["post-110553","post","type-post","status-publish","format-standard","has-post-thumbnail","hentry","category-grad-slatina","category-naslovnica"],"_links":{"self":[{"href":"https:\/\/www.slatina.hr\/portal\/wp-json\/wp\/v2\/posts\/110553","targetHints":{"allow":["GET"]}}],"collection":[{"href":"https:\/\/www.slatina.hr\/portal\/wp-json\/wp\/v2\/posts"}],"about":[{"href":"https:\/\/www.slatina.hr\/portal\/wp-json\/wp\/v2\/types\/post"}],"author":[{"embeddable":true,"href":"https:\/\/www.slatina.hr\/portal\/wp-json\/wp\/v2\/users\/5"}],"replies":[{"embeddable":true,"href":"https:\/\/www.slatina.hr\/portal\/wp-json\/wp\/v2\/comments?post=110553"}],"version-history":[{"count":3,"href":"https:\/\/www.slatina.hr\/portal\/wp-json\/wp\/v2\/posts\/110553\/revisions"}],"predecessor-version":[{"id":110593,"href":"https:\/\/www.slatina.hr\/portal\/wp-json\/wp\/v2\/posts\/110553\/revisions\/110593"}],"wp:featuredmedia":[{"embeddable":true,"href":"https:\/\/www.slatina.hr\/portal\/wp-json\/wp\/v2\/media\/110554"}],"wp:attachment":[{"href":"https:\/\/www.slatina.hr\/portal\/wp-json\/wp\/v2\/media?parent=110553"}],"wp:term":[{"taxonomy":"category","embeddable":true,"href":"https:\/\/www.slatina.hr\/portal\/wp-json\/wp\/v2\/categories?post=110553"},{"taxonomy":"post_tag","embeddable":true,"href":"https:\/\/www.slatina.hr\/portal\/wp-json\/wp\/v2\/tags?post=110553"}],"curies":[{"name":"wp","href":"https:\/\/api.w.org\/{rel}","templated":true}]}}