{"id":110550,"date":"2021-12-22T13:03:19","date_gmt":"2021-12-22T12:03:19","guid":{"rendered":"https:\/\/www.slatina.hr\/portal\/?p=110550"},"modified":"2021-12-22T13:03:19","modified_gmt":"2021-12-22T12:03:19","slug":"tzg-slatine-u-2022-godini-turistickom-sektoru-dodijelit-cemo-220-00000-kn-bespovratnih-sredstava","status":"publish","type":"post","link":"https:\/\/www.slatina.hr\/portal\/tzg-slatine-u-2022-godini-turistickom-sektoru-dodijelit-cemo-220-00000-kn-bespovratnih-sredstava\/","title":{"rendered":"TZG Slatine: U 2022. godini turisti\u010dkom sektoru dodijelit \u0107emo 220.000,00 kn bespovratnih sredstava"},"content":{"rendered":"<p>Na 4. sjednici Skup\u0161tine TZG Slatine odr\u017eanoj 20. prosinca 2021. godine, na prijedlog Turisti\u010dkog vije\u0107a i uz suglasnost nadle\u017ene regionalne turisti\u010dke zajednice, jednoglasno su usvojeni programski dokumenti, odnosno Program rada i financijski plan TZG Slatine za 2022. godinu. Sukladno novom Programu, aktivnosti \u0107e biti usmjerene na daljnje razvijanje klju\u010dnih manifestacija u gradu, pozicioniranje Slatine kao po\u017eeljne destinacije VP\u017d i Slavonije, dosljednoj promociji na temeljima novoizra\u0111enog Komunikacijskog koncepta \u2013 ali i zna\u010dajnim ulaganjima u podr\u0161ku turisti\u010dkoj infrastrukturi.<\/p>\n<p>\u201eU prvom kvartalu 2022. godine raspisat \u0107emo Javni poziv za dodjelu bespovratnih sredstava u ukupnom iznosu od 220.000,00 kn, s naglaskom na privatne iznajmljiva\u010de smje\u0161taja koji \u0107e biti u prilici ostvariti sufinanciranje svojih projekata u iznosu od 70 % ili do maksimalnog iznosa koji \u0107emo propisati. Uzimaju\u0107i u obzir da je na podru\u010dju Slatine registrirano \u0161est privatnih iznajmljiva\u010da s ukupno 65 kreveta, novac koji \u0107emo dodjeljivati ni u kom slu\u010daju nije zanemariv, a ukoliko se maksimalno ne iskoristi, preusmjerit \u0107emo ga na ostale ugostitelje. Projekti koje \u0107emo podupirati odnose se prvenstveno na obnovu, rekonstrukciju i opremanje postoje\u0107ih smje\u0161tajnih kapaciteta te ure\u0111enje dodatnih sadr\u017eaja koji na\u0161im iznajmljiva\u010dima kroni\u010dno nedostaju, a u \u0161to svakako ulaze i izgradnja bazena, sauna, sportsko-rekreacijskih i zabavnih sadr\u017eaja, kao i sadr\u017eaja za djecu. Ovim potezom \u017eelimo podi\u0107i kvalitetu smje\u0161tajnih kapaciteta, kao i pokazati da TZG Slatine svoju budu\u0107nost \u017eeli graditi na snazi svojih \u010dlanova i ulo\u017eiti maksimalne napore ka opravdanju svog postojanja jer mi nismo i ne smijemo biti isklju\u010divo ured za manifestacije. Sav trud oko unapre\u0111enja internog okru\u017eenja, racionalizacije i unapre\u0111enja poslovanja, njegovanja poduzetni\u010dkog pristupa i \u010dvrstih poslovnih odnosa konkretno \u0107e osjetiti na\u0161i \u010dlanovi, na \u0161to sam posebno ponosan! Ipak se ovdje radi o novcu koji dolazi iz vlastitih sredstava TZG Slatine. Ali, tu ne\u0107emo stati. Imamo jasnu viziju kakva organizacija \u017eelimo biti.\u201c \u2013 rekao je Jurica Bosak, direktor TZG Slatine.<\/p>\n<p>Iz TZG Slatine isti\u010du da je pomo\u0107 Grada Slatine, koji u velikoj mjeri sufinancira projekte i samo funkcioniranje TZG Slatine, od egzistencijalne va\u017enosti za njihovu organizaciju i provedbu aktivnosti. Grad Slatina je definitivno najva\u017eniji partner i podupire novu \u201epolitiku\u201c upravljanja Turisti\u010dkom zajednicom, ali i shva\u0107a koliki je zna\u010daj Turisti\u010dke zajednice na na\u0161em podru\u010dju jer ve\u0107ina aktivnosti odnosi se na javne interese i razvoj turizma, ali i slatinskog gospodarstva koje je vlasnik TZG Slatine.<\/p>\n<p>\u201eDrago nam je \u0161to imamo podr\u0161ku gradona\u010delnika i njegove administracije, ali i na\u0161ih istaknutih \u010dlanova koji su u tijelima TZG Slatine i, bez obzira na brojne poslovne obveze, odvajaju svoje vrijeme kako bi radili na svim ovim pozitivnim promjenama koje smo zajedni\u010dkim snagama proveli. Jo\u0161 vi\u0161e mi je drago \u0161to se stvorila poticajna atmosfera vezana za pripremu budu\u0107ih projekata koji \u0107e pove\u0107ati turisti\u010dki interes za Slatinu, ali i pobolj\u0161ati kvalitetu \u017eivota na\u0161ih sugra\u0111ana, a iza\u0161li su kao inicijativa upravo iz na\u0161eg ureda. O njima \u0107e vam, vjerujem uskoro, govoriti na\u0161 Predsjednik zajednice, odnosno gradona\u010delnik. U svakom slu\u010daju, imamo razloga za optimizam.\u201c \u2013 zaklju\u010dio je Bosak i jo\u0161 jednom u ime svih \u010dlanova TZG Slatine po\u017eelio sugra\u0111anima sretan i blagoslovljen Bo\u017ei\u0107 i uspje\u0161nu novu 2022. godinu.<\/p>\n<p>Poveznica na Program rada:&nbsp;<a href=\"https:\/\/www.tz-slatina.hr\/wp-content\/uploads\/2021\/12\/Program-rada-i-financijski-plan-za-2022.-godinu.pdf\" target=\"_blank\" rel=\"noopener\">https:\/\/www.tz-slatina.hr\/wp-content\/uploads\/2021\/12\/Program-rada-i-financijski-plan-za-2022.-godinu.pdf<\/a>.<br \/>\n(mf\/Izvor: TZG Slatine)<\/p>\n<p><img loading=\"lazy\" decoding=\"async\" class=\"alignnone size-full wp-image-229578\" src=\"https:\/\/www.radioslatina.hr\/wp-content\/uploads\/2021\/12\/Program-rada.jpg\" sizes=\"auto, (max-width: 1560px) 100vw, 1560px\" srcset=\"https:\/\/www.radioslatina.hr\/wp-content\/uploads\/2021\/12\/Program-rada.jpg 1560w, https:\/\/www.radioslatina.hr\/wp-content\/uploads\/2021\/12\/Program-rada-768x463.jpg 768w, https:\/\/www.radioslatina.hr\/wp-content\/uploads\/2021\/12\/Program-rada-1536x926.jpg 1536w, https:\/\/www.radioslatina.hr\/wp-content\/uploads\/2021\/12\/Program-rada-780x470.jpg 780w\" alt=\"\" width=\"1560\" height=\"940\"><\/p>\n","protected":false},"excerpt":{"rendered":"<p>Na 4. sjednici Skup\u0161tine TZG Slatine odr\u017eanoj 20. prosinca 2021. godine, na prijedlog Turisti\u010dkog vije\u0107a i uz suglasnost nadle\u017ene regionalne turisti\u010dke zajednice, jednoglasno su usvojeni<span class=\"excerpt-hellip\"> [\u2026]<\/span><\/p>\n","protected":false},"author":5,"featured_media":110551,"comment_status":"closed","ping_status":"closed","sticky":false,"template":"","format":"standard","meta":{"ngg_post_thumbnail":0,"footnotes":""},"categories":[136,137],"tags":[],"class_list":["post-110550","post","type-post","status-publish","format-standard","has-post-thumbnail","hentry","category-grad-slatina","category-naslovnica"],"_links":{"self":[{"href":"https:\/\/www.slatina.hr\/portal\/wp-json\/wp\/v2\/posts\/110550","targetHints":{"allow":["GET"]}}],"collection":[{"href":"https:\/\/www.slatina.hr\/portal\/wp-json\/wp\/v2\/posts"}],"about":[{"href":"https:\/\/www.slatina.hr\/portal\/wp-json\/wp\/v2\/types\/post"}],"author":[{"embeddable":true,"href":"https:\/\/www.slatina.hr\/portal\/wp-json\/wp\/v2\/users\/5"}],"replies":[{"embeddable":true,"href":"https:\/\/www.slatina.hr\/portal\/wp-json\/wp\/v2\/comments?post=110550"}],"version-history":[{"count":1,"href":"https:\/\/www.slatina.hr\/portal\/wp-json\/wp\/v2\/posts\/110550\/revisions"}],"predecessor-version":[{"id":110552,"href":"https:\/\/www.slatina.hr\/portal\/wp-json\/wp\/v2\/posts\/110550\/revisions\/110552"}],"wp:featuredmedia":[{"embeddable":true,"href":"https:\/\/www.slatina.hr\/portal\/wp-json\/wp\/v2\/media\/110551"}],"wp:attachment":[{"href":"https:\/\/www.slatina.hr\/portal\/wp-json\/wp\/v2\/media?parent=110550"}],"wp:term":[{"taxonomy":"category","embeddable":true,"href":"https:\/\/www.slatina.hr\/portal\/wp-json\/wp\/v2\/categories?post=110550"},{"taxonomy":"post_tag","embeddable":true,"href":"https:\/\/www.slatina.hr\/portal\/wp-json\/wp\/v2\/tags?post=110550"}],"curies":[{"name":"wp","href":"https:\/\/api.w.org\/{rel}","templated":true}]}}