{"id":110383,"date":"2021-12-14T18:52:06","date_gmt":"2021-12-14T17:52:06","guid":{"rendered":"https:\/\/www.slatina.hr\/portal\/?p=110383"},"modified":"2021-12-14T18:52:06","modified_gmt":"2021-12-14T17:52:06","slug":"odrzana-zavrsna-konferencija-projekta-grada-slatine-slatino-zazeli","status":"publish","type":"post","link":"https:\/\/www.slatina.hr\/portal\/odrzana-zavrsna-konferencija-projekta-grada-slatine-slatino-zazeli\/","title":{"rendered":"Odr\u017eana zavr\u0161na konferencija projekta Grada Slatine \u201eSlatino, za\u017eeli!\u201c"},"content":{"rendered":"<p>Danas je u prostoru EPIcentra Sequoia Slatina odr\u017eana zavr\u0161na konferencija projekta Grada Slatine pod nazivom \u201eSlatino, za\u017eeli!\u201c (UP.02.1.1.05.0222) koji se financira bespovratnim sredstvima Europskog socijalnog fonda iz Operativnog programa U\u010dinkoviti ljudski potencijali 2014.-2020., prema pozivu za dostavu projektnih prijedloga \u201eZa\u017eeli \u2013 program zapo\u0161ljavanja \u017eena\u201c, kojoj su uz gradona\u010delnika Grada Slatine Denisa Ostro\u0161i\u0107a sa suradnicima nazo\u010dili i predstavnici partnera na projektu, predstavnici gradskih institucija i \u017eene koje su bile zaposlene u sklopu ovoga projekta ukupne vrijednosti 3.613.893,17 kn.<\/p>\n<p><img loading=\"lazy\" decoding=\"async\" class=\"wp-image-228862 alignleft\" src=\"https:\/\/www.radioslatina.hr\/wp-content\/uploads\/2021\/12\/IMG_3499_1024x683.jpg\" sizes=\"auto, (max-width: 300px) 100vw, 300px\" srcset=\"https:\/\/www.radioslatina.hr\/wp-content\/uploads\/2021\/12\/IMG_3499_1024x683.jpg 1024w, https:\/\/www.radioslatina.hr\/wp-content\/uploads\/2021\/12\/IMG_3499_1024x683-768x512.jpg 768w\" alt=\"\" width=\"300\" height=\"200\">Nazo\u010dne je na po\u010detku konferencije pozdravila voditeljica projekta Marija Fumi\u0107 koja je potom odr\u017eala kratku prezentaciju te upoznala nazo\u010dne s provedenim aktivnostima tijekom proteklih 30 mjeseci koliko je trajao projekt.<\/p>\n<p>Projekt \u201eSlatino, za\u017eeli!\u201c napisan je u suradnji s Gradskom razvojnom agencijom Slatine, a partneri na projektu su Hrvatski zavod za zapo\u0161ljavanje, Podru\u010dni ured Virovitica, Centar za socijalnu skrb Slatina i Udruga osoba s invaliditetom Slatina.<\/p>\n<p>Ugovor o dodjeli bespovratnih sredstava dodijeljen je 18. lipnja 2019. godine \u0161to se smatra i slu\u017ebenim po\u010detkom projekta koji je omogu\u0107io zapo\u0161ljavanje 21 \u017eene koje su pro\u0161le slu\u017ebeni te\u010daj za gerontodoma\u0107ice te na taj na\u010din stekle sve kompetencije i vje\u0161tine za pomo\u0107 starijim osobama.<br \/>\nU po\u010detku svaka se \u017eena skrbila za 5 krajnjih korisnika no prema ukazanoj potrebi taj se broj pove\u0107ao na 6 do 8 korisnika, starijih i osoba u nepovoljnom polo\u017eaju kojima je potrebna pomo\u0107 u obavljanju svakodnevnih aktivnosti, kao i pratnja i pomo\u0107 u njihovoj socijalnoj integraciji, \u010dime je u kona\u010dnici pove\u0107ana razina kvalitete njihova \u017eivota, a \u0161to je uz zapo\u0161ljavanje \u017eena iz te\u017ee zapo\u0161ljivih skupina dru\u0161tva \u010dime je pove\u0107ana njihova konkurentnost na tr\u017ei\u0161tu rada, i cilj ovoga projekta.<\/p>\n<p>Kroz prikazane rezultate provedene ankete me\u0111u korisnicima projekta vidljivo je da je rad \u017eena ocijenjen s odli\u010dnim te da su krajnji korisnici bili zadovoljni pru\u017eenom uslugom. &nbsp;<\/p>\n<p><img loading=\"lazy\" decoding=\"async\" class=\"alignnone size-full wp-image-228863\" src=\"https:\/\/www.radioslatina.hr\/wp-content\/uploads\/2021\/12\/IMG_3519_1024x683.jpg\" sizes=\"auto, (max-width: 1024px) 100vw, 1024px\" srcset=\"https:\/\/www.radioslatina.hr\/wp-content\/uploads\/2021\/12\/IMG_3519_1024x683.jpg 1024w, https:\/\/www.radioslatina.hr\/wp-content\/uploads\/2021\/12\/IMG_3519_1024x683-768x512.jpg 768w\" alt=\"\" width=\"1024\" height=\"683\"><\/p>\n<p>\u2013 Nadam se da smo u ovih 30 mjeseci ispunili cilj projekta i da su 24 mjeseca aktivnog rada \u017eena doprinijele tome da se na\u0161i krajnji korisnici osje\u0107aju sretno i zadovoljno i da smo im barem malo vratili nadu u bolje sutra, olak\u0161ali obavljanje svakodnevnih poslova, te u tom periodu bili velika podr\u0161ka, od odlaska u trgovinu, pomo\u0107i u obavljanju higijene dnevnog boravka kao i razgovor koji je korisnicima bio od velike va\u017enosti u ostvarivanju boljeg dru\u0161tvenog \u017eivota, \u2013 rekla je voditeljica projekta Marija Fumi\u0107 te dodala:<\/p>\n<p>\u2013 Pred kraj projekta, primila sam mnogo poziva gdje su se korisnici zahvalili na pru\u017eenoj pomo\u0107i, no isto tako iskazali su strah kako \u0107e se nositi sa svakodnevnim izazovima i obavezama bez pomo\u0107i ovih vrijednih \u017eena. Na tragu toga nadam se da \u0107e projekt imati svoj nastavak te da \u0107e Grad Slatina kroz projekt \u201eSlatino, za\u017eeli 2!\u201c imati priliku i dalje pomagati svojim starijim i nemo\u0107nim sugra\u0111anima, \u2013 zaklju\u010dila je voditeljica Fumi\u0107.<\/p>\n<p><img loading=\"lazy\" decoding=\"async\" class=\"wp-image-228864 alignright\" src=\"https:\/\/www.radioslatina.hr\/wp-content\/uploads\/2021\/12\/IMG_3551_1024x683.jpg\" sizes=\"auto, (max-width: 300px) 100vw, 300px\" srcset=\"https:\/\/www.radioslatina.hr\/wp-content\/uploads\/2021\/12\/IMG_3551_1024x683.jpg 1024w, https:\/\/www.radioslatina.hr\/wp-content\/uploads\/2021\/12\/IMG_3551_1024x683-768x512.jpg 768w\" alt=\"\" width=\"300\" height=\"200\">Zadovoljstvo na kvalitetnoj provedbi projekta izrazio je predstojnik Hrvatskog zavoda za zapo\u0161ljavanje, Podru\u010dnog ureda Virovitica Hrvoje Belobrk koji je tom prigodom posebne rije\u010di hvale uputio zaposlenim \u017eenama na izuzetno dobro obavljenom poslu koji bi mo\u017eda i ljudi koji profesionalno obavljaju takve poslove puno te\u017ee odradili. Isto tako izrazio je nadu da \u0107e im ste\u010dene kompetencije kroz projekt pomo\u0107i u pronalasku novog zaposlenja.<\/p>\n<p>Zaklju\u010dnu rije\u010d na zavr\u0161noj konferenciji projekta \u201eSlatino, za\u017eeli!\u201c dao je slatinski gradona\u010delnik Denis Ostro\u0161i\u0107 koji je tako\u0111er pohvalio provedbu projekta i besprijekoran rad zaposlenih \u017eena.<\/p>\n<p><img loading=\"lazy\" decoding=\"async\" class=\"wp-image-228865 alignleft\" src=\"https:\/\/www.radioslatina.hr\/wp-content\/uploads\/2021\/12\/IMG_3556_1024x683.jpg\" sizes=\"auto, (max-width: 300px) 100vw, 300px\" srcset=\"https:\/\/www.radioslatina.hr\/wp-content\/uploads\/2021\/12\/IMG_3556_1024x683.jpg 1024w, https:\/\/www.radioslatina.hr\/wp-content\/uploads\/2021\/12\/IMG_3556_1024x683-768x512.jpg 768w\" alt=\"\" width=\"300\" height=\"200\">\u2013 Prije svega zahvaljujem voditeljici projekta Mariji Fumi\u0107 koja je vrlo kvalitetno odradila svoj posao i vrlo se emotivno vezala za ovaj projekt, odnosno uz \u017eive ljude, uz vas drage \u017eene koje ste sve ove mjesece bile direktan kontakt s ljudima, na\u0161im starijim i nemo\u0107nim sugra\u0111anima iz Slatine i prigradskih naselja i to je jedna velika stvar za Slatinu. Vjerujem da ste i vi narasli kao osobe u toj interakciji, jer ste jako puno pomogle i u te domove donijeli svjetlo. Bojim se da \u0107e zavr\u0161etkom ovoga projekta to svjetlo samo treperiti i svi \u0107e ti ljudi biti u neizvjesnosti dok se ne aktivira \u201eSlatino, za\u017eeli 2!\u201c. Nadam se da do tada ne\u0107emo morati predugo \u010dekati, a Grad Slatina \u0107e novi natje\u010daj do\u010dekati spremno sa svom potrebnom dokumentacijom, \u2013 rekao je gradona\u010delnik Ostro\u0161i\u0107 te jo\u0161 jednom izrazio rije\u010di hvale svima uklju\u010denima u projekt:<\/p>\n<p>\u2013 Jako ste puno napravile za ljude koji su sami i nemo\u0107ni i znam da \u0107e im ovi naredni mjeseci biti jako te\u0161ki. Vama se drage \u017eene zahvaljujem na svemu i nadam se novoj suradnji, a veliko hvala i djelatnicima Grada Slatine koji su tako\u0111er pomogli provedbu projekta, od pro\u010delnika Upravnog odjela za razvoj Grada Marina Kokori\u0107a, njegove pomo\u0107nice za projekte Anite Rastija, vi\u0161eg stru\u010dnog suradnika za gospodarstvo i projekte Jurice Culeja i voditelja odsjeka za komunalni sustav Vjekoslava Hessa, do svih gradskih institucija koje su nam maksimalno izlazile u susret, \u2013 zaklju\u010dio je gradona\u010delnik Ostro\u0161i\u0107, te na kraju za\u017eeljev\u0161i \u010destit i blagoslovljen Bo\u017ei\u0107 i uspje\u0161nu novu 2022. godinu uz obilje ljubavi, zdravlja i veselja, \u017eenama uru\u010dio ru\u017ee i zahvalnice za doprinos u realizaciji projekta. (mf\/Foto: Mihaela Feldi)<img loading=\"lazy\" decoding=\"async\" class=\"size-full wp-image-171570 aligncenter\" src=\"https:\/\/www.radioslatina.hr\/wp-content\/uploads\/2019\/10\/ESF-lenta-logo.png\" alt=\"\" width=\"508\" height=\"194\"><\/p>\n<p>&nbsp; &nbsp; &nbsp; &nbsp; &nbsp; &nbsp; &nbsp; &nbsp; &nbsp; &nbsp; &nbsp; &nbsp; &nbsp; &nbsp; &nbsp; &nbsp; &nbsp; &nbsp; &nbsp; &nbsp; &nbsp;<img loading=\"lazy\" decoding=\"async\" class=\"alignnone size-full wp-image-228866\" src=\"https:\/\/www.radioslatina.hr\/wp-content\/uploads\/2021\/12\/20211214_112938_1024x768.jpg\" sizes=\"auto, (max-width: 1024px) 100vw, 1024px\" srcset=\"https:\/\/www.radioslatina.hr\/wp-content\/uploads\/2021\/12\/20211214_112938_1024x768.jpg 1024w, https:\/\/www.radioslatina.hr\/wp-content\/uploads\/2021\/12\/20211214_112938_1024x768-768x576.jpg 768w\" alt=\"\" width=\"1024\" height=\"768\"><\/p>\nngg_shortcode_0_placeholder\n","protected":false},"excerpt":{"rendered":"<p>Danas je u prostoru EPIcentra Sequoia Slatina odr\u017eana zavr\u0161na konferencija projekta Grada Slatine pod nazivom \u201eSlatino, za\u017eeli!\u201c (UP.02.1.1.05.0222) koji se financira bespovratnim sredstvima Europskog socijalnog<span class=\"excerpt-hellip\"> [\u2026]<\/span><\/p>\n","protected":false},"author":5,"featured_media":110405,"comment_status":"closed","ping_status":"closed","sticky":false,"template":"","format":"standard","meta":{"ngg_post_thumbnail":0,"footnotes":""},"categories":[136,137,198],"tags":[],"class_list":["post-110383","post","type-post","status-publish","format-standard","has-post-thumbnail","hentry","category-grad-slatina","category-naslovnica","category-projekt-slatino-zazeli"],"_links":{"self":[{"href":"https:\/\/www.slatina.hr\/portal\/wp-json\/wp\/v2\/posts\/110383","targetHints":{"allow":["GET"]}}],"collection":[{"href":"https:\/\/www.slatina.hr\/portal\/wp-json\/wp\/v2\/posts"}],"about":[{"href":"https:\/\/www.slatina.hr\/portal\/wp-json\/wp\/v2\/types\/post"}],"author":[{"embeddable":true,"href":"https:\/\/www.slatina.hr\/portal\/wp-json\/wp\/v2\/users\/5"}],"replies":[{"embeddable":true,"href":"https:\/\/www.slatina.hr\/portal\/wp-json\/wp\/v2\/comments?post=110383"}],"version-history":[{"count":1,"href":"https:\/\/www.slatina.hr\/portal\/wp-json\/wp\/v2\/posts\/110383\/revisions"}],"predecessor-version":[{"id":110406,"href":"https:\/\/www.slatina.hr\/portal\/wp-json\/wp\/v2\/posts\/110383\/revisions\/110406"}],"wp:featuredmedia":[{"embeddable":true,"href":"https:\/\/www.slatina.hr\/portal\/wp-json\/wp\/v2\/media\/110405"}],"wp:attachment":[{"href":"https:\/\/www.slatina.hr\/portal\/wp-json\/wp\/v2\/media?parent=110383"}],"wp:term":[{"taxonomy":"category","embeddable":true,"href":"https:\/\/www.slatina.hr\/portal\/wp-json\/wp\/v2\/categories?post=110383"},{"taxonomy":"post_tag","embeddable":true,"href":"https:\/\/www.slatina.hr\/portal\/wp-json\/wp\/v2\/tags?post=110383"}],"curies":[{"name":"wp","href":"https:\/\/api.w.org\/{rel}","templated":true}]}}