{"id":109657,"date":"2021-11-15T09:19:38","date_gmt":"2021-11-15T08:19:38","guid":{"rendered":"https:\/\/www.slatina.hr\/portal\/?p=109657"},"modified":"2021-11-15T09:19:38","modified_gmt":"2021-11-15T08:19:38","slug":"fotogalerija-pozeski-biskup-dr-antun-skvorcevic-posvetio-crkvu-bl-ivana-merza-u-slatini","status":"publish","type":"post","link":"https:\/\/www.slatina.hr\/portal\/fotogalerija-pozeski-biskup-dr-antun-skvorcevic-posvetio-crkvu-bl-ivana-merza-u-slatini\/","title":{"rendered":"Fotogalerija: Po\u017ee\u0161ki biskup, dr. Antun \u0160kvor\u010devi\u0107 posvetio crkvu bl. Ivana Merza u Slatini"},"content":{"rendered":"<p>Po\u017ee\u0161ki biskup, dr. Antun \u0160kvor\u010devi\u0107, ju\u010der je u slatinskoj crkvi bl. Ivana Merza u zajedni\u0161tvu sa sve\u0107enicima Slatinskog dekanata i Slavonsko-podravskog arhi\u0111akonata, predvo\u0111eni \u017eupnikom i dekanom Slatinskog dekanata pre\u010d. Draganom Hrgi\u0107em i arhi\u0111akonom msgr. Vladimirom \u0160krinjari\u0107em, predslavio sve\u010dano euharistijsko slavlje tijekom kojega je posvetio prostor crkve i njezin oltar.<\/p>\n<p><img loading=\"lazy\" decoding=\"async\" class=\"alignnone size-full wp-image-225796\" src=\"https:\/\/www.radioslatina.hr\/wp-content\/uploads\/2021\/11\/IMG_8670_1024x683.jpg\" sizes=\"auto, (max-width: 1024px) 100vw, 1024px\" srcset=\"https:\/\/www.radioslatina.hr\/wp-content\/uploads\/2021\/11\/IMG_8670_1024x683.jpg 1024w, https:\/\/www.radioslatina.hr\/wp-content\/uploads\/2021\/11\/IMG_8670_1024x683-768x512.jpg 768w\" alt=\"\" width=\"1024\" height=\"683\"><\/p>\n<p>Povijesni je to doga\u0111aj za grad Slatinu, \u017dupu bl. Ivana Merza i cijeli slatinski kraj koji se do\u017eivi jednom u \u017eivotu. Rekao je to \u017eupnik \u017dupe bl. Ivana Merza, pre\u010d. Nikola Ju\u0161i\u0107 za\u017eeljev\u0161i biskupu dobrodo\u0161licu u ovoj sve\u010danoj prigodi. Pozdravio je i brojne \u017eupljane obiju slatinskih \u017eupa koji su do\u0161li svjedo\u010diti ovom radosnom trenutku, kao i uva\u017eene goste me\u0111u kojima su se na\u0161li predsjednik Gradskog vije\u0107a Grada Slatine Damir Jak\u0161i\u0107 i slatinski gradona\u010delnik Denis Ostro\u0161i\u0107, zatim protojerej Dragan Ga\u0107e\u0161a, paroh slatinski, te slatinske \u010dasne sestre Dru\u017ebe Presvetog Srca Isusova predvo\u0111ene svojom vrhovnom predstojnicom s. Dobroslavom Mlaki\u0107 iz Rijeke kao i \u010dasne sestre Dru\u017ebe sestara Slu\u017eavki Maloga Isusa iz Vo\u0107ina.<\/p>\n<p><img loading=\"lazy\" decoding=\"async\" class=\"wp-image-225797 alignleft\" src=\"https:\/\/www.radioslatina.hr\/wp-content\/uploads\/2021\/11\/IMG_8596_1024x683.jpg\" sizes=\"auto, (max-width: 300px) 100vw, 300px\" srcset=\"https:\/\/www.radioslatina.hr\/wp-content\/uploads\/2021\/11\/IMG_8596_1024x683.jpg 1024w, https:\/\/www.radioslatina.hr\/wp-content\/uploads\/2021\/11\/IMG_8596_1024x683-768x512.jpg 768w\" alt=\"\" width=\"300\" height=\"200\">\u2013 O\u010de biskupe, prije 8 godina na blagdan bl. Ivana Merza o desetoj obljetnici \u017dupe predslavili ste svetu misu i blagoslovili gradili\u0161te \u017eupne crkve. Te iste 2013. godine na blagdan Uzvi\u0161enja sv. Kri\u017ea ugradili ste kamen temeljac koji je o svom pohodu Republici Hrvatskoj blagoslovio papa Benedikt XVI.<br \/>\nNa spomen Majke Bo\u017eje Bistri\u010dke zapo\u010dela je gradnja ove crkve \u010diju posvetu slavimo na \u010dast Trojedinom Bogu i bl. Ivanu Merzu.<br \/>\nProjekt za crkvu izradio je projektant Boris Vu\u010di\u0107 \u0160neperger koji je crkvu zamislio kao jednu veliku la\u0111u koja se usidrila u Slatini da bi u svojoj \u010disto\u0107i prostora primila sve koji \u017eele krenuti s Kristom Gospodinom po primjeru bl. Ivana Merza, \u2013 istaknuo je pre\u010d. Ju\u0161i\u0107 te se zahvalio predstavnicima tvrtke Gra\u0111enje Markovi\u0107 iz Grabi\u0107a koja je bila izvo\u0111a\u010d radova na izgradnji crkve, te svima koji su svojim darovima omogu\u0107ili istu. Tu je posebno istaknuo Po\u017ee\u0161ku biskupiju, pok. kanonika, pre\u010dasnog Milana Balenovi\u0107a, te Viroviti\u010dko-podravsku \u017eupaniju i Grad Slatinu, a ponajvi\u0161e se s ponosom zahvalio svojim \u017eupljanima.<\/p>\n<p><img loading=\"lazy\" decoding=\"async\" class=\"wp-image-225798 alignright\" src=\"https:\/\/www.radioslatina.hr\/wp-content\/uploads\/2021\/11\/IMG_8496_1024x683.jpg\" sizes=\"auto, (max-width: 300px) 100vw, 300px\" srcset=\"https:\/\/www.radioslatina.hr\/wp-content\/uploads\/2021\/11\/IMG_8496_1024x683.jpg 1024w, https:\/\/www.radioslatina.hr\/wp-content\/uploads\/2021\/11\/IMG_8496_1024x683-768x512.jpg 768w\" alt=\"\" width=\"300\" height=\"200\">\u2013 Svatko od njih ugradio je svoj kamen\u010di\u0107 ili kamen u ovo zdanje, a o tome ne &nbsp;svjedo\u010de samo zidovi, nego i zvona, toranjski sat, oltar i ambon, kri\u017eni put, svetohrani\u0161te, rasvjeta\u2026, te okoli\u0161 crkve.<br \/>\nKako danas ne biti zahvalan ponajprije dobrom Bogu, Bla\u017eenoj Djevici Mariji, Bla\u017eenom Ivanu Merzu, a onda i svakoj du\u0161i, na\u0161a je hvala malena ali je molitva jaka, \u2013 istaknuo je u svojoj zahvali pre\u010d. Nikola Ju\u0161i\u0107 prisjetiv\u0161i se i svih onih koji i danas poma\u017eu i aktivno sudjeluju u \u017eivotu ove \u017dupe.<br \/>\nNa kraju se zahvalio po\u017ee\u0161kom biskupu mons. Antunu \u0160kvor\u010devi\u0107u koji je 22. lipnja 2003. godine na dan beatifikacije bl. Ivana Merza, osnovao novu \u017eupu u Slatini pod za\u0161titom ovog bla\u017eenika, te inicirao izgradnju crkve.<\/p>\n<p>Biskup \u0160kvor\u010devi\u0107 pridru\u017eio se spomenutim pozdravima i zahvalama, te \u010destitao svima na sve\u010danosti posvete ove crkve koja je znak \u017eive Crkve u Slatini koju \u010dine srca njezinih vjernika.<\/p>\n<p>Govore\u0107i u homiliji o Isusu Kristu kao pobjedniku nad smr\u0107u i klju\u010du dovr\u0161enja svijeta pojasnio je zna\u010denje oltara, ambona i sredi\u0161njeg sjedala, kao tri velika znaka u svakoj crkvi, a kojima slavimo pobjedu nad smr\u0107u u Isusu Kristu.<\/p>\n<p>Osvrnuv\u0161i se na posvetu crkve istaknuo je kako Bo\u017eja rije\u010d navije\u0161ta Bo\u017eja djela, a ovakav prostor, ova crkva je dostojna takvoga slavlja.<\/p>\n<p><img loading=\"lazy\" decoding=\"async\" class=\"alignnone size-full wp-image-225799\" src=\"https:\/\/www.radioslatina.hr\/wp-content\/uploads\/2021\/11\/IMG_8477_1024x683.jpg\" sizes=\"auto, (max-width: 1024px) 100vw, 1024px\" srcset=\"https:\/\/www.radioslatina.hr\/wp-content\/uploads\/2021\/11\/IMG_8477_1024x683.jpg 1024w, https:\/\/www.radioslatina.hr\/wp-content\/uploads\/2021\/11\/IMG_8477_1024x683-768x512.jpg 768w\" alt=\"\" width=\"1024\" height=\"683\"><\/p>\n<p>\u2013 Kao \u0161to su oni u ono doba postavili i ambon i prona\u0161li \u017ertvenik kako bi svoje molitve i zahvalu prikazali i blagoslivljali Boga, tako i mi gradimo crkve da bi posvjedo\u010dili kako nam je u \u017eivotu prva Bo\u017eja rije\u010d i njegovo djelo.<br \/>\n<img loading=\"lazy\" decoding=\"async\" class=\"wp-image-225800 alignleft\" src=\"https:\/\/www.radioslatina.hr\/wp-content\/uploads\/2021\/11\/IMG_8809_1024x683.jpg\" sizes=\"auto, (max-width: 300px) 100vw, 300px\" srcset=\"https:\/\/www.radioslatina.hr\/wp-content\/uploads\/2021\/11\/IMG_8809_1024x683.jpg 1024w, https:\/\/www.radioslatina.hr\/wp-content\/uploads\/2021\/11\/IMG_8809_1024x683-768x512.jpg 768w\" alt=\"\" width=\"300\" height=\"200\">To da rije\u010d Bo\u017eja mo\u017ee i treba dirnuti, prosvijetliti, pokrenuti na\u0161e srce, to je izazovno, pokrenuti na\u0161e srce na dalekose\u017enije odluke negoli su one koje donosimo zbog bilo kojega ljudskog govora i razloga. Nema vam uzbudljivijeg doga\u0111aja nego \u010duti da te Bog voli i u Sinu svome Isusu Kristu preokrenuo tvoju sudbinu iz smrti u \u017eivot.<br \/>\nPrema dana\u0161njem evan\u0111elju na\u0161 je \u017eivot i cijela ljudska povijest i svemir u Bo\u017ejim rukama, \u2013 istaknuo je biskup \u0160kvor\u010devi\u0107 te se nadalje osvrnuo na zavr\u0161etak Konferencije UN-a o klimatskim promjenama u Glasgowu te na aktualne prijepore oko cijepljenja protiv Covida-19.&nbsp;<\/p>\n<p>Nakon homilije i Litanije Svih Svetih uslijedio je obred polaganja mo\u0107i bl. Ivana Merza (komadi\u0107 njegova smrtnog tijela) i Povelje posvete \u017eupne crkve, u novi oltar, zatim sve\u010dana posvetna molitva, pomazanje oltara i dvanaest kri\u017eeva svetim uljem, paljenje tamjana na oltaru i ka\u0111enje crkve, ure\u0161avanje oltara, paljenje svije\u0107a na oltaru i obasjavanje svjetlom cijeloga zdanja te prvi euharistijski prinos na novoposve\u0107enom oltaru.<\/p>\n<p>Na kraju sve\u010danog misnog slavlja koje je uveli\u010dao \u017eupni zbor pod ravnanjem voditelja istoga Darija Vrbaslije, po\u017ee\u0161ki biskup, msgr. Antun \u0160kvor\u010devi\u0107 jo\u0161 jednom je \u017eupniku Ju\u0161i\u0107u i svim \u017eupljanima \u010destitao na posveti crkve naglasiv\u0161i kako ovdje nedostaje \u017eupni dom u nadi da se ne\u0107e dugo \u010dekati da se i to ostvari, te se zahvalio msgr. Vladimiru \u0160krinjari\u0107u koji je \u017dupi bl. Ivana Merza darovao ku\u0107u u kojoj trenuta\u010dno boravi \u017eupnik Ju\u0161i\u0107.<\/p>\n<p>Sve\u010danost posvete crkve bl. Ivana Merza zavr\u0161ila je dru\u017eenjem vjernika na novoure\u0111enom platou ispred crkve.<br \/>\n(www.radioslatina.hr)<\/p>\nngg_shortcode_0_placeholder\n","protected":false},"excerpt":{"rendered":"<p>Po\u017ee\u0161ki biskup, dr. Antun \u0160kvor\u010devi\u0107, ju\u010der je u slatinskoj crkvi bl. Ivana Merza u zajedni\u0161tvu sa sve\u0107enicima Slatinskog dekanata i Slavonsko-podravskog arhi\u0111akonata, predvo\u0111eni \u017eupnikom i<span class=\"excerpt-hellip\"> [\u2026]<\/span><\/p>\n","protected":false},"author":5,"featured_media":109729,"comment_status":"closed","ping_status":"closed","sticky":false,"template":"","format":"standard","meta":{"ngg_post_thumbnail":0,"footnotes":""},"categories":[136,137],"tags":[],"class_list":["post-109657","post","type-post","status-publish","format-standard","has-post-thumbnail","hentry","category-grad-slatina","category-naslovnica"],"_links":{"self":[{"href":"https:\/\/www.slatina.hr\/portal\/wp-json\/wp\/v2\/posts\/109657","targetHints":{"allow":["GET"]}}],"collection":[{"href":"https:\/\/www.slatina.hr\/portal\/wp-json\/wp\/v2\/posts"}],"about":[{"href":"https:\/\/www.slatina.hr\/portal\/wp-json\/wp\/v2\/types\/post"}],"author":[{"embeddable":true,"href":"https:\/\/www.slatina.hr\/portal\/wp-json\/wp\/v2\/users\/5"}],"replies":[{"embeddable":true,"href":"https:\/\/www.slatina.hr\/portal\/wp-json\/wp\/v2\/comments?post=109657"}],"version-history":[{"count":1,"href":"https:\/\/www.slatina.hr\/portal\/wp-json\/wp\/v2\/posts\/109657\/revisions"}],"predecessor-version":[{"id":109730,"href":"https:\/\/www.slatina.hr\/portal\/wp-json\/wp\/v2\/posts\/109657\/revisions\/109730"}],"wp:featuredmedia":[{"embeddable":true,"href":"https:\/\/www.slatina.hr\/portal\/wp-json\/wp\/v2\/media\/109729"}],"wp:attachment":[{"href":"https:\/\/www.slatina.hr\/portal\/wp-json\/wp\/v2\/media?parent=109657"}],"wp:term":[{"taxonomy":"category","embeddable":true,"href":"https:\/\/www.slatina.hr\/portal\/wp-json\/wp\/v2\/categories?post=109657"},{"taxonomy":"post_tag","embeddable":true,"href":"https:\/\/www.slatina.hr\/portal\/wp-json\/wp\/v2\/tags?post=109657"}],"curies":[{"name":"wp","href":"https:\/\/api.w.org\/{rel}","templated":true}]}}